{"id":1003,"date":"2021-04-25T14:29:05","date_gmt":"2021-04-25T12:29:05","guid":{"rendered":"https:\/\/www.pfarrei-elsendorf.de\/content\/?p=1003"},"modified":"2021-07-11T11:41:18","modified_gmt":"2021-07-11T09:41:18","slug":"gottesdienstordnung-vom-26-04-2021-16-05-2021","status":"publish","type":"post","link":"https:\/\/www.pfarrei-elsendorf.de\/content\/gottesdienstordnung-vom-26-04-2021-16-05-2021\/","title":{"rendered":"GOTTESDIENSTORDNUNG VOM 26.04.2021 \u2013 16.05.2021"},"content":{"rendered":"<p><strong>Wir feiern Gottesdienst:<\/strong><\/p>\n<p><strong>Dienstag, 27.04.\u00a0\u00a0\u00a0\u00a0\u00a0\u00a0\u00a0\u00a0\u00a0\u00a0\u00a0\u00a0\u00a0\u00a0\u00a0 Hl. Petrus Kanisius<\/strong><br \/>\nElsendorf<br \/>\n19:00 Uhr<br \/>\nLorenz Niedermeier f\u00fcr + Thomas Neubauer<br \/>\nFam. Kallm\u00fcnzer f\u00fcr + Maria Gallmeier<\/p>\n<p><strong>Mittwoch, 28.04.\u00a0\u00a0\u00a0\u00a0\u00a0\u00a0\u00a0\u00a0\u00a0\u00a0\u00a0\u00a0\u00a0\u00a0\u00a0 Hl. Peter Chanel<\/strong><br \/>\nElsendorf<br \/>\n17:00 Uhr\u00a0\u00a0\u00a0\u00a0\u00a0\u00a0 Sch\u00fclergottesdienst<br \/>\nMaria Werner f\u00fcr + Josefa Engl<\/p>\n<p><strong>Donnerstag, 29.04.\u00a0\u00a0\u00a0\u00a0\u00a0\u00a0\u00a0\u00a0\u00a0\u00a0 HL. KATHARINA VON SIENA<\/strong><br \/>\nMeilenhofen<br \/>\n19:00 Uhr<br \/>\nGeschwister Gr\u00fcnberger f\u00fcr + Vater z. Stbtg.<br \/>\nMaria Springer f\u00fcr + Mutter Antonie Sommerer<br \/>\nFam. Maria Springer f\u00fcr + Eltern Sommerer, Schwiegereltern Springer u. Angeh\u00f6rige<\/p>\n<p><strong>Samstag, 01.05.\u00a0\u00a0\u00a0\u00a0\u00a0\u00a0\u00a0\u00a0\u00a0\u00a0\u00a0\u00a0\u00a0\u00a0\u00a0\u00a0 MARIA, SCHUTZFRAU BAYERNS<\/strong><br \/>\nMaria Br\u00fcnnl<br \/>\n19:00 Uhr<br \/>\nMaiandacht des Frauenbundes im Freien<br \/>\n(Bei Regen in der Pfarrkirche Elsendorf)<\/p>\n<p>Berghausen<br \/>\n19:00 Uhr<br \/>\nFam. Schinagl zu Ehren der Maienk\u00f6nigin<br \/>\nFam. Ludwig Gschl\u00f6\u00dfl f\u00fcr + Eduard Weiher<br \/>\nKriegerverein Berghausen f\u00fcr + langj\u00e4hriges Mitglied Ludwig Hofbauer<br \/>\nFam. Konrad Gschl\u00f6\u00dfl f\u00fcr + Eduard Weiher<br \/>\nNeppl Elisabeth f\u00fcr + Mutter z. Stbtg.<\/p>\n<p><strong>Sonntag, 02.05.\u00a0\u00a0\u00a0\u00a0\u00a0\u00a0\u00a0\u00a0\u00a0\u00a0\u00a0\u00a0\u00a0\u00a0\u00a0\u00a0 5. SONNTAG DER OSTERZEIT<\/strong> \u00a0\u00a0\u00a0\u00a0\u00a0\u00a0\u00a0\u00a0\u00a0\u00a0\u00a0\u00a0\u00a0\u00a0\u00a0\u00a0\u00a0\u00a0 &#8211; Kollekte f. Kath. Jugendf\u00fcrsorge<br \/>\nElsendorf<br \/>\n09:00 Uhr<br \/>\nFam. Anna Lanzl f\u00fcr + Leni Jofer<br \/>\nFam. Maria Brunner f\u00fcr + Lorenz Enzmann<br \/>\nFam. Renate H\u00e4ckl f\u00fcr + Mutter z. Stbtg.<br \/>\nMartha Forster f\u00fcr + Ehemann z. Stbtg.<\/p>\n<p>Appersdorf<br \/>\n10:00 Uhr<br \/>\nErika Denocke u. Kinder f\u00fcr + Ehemann u. Vater<br \/>\nLeonhard Br\u00fccklmaier f\u00fcr + Schw\u00e4gerin Margot Wagner<br \/>\nAlfons Hilz f\u00fcr + Eltern<br \/>\nKinder f\u00fcr + Eltern Josef u. Paula Rienm\u00fcller<\/p>\n<p><strong>Dienstag, 04.05.\u00a0\u00a0\u00a0\u00a0\u00a0\u00a0\u00a0\u00a0\u00a0\u00a0\u00a0\u00a0\u00a0\u00a0\u00a0 Hl. Florian und heilige M\u00e4rtyrer v. Lorch<\/strong><br \/>\nElsendorf<br \/>\n19:00 Uhr<br \/>\nFam. Franz B\u00f6sl f\u00fcr + Zwillingsbruder Bernhard \u00a0z. Geburtstag<br \/>\nKriegerverein Elsendorf f\u00fcr + Mitgl. Bernhard B\u00f6sl<br \/>\nJosefine Kramschuster Bgh. f\u00fcr + Schwestern<\/p>\n<p><strong>Donnerstag, 06.05.\u00a0\u00a0\u00a0\u00a0\u00a0\u00a0\u00a0\u00a0\u00a0\u00a0 Donnerstag der 5. Osterwoche<\/strong><br \/>\nMeilenhofen<br \/>\n19:00 Uhr<br \/>\nFam. Josef u. Sophie Weinberger zu Ehren der Gottesmutter<br \/>\nMaria Deindl f\u00fcr + Schw\u00e4gerin Maria Sigl<br \/>\nBrigitte Amberger f\u00fcr + Geschwister Johann u. Sebastian u. Schwager Benno<\/p>\n<p><strong>Samstag, 08.05.\u00a0\u00a0\u00a0\u00a0\u00a0\u00a0\u00a0\u00a0\u00a0\u00a0\u00a0\u00a0\u00a0\u00a0\u00a0\u00a0 Samstag der 5. Osterwoche<\/strong><br \/>\nElsendorf<br \/>\n19:00 Uhr<br \/>\nFam. Georg Gschl\u00f6\u00dfl f\u00fcr + Erwin Prummer<br \/>\nFam. Josef Weinberger f\u00fcr + Anna Sp\u00f6ckner<br \/>\nBrigitte Amberger f\u00fcr + Onkel Lorenz Enzmann<\/p>\n<p><strong>Sonntag, 09.05.\u00a0\u00a0\u00a0\u00a0\u00a0\u00a0\u00a0\u00a0\u00a0\u00a0\u00a0\u00a0\u00a0\u00a0\u00a0\u00a0 6. SONNTAG DER OSTERZEIT<\/strong><br \/>\n&#8211; \u00a0 \u00a0 \u00a0 \u00a0 \u00a0 \u00a0 \u00a0 \u00a0 \u00a0 \u00a0 \u00a0 \u00a0 \u00a0 \u00a0 \u00a0 \u00a0 \u00a0 \u00a0 \u00a0 \u00a0 \u00a0 \u00a0 \u00a0 \u00a0 \u00a0 \u00a0 Kollekte f. d. \u00d6kumenischen Kirchentag<br \/>\nElsendorf<br \/>\n09:00 Uhr<br \/>\nElfriede Faltermeier f\u00fcr + Ehemann<br \/>\nFam. Ecker f\u00fcr + Anna K\u00f6gel und Leni Jofer<br \/>\nFam. Brigitte Mirlach f\u00fcr + Hermann Mirlach<\/p>\n<p>Appersdorf<br \/>\n10:00 Uhr<br \/>\nKarin Sommerer f\u00fcr + Inge Sommerer u.<br \/>\nWaltraud Edmaier z. Muttertag<br \/>\nSebastian Gabelsberger f\u00fcr + Eltern<br \/>\nFam. Ginzinger f\u00fcr + Roswitha Wegscheider und Angeh\u00f6rige<\/p>\n<p><strong>Dienstag, 11.05.\u00a0\u00a0\u00a0\u00a0\u00a0\u00a0\u00a0\u00a0\u00a0\u00a0\u00a0\u00a0\u00a0\u00a0\u00a0 Dienstag der 6. Osterwoche<\/strong><br \/>\nBerghausen<br \/>\n19:00 Uhr<br \/>\nFam. Ludwig u. Maria Gschl\u00f6\u00dfl f\u00fcr + M\u00fctter<br \/>\nMagdalena u. Maria z. Muttertag<br \/>\nFam. Konrad Gschl\u00f6\u00dfl f\u00fcr + Ludwig Hofbauer<br \/>\nErster lebendiger Rosenkranz f\u00fcr + Mitglied Ludwig Hofbauer<br \/>\nGeorg u. Beate Sirl f\u00fcr + Eduard Weiher<br \/>\nAngela Weiher mit Kindern f\u00fcr + Ehemann u. Vater<\/p>\n<p><strong>Mittwoch, 12.05.\u00a0\u00a0\u00a0\u00a0\u00a0\u00a0\u00a0\u00a0\u00a0\u00a0\u00a0\u00a0\u00a0\u00a0\u00a0 Hl. Nereus, hl. Achilleus u. Hl. Pankratius<\/strong><br \/>\nSt. Anton<br \/>\n19:00 Uhr<br \/>\nMarika Amesreiter f\u00fcr + Onkel u. Oma<\/p>\n<p><strong>Donnerstag, 13.05.\u00a0\u00a0\u00a0\u00a0\u00a0\u00a0\u00a0\u00a0\u00a0\u00a0 CHRISTI HIMMELFAHRT &#8211;<\/strong><br \/>\nElsendorf<br \/>\n09:00 Uhr<br \/>\nStiftsmesse Kreszenz Zieglmeier f\u00fcr + Ehemann, Sohn, Geschwister u. Verwandte<br \/>\nOtto u. Marianne Wendl f\u00fcr + Schwester Betty, Eltern u. Schwiegereltern<\/p>\n<p>Appersdorf<br \/>\n10:00 Uhr<br \/>\nAnna Hilz f\u00fcr + Tante Anni u. Renate<\/p>\n<p><strong>Samstag, 15.05.\u00a0\u00a0\u00a0\u00a0\u00a0\u00a0\u00a0\u00a0\u00a0\u00a0\u00a0\u00a0\u00a0\u00a0\u00a0\u00a0 Samstag der 6. Osterwoche<\/strong><br \/>\nElsendorf<br \/>\n13:00 Uhr<br \/>\nTaufe von Josefine Maria Wagner<br \/>\n19:00 Uhr<br \/>\nGeschwister Schloderer f\u00fcr + Vater Johann<br \/>\nMarianne Ecker f\u00fcr + Ehemann, Vater und Opa<br \/>\nFam. Margot B\u00f6sl f\u00fcr + Greis Oma u. Onkel Christ<\/p>\n<p><strong>Sonntag, 16.05.\u00a0\u00a0\u00a0\u00a0\u00a0\u00a0\u00a0\u00a0\u00a0\u00a0\u00a0\u00a0\u00a0\u00a0\u00a0\u00a0 7. SONNTAG DER OSTERZEIT &#8211;<\/strong><br \/>\nElsendorf<br \/>\n09:00 Uhr<br \/>\nStiftsmesse f\u00fcr + Josefa Bauer<br \/>\nFam. Maria Brunner f\u00fcr + Rosa Polz<br \/>\nMaria Ziegler f\u00fcr + Bruder z. Stbtg.<\/p>\n<p>Appersdorf<br \/>\n10:00 Uhr<br \/>\nFam. Manfred Eder f\u00fcr + Mutter<br \/>\nFam. Stefan Eder f\u00fcr + Mutter<br \/>\nLimmer Leonhard f\u00fcr + Eltern und Stiefvater<br \/>\nLudwig Polz f\u00fcr + Mama Rosa Polz z. Stbtg.<\/p>\n<p>Elsendorf<br \/>\n19:00 Uhr<br \/>\nMaiandacht<\/p>\n","protected":false},"excerpt":{"rendered":"<p>Wir feiern Gottesdienst: Dienstag, 27.04.\u00a0\u00a0\u00a0\u00a0\u00a0\u00a0\u00a0\u00a0\u00a0\u00a0\u00a0\u00a0\u00a0\u00a0\u00a0 Hl. Petrus Kanisius Elsendorf 19:00 Uhr Lorenz Niedermeier f\u00fcr + Thomas Neubauer Fam. Kallm\u00fcnzer f\u00fcr + Maria Gallmeier Mittwoch, 28.04.\u00a0\u00a0\u00a0\u00a0\u00a0\u00a0\u00a0\u00a0\u00a0\u00a0\u00a0\u00a0\u00a0\u00a0\u00a0 Hl. Peter Chanel Elsendorf 17:00 Uhr\u00a0\u00a0\u00a0\u00a0\u00a0\u00a0 Sch\u00fclergottesdienst Maria Werner f\u00fcr + Josefa Engl Donnerstag, 29.04.\u00a0\u00a0\u00a0\u00a0\u00a0\u00a0\u00a0\u00a0\u00a0\u00a0 HL. KATHARINA VON SIENA Meilenhofen 19:00 Uhr Geschwister Gr\u00fcnberger f\u00fcr + Vater z. Stbtg. Maria &hellip; <a href=\"https:\/\/www.pfarrei-elsendorf.de\/content\/gottesdienstordnung-vom-26-04-2021-16-05-2021\/\" class=\"more-link\"><span class=\"screen-reader-text\">GOTTESDIENSTORDNUNG VOM 26.04.2021 \u2013 16.05.2021<\/span> weiterlesen <span class=\"meta-nav\">&rarr;<\/span><\/a><\/p>\n","protected":false},"author":1,"featured_media":0,"comment_status":"closed","ping_status":"closed","sticky":false,"template":"","format":"standard","meta":{"footnotes":""},"categories":[1,9],"tags":[12,16,18,11,26,29,17,30,22,34,35,21,24,13],"class_list":["post-1003","post","type-post","status-publish","format-standard","hentry","category-allgemein","category-archiv","tag-appersdorf","tag-berghausen","tag-carita-sozialstation","tag-elsendorf","tag-erstkommunion-2021","tag-farrkirche-maria-immaculata","tag-haunsbach","tag-katholischer-frauenbund-elsendorf","tag-maria-immaculata","tag-pfarrbrief","tag-pfarrbrief-elsendorf","tag-pfarrei-appersdorf","tag-pfarrer-albert-vogl","tag-pfarrer-vogl"],"_links":{"self":[{"href":"https:\/\/www.pfarrei-elsendorf.de\/content\/wp-json\/wp\/v2\/posts\/1003","targetHints":{"allow":["GET"]}}],"collection":[{"href":"https:\/\/www.pfarrei-elsendorf.de\/content\/wp-json\/wp\/v2\/posts"}],"about":[{"href":"https:\/\/www.pfarrei-elsendorf.de\/content\/wp-json\/wp\/v2\/types\/post"}],"author":[{"embeddable":true,"href":"https:\/\/www.pfarrei-elsendorf.de\/content\/wp-json\/wp\/v2\/users\/1"}],"replies":[{"embeddable":true,"href":"https:\/\/www.pfarrei-elsendorf.de\/content\/wp-json\/wp\/v2\/comments?post=1003"}],"version-history":[{"count":5,"href":"https:\/\/www.pfarrei-elsendorf.de\/content\/wp-json\/wp\/v2\/posts\/1003\/revisions"}],"predecessor-version":[{"id":1008,"href":"https:\/\/www.pfarrei-elsendorf.de\/content\/wp-json\/wp\/v2\/posts\/1003\/revisions\/1008"}],"wp:attachment":[{"href":"https:\/\/www.pfarrei-elsendorf.de\/content\/wp-json\/wp\/v2\/media?parent=1003"}],"wp:term":[{"taxonomy":"category","embeddable":true,"href":"https:\/\/www.pfarrei-elsendorf.de\/content\/wp-json\/wp\/v2\/categories?post=1003"},{"taxonomy":"post_tag","embeddable":true,"href":"https:\/\/www.pfarrei-elsendorf.de\/content\/wp-json\/wp\/v2\/tags?post=1003"}],"curies":[{"name":"wp","href":"https:\/\/api.w.org\/{rel}","templated":true}]}}