{"id":1009,"date":"2021-04-25T14:36:26","date_gmt":"2021-04-25T12:36:26","guid":{"rendered":"https:\/\/www.pfarrei-elsendorf.de\/content\/?p=1009"},"modified":"2021-07-11T11:40:53","modified_gmt":"2021-07-11T09:40:53","slug":"pfarrbrief-messintentionen-und-mitteilungsblatt-bis-16-05-2021","status":"publish","type":"post","link":"https:\/\/www.pfarrei-elsendorf.de\/content\/pfarrbrief-messintentionen-und-mitteilungsblatt-bis-16-05-2021\/","title":{"rendered":"PFARRBRIEF \u2013 MESSINTENTIONEN UND MITTEILUNGSBLATT BIS 16.05.2021"},"content":{"rendered":"<p><strong>Kommunionkinder<br \/>\n<\/strong><strong>Mittwoch 28.04.2021\u00a0\u00a0\u00a0 17:00 Uhr<\/strong><br \/>\nzum Sch\u00fclergottesdienst treffen sich die \u00a0\u00a0\u00a0\u00a0\u00a0\u00a0\u00a0\u00a0\u00a0\u00a0\u00a0\u00a0\u00a0\u00a0\u00a0\u00a0\u00a0\u00a0\u00a0\u00a0\u00a0\u00a0\u00a0\u00a0\u00a0\u00a0\u00a0\u00a0\u00a0\u00a0\u00a0\u00a0 Kommunionkinder um 16:40 Uhr vor der Kirche.<\/p>\n<p><strong>Freitag\u00a0\u00a0\u00a0 14.05.2021\u00a0\u00a0\u00a0 19:00 Uhr<\/strong><br \/>\nGruppe 1 Kerzenbasteln im Pfarrheim<\/p>\n<p><strong>Samstag 15.05.2021\u00a0\u00a0\u00a0 19:00 Uhr<\/strong><br \/>\nGruppe 2 Kerzenbasteln im Pfarrheim<\/p>\n<p>Der Termin f\u00fcr die zweite Gruppenstunde wird \u00fcber die Kommuniongruppe bekanntgegeben.<\/p>\n<hr \/>\n<p>Katholisches Pfarramt Elsendorf<br \/>\nMainburger Stra\u00dfe 1<br \/>\n84094 Elsendorf<br \/>\nTelefon: 08753\/245<br \/>\nFax: 08753\/910498<br \/>\ne-mail: elsendorf\u201cAT\u201cbistum-regensburg.de<br \/>\nwww.pfarrei-elsendorf.de<br \/>\nB\u00fcrozeiten:<br \/>\nDienstag 8:30 Uhr \u2013 12:00 Uhr<br \/>\nFreitag 15:00 Uhr \u2013 17:00 Uhr<br \/>\n<a href=\"http:\/\/www.sozialstation-mainburg.de\/\" target=\"_blank\" rel=\"noreferrer noopener\">Link zur Caritas Sozialstation Mainburg<\/a><\/p>\n","protected":false},"excerpt":{"rendered":"<p>Kommunionkinder Mittwoch 28.04.2021\u00a0\u00a0\u00a0 17:00 Uhr zum Sch\u00fclergottesdienst treffen sich die \u00a0\u00a0\u00a0\u00a0\u00a0\u00a0\u00a0\u00a0\u00a0\u00a0\u00a0\u00a0\u00a0\u00a0\u00a0\u00a0\u00a0\u00a0\u00a0\u00a0\u00a0\u00a0\u00a0\u00a0\u00a0\u00a0\u00a0\u00a0\u00a0\u00a0\u00a0\u00a0 Kommunionkinder um 16:40 Uhr vor der Kirche. Freitag\u00a0\u00a0\u00a0 14.05.2021\u00a0\u00a0\u00a0 19:00 Uhr Gruppe 1 Kerzenbasteln im Pfarrheim Samstag 15.05.2021\u00a0\u00a0\u00a0 19:00 Uhr Gruppe 2 Kerzenbasteln im Pfarrheim Der Termin f\u00fcr die zweite Gruppenstunde wird \u00fcber die Kommuniongruppe bekanntgegeben. Katholisches Pfarramt Elsendorf Mainburger Stra\u00dfe 1 84094 Elsendorf &hellip; <a href=\"https:\/\/www.pfarrei-elsendorf.de\/content\/pfarrbrief-messintentionen-und-mitteilungsblatt-bis-16-05-2021\/\" class=\"more-link\"><span class=\"screen-reader-text\">PFARRBRIEF \u2013 MESSINTENTIONEN UND MITTEILUNGSBLATT BIS 16.05.2021<\/span> weiterlesen <span class=\"meta-nav\">&rarr;<\/span><\/a><\/p>\n","protected":false},"author":1,"featured_media":0,"comment_status":"closed","ping_status":"closed","sticky":false,"template":"","format":"standard","meta":{"footnotes":""},"categories":[1,9],"tags":[37,12,16,20,19,11,26,29,17,14,15,22,35,21,23,24],"class_list":["post-1009","post","type-post","status-publish","format-standard","hentry","category-allgemein","category-archiv","tag-37","tag-appersdorf","tag-berghausen","tag-bistum-eichstaett","tag-bistum-regensburg","tag-elsendorf","tag-erstkommunion-2021","tag-farrkirche-maria-immaculata","tag-haunsbach","tag-kommunion","tag-kommunion-2021","tag-maria-immaculata","tag-pfarrbrief-elsendorf","tag-pfarrei-appersdorf","tag-pfarrei-elsendorf","tag-pfarrer-albert-vogl"],"_links":{"self":[{"href":"https:\/\/www.pfarrei-elsendorf.de\/content\/wp-json\/wp\/v2\/posts\/1009","targetHints":{"allow":["GET"]}}],"collection":[{"href":"https:\/\/www.pfarrei-elsendorf.de\/content\/wp-json\/wp\/v2\/posts"}],"about":[{"href":"https:\/\/www.pfarrei-elsendorf.de\/content\/wp-json\/wp\/v2\/types\/post"}],"author":[{"embeddable":true,"href":"https:\/\/www.pfarrei-elsendorf.de\/content\/wp-json\/wp\/v2\/users\/1"}],"replies":[{"embeddable":true,"href":"https:\/\/www.pfarrei-elsendorf.de\/content\/wp-json\/wp\/v2\/comments?post=1009"}],"version-history":[{"count":2,"href":"https:\/\/www.pfarrei-elsendorf.de\/content\/wp-json\/wp\/v2\/posts\/1009\/revisions"}],"predecessor-version":[{"id":1011,"href":"https:\/\/www.pfarrei-elsendorf.de\/content\/wp-json\/wp\/v2\/posts\/1009\/revisions\/1011"}],"wp:attachment":[{"href":"https:\/\/www.pfarrei-elsendorf.de\/content\/wp-json\/wp\/v2\/media?parent=1009"}],"wp:term":[{"taxonomy":"category","embeddable":true,"href":"https:\/\/www.pfarrei-elsendorf.de\/content\/wp-json\/wp\/v2\/categories?post=1009"},{"taxonomy":"post_tag","embeddable":true,"href":"https:\/\/www.pfarrei-elsendorf.de\/content\/wp-json\/wp\/v2\/tags?post=1009"}],"curies":[{"name":"wp","href":"https:\/\/api.w.org\/{rel}","templated":true}]}}