{"id":1015,"date":"2021-05-15T14:24:06","date_gmt":"2021-05-15T12:24:06","guid":{"rendered":"https:\/\/www.pfarrei-elsendorf.de\/content\/?p=1015"},"modified":"2021-11-21T14:21:30","modified_gmt":"2021-11-21T13:21:30","slug":"gottesdienstordnung-vom-17-05-2021-13-06-2021","status":"publish","type":"post","link":"https:\/\/www.pfarrei-elsendorf.de\/content\/gottesdienstordnung-vom-17-05-2021-13-06-2021\/","title":{"rendered":"GOTTESDIENSTORDNUNG VOM 17.05.2021 &#8211; 13.06.2021"},"content":{"rendered":"<p><strong>Wir feiern Gottesdienst:<\/strong><\/p>\n<p><strong>Dienstag, 18.05.\u00a0\u00a0\u00a0\u00a0\u00a0\u00a0\u00a0\u00a0\u00a0\u00a0\u00a0\u00a0\u00a0\u00a0\u00a0 Hl. Johannes I.<\/strong><br \/>\nHaunsbach<br \/>\n19:00 Uhr<br \/>\nFam. Bernhard Maier f\u00fcr + Eltern<br \/>\nFam. Bernhard Maier f\u00fcr + Anna Bachmaier<br \/>\nAnnemarie Weiher f\u00fcr + Anna u. Ulrich Sedlmeier<br \/>\nAnton Weiher f\u00fcr + Mutter Centa u. Gro\u00dfeltern<br \/>\nFam. Erich Schlemmer f\u00fcr + Eltern u. alle Verstorbenen aus Haunsbach<\/p>\n<p><strong>Mittwoch, 19.05.\u00a0\u00a0\u00a0\u00a0\u00a0\u00a0\u00a0\u00a0\u00a0\u00a0\u00a0\u00a0\u00a0\u00a0\u00a0 Mittwoch der 7. Osterwoche<\/strong><br \/>\nElsendorf<br \/>\n17:00 Uhr\u00a0\u00a0\u00a0\u00a0\u00a0\u00a0 <strong>S C H \u00dc L E R G O T T E S D I E N S T<br \/>\n<\/strong>Stiftsmesse Elisabeth Gerzer f\u00fcr + Angeh\u00f6rige<\/p>\n<p><strong>Donnerstag, 20.05.\u00a0\u00a0\u00a0\u00a0\u00a0\u00a0\u00a0\u00a0\u00a0\u00a0 Hl. Bernhardin v. Siena<\/strong><br \/>\nMeilenhofen<br \/>\n19:00 Uhr<br \/>\nFam. Plank, Meilenh. f\u00fcr + Antonie Sommerer<br \/>\nRoswitha Zierer f\u00fcr + Mutter Maria Sigl z. 90. Geburtstag<br \/>\nBerta Sommerer f\u00fcr Vater z. Geburtstag<\/p>\n<p><strong>Samstag, 22.05.\u00a0\u00a0\u00a0\u00a0\u00a0\u00a0\u00a0\u00a0\u00a0\u00a0\u00a0\u00a0\u00a0\u00a0\u00a0\u00a0 Hl. Rita v. Cascia<\/strong><br \/>\nElsendorf<br \/>\n14:00 Uhr<br \/>\nTaufe von <strong>Leon Bachler<\/strong><\/p>\n<p>Elsendorf<br \/>\n19:00 Uhr<br \/>\nMarianne Ecker f\u00fcr + Marianne Scharf<br \/>\nLeni W\u00fcrfl f\u00fcr + Eltern, Schwester u. Verwandtschaft<br \/>\nHermine Fellner f\u00fcr + Ehemann<br \/>\nHermine Fellner f\u00fcr + Eltern u. Schwiegereltern<\/p>\n<p><strong>Sonntag, 23.05.\u00a0\u00a0\u00a0\u00a0\u00a0\u00a0 PFINGSTEN &#8211; Renovabis-Kollekte<\/strong><br \/>\nElsendorf<br \/>\n09:00 Uhr<br \/>\nFam. Leonhard Inderst, Mitterstetten f\u00fcr + Bruder Wolfgang Inderst<br \/>\nFam. Inzenhofer f\u00fcr + Heinrich u. Maria Haage \u00a0\u00a0z. Stbtg.<br \/>\nBirgit Ziegler mit Kinder f\u00fcr + Ehemann u. Vater<br \/>\nMartha Forster f\u00fcr + Freunde des Seniorennachmittags<\/p>\n<p>Appersdorf<br \/>\n10:00 Uhr<br \/>\nAndrea u. Markus Ginzinger f\u00fcr + Schwager Stefan Stiller<br \/>\nFam. Josef Bauer f\u00fcr + J\u00fcrgen Denocke<\/p>\n<p>Maria Br\u00fcnnl<br \/>\n19:00 Uhr\u00a0\u00a0\u00a0\u00a0\u00a0\u00a0 <strong>MAIANDACHT IM FREIEN<br \/>\n<\/strong><strong><em>Bei Regen<\/em> in der Br\u00fcnnlkirche!<\/strong><\/p>\n<p><strong>Montag, 24.05.\u00a0\u00a0\u00a0\u00a0\u00a0\u00a0\u00a0\u00a0\u00a0\u00a0\u00a0\u00a0\u00a0\u00a0\u00a0\u00a0\u00a0 PFINGSTMONTAG &#8211;<\/strong><br \/>\nSt. Anton<br \/>\n14:00 Uhr\u00a0\u00a0\u00a0\u00a0\u00a0\u00a0 <u>KREISKRIEGERGED\u00c4CHTNISFEIER<br \/>\n<\/u>Bauverein St. Anton f\u00fcr die im 1. u. 2. Weltkrieg<br \/>\nGefallenen und Vermissten der Hallertau<br \/>\n<strong><em>Bei Regen entf\u00e4llt der Gottesdienst!!!<br \/>\n<\/em><\/strong>Hannelore Hausler f\u00fcr die Verstorbenen von Ratzenhofen<\/p>\n<p><strong>Samstag, 29.05.\u00a0\u00a0\u00a0\u00a0\u00a0\u00a0\u00a0\u00a0\u00a0\u00a0\u00a0\u00a0\u00a0\u00a0\u00a0\u00a0 Hl. Paul VI.<\/strong><br \/>\nElsendorf<br \/>\n19:00 Uhr<br \/>\nIsidori-Bruderschaft f\u00fcr + Lorenz Hofbauer<br \/>\nOtto Wendl f\u00fcr + Tante Betty Wendl<br \/>\nBrigitte Mirlach f\u00fcr + Angeh\u00f6rige<br \/>\nJohanna Rainer f\u00fcr + Geschwister, Eltern u. Schwiegereltern<\/p>\n<p><strong>Sonntag, 30.05.\u00a0\u00a0 FEST DER HEILIGSTEN DREIFALTIGKEIT<\/strong><br \/>\nBerghausen<br \/>\n09:00 Uhr<br \/>\nFam. Schinagl zu Ehren der Maienk\u00f6nigin<br \/>\nFam.\u00a0 Ludwig u. Maria Gschl\u00f6\u00dfl f\u00fcr + Eltern \u00a0\u00a0\u00a0\u00a0\u00a0\u00a0\u00a0u. Verwandte<br \/>\nFam. Marlies Maier f\u00fcr + Vater Peter Prummer<br \/>\nFam. Haas f\u00fcr + Ludwig Hofbauer<br \/>\nFam. Prummer f\u00fcr + Vater Peter Prummer<br \/>\nFam. Schw\u00e4rzer f\u00fcr + Eduard Weiher<\/p>\n<p>Appersdorf<br \/>\n10:00 Uhr<br \/>\nStiftsmesse f\u00fcr + Magdalena Weingartner<br \/>\nFam. Josef Bauer f\u00fcr + Xaver Raab<br \/>\nFam. Xaver Raab f\u00fcr + Vater u. Opa<\/p>\n<p>Maria Br\u00fcnnl<br \/>\n19:00 Uhr<br \/>\n<strong>MAIANDACHT IM FREIEN<br \/>\n<\/strong><strong>Bei Regen in der Br\u00fcnnlkirche!<\/strong><\/p>\n<p><strong>Donnerstag, 03.06.\u00a0\u00a0\u00a0\u00a0\u00a0\u00a0\u00a0\u00a0\u00a0\u00a0 &#8211; FRONLEICHNAM &#8211;<\/strong><br \/>\nElsendorf<br \/>\n10:00 Uhr<br \/>\nResi Heindl f\u00fcr + Eltern, Gro\u00dfeltern u. Tante Leni<br \/>\nRoswitha Dasch f\u00fcr + Freundin Marlene Hofbauer<br \/>\nSchul- u. Klassenkameraden\/innen f\u00fcr + Christian Greis<\/p>\n<p><strong>Samstag, 05.06.\u00a0\u00a0\u00a0\u00a0\u00a0\u00a0\u00a0\u00a0\u00a0\u00a0\u00a0\u00a0\u00a0\u00a0\u00a0\u00a0 Hl. BONIFATIUS<\/strong><br \/>\nElsendorf<br \/>\n19:00 Uhr<br \/>\nAndreas W\u00fcrfl f\u00fcr + Eltern, Bruder u. Verwandtschaft<br \/>\nFam. Renate H\u00e4ckl f\u00fcr + Vater z. Stbtg.<br \/>\nGartenbauverein Elsendorf f\u00fcr + Mitglied Bernhard B\u00f6sl<br \/>\nMartha Forster f\u00fcr + Freundin Gertraud Bielmeier<br \/>\nGeschwister Sch\u00f6ttl f\u00fcr + Eltern Emilie u. Johann Sch\u00f6ttl und Geschwister<\/p>\n<p>Berghausen<br \/>\n19:00 Uhr\u00a0\u00a0\u00a0\u00a0\u00a0\u00a0 <strong><em><u>F R O N L E I C H N A M<\/u><br \/>\n<\/em><\/strong>Katharina Schinagl f\u00fcr + Eltern u. Bruder<br \/>\nKriegerverein Berghausen f\u00fcr + Kassier u. Schriftf\u00fchrer Eduard Weiher<br \/>\nFam. Helmut Kramschuster f\u00fcr + Eltern beiderseits<br \/>\nFam. Haas f\u00fcr + Eduard Weiher<br \/>\nFam. Marlene Prummer f\u00fcr + Vater Georg Langwieser<br \/>\nFam. Schw\u00e4rzer f\u00fcr + Magdalena Amberger<\/p>\n<p><strong>Sonntag, 06.06.\u00a0\u00a0\u00a0\u00a0\u00a0\u00a0\u00a0\u00a0\u00a0 10. SONNTAG IM JAHRESKREIS<\/strong><br \/>\nElsendorf<br \/>\n09:00 Uhr<br \/>\nOtto Wendl f\u00fcr + Erwin Prummer<br \/>\nMaria Werner f\u00fcr + Patin Maria Paulus<\/p>\n<p>Appersdorf<br \/>\n10:00 Uhr\u00a0\u00a0\u00a0\u00a0\u00a0\u00a0 <strong><em><u>F R O N L E I C H N A M<br \/>\n<\/u><\/em><\/strong>Pfarrgottesdienst<\/p>\n<p><strong>Mittwoch, 09.06.\u00a0\u00a0\u00a0 Hl. Ephr\u00e4m der Syrer<\/strong><br \/>\nHaunsbach<br \/>\n19:00 Uhr<br \/>\nFam. Bernhard Maier f\u00fcr + Nachbar Georg Weiher<br \/>\nFam. Rita Huber f\u00fcr + Anna Bachmaier<br \/>\nZenta Haltmeier mit Kinder f\u00fcr + Ehemann u. Vater Alois Haltmeier z. Geburtstag<\/p>\n<p><strong>Donnerstag, 10.06.\u00a0\u00a0\u00a0\u00a0\u00a0\u00a0\u00a0\u00a0\u00a0\u00a0 Sel. Eustachius Kugler<\/strong><br \/>\nMeilenhofen<br \/>\n19:00 Uhr<br \/>\nMaria Springer f\u00fcr + Mutter z. Namenstag<br \/>\nMarkus u. Johannes Springer f\u00fcr + Oma Antonie Sommerer u. Paten Anton Sommerer \u00a0z. Namenstag<\/p>\n<p><strong>Samstag, 12.06.\u00a0\u00a0\u00a0\u00a0\u00a0\u00a0\u00a0\u00a0\u00a0\u00a0\u00a0\u00a0\u00a0\u00a0\u00a0\u00a0 Unbeflecktes Herz Mari\u00e4<\/strong><br \/>\nSt. Anton<br \/>\n19:00 Uhr\u00a0\u00a0\u00a0\u00a0\u00a0\u00a0 <strong><em><u>PATROZINIUM ST. ANTON<br \/>\n<\/u><\/em><\/strong>Gerlinde Mehrl zu Ehren des hl. Antonius<br \/>\nJagdgenossen Ratzenhofen f\u00fcr + Bernhard B\u00f6sl<\/p>\n<p><strong>Sonntag, 13.06.\u00a0\u00a0\u00a0\u00a0\u00a0\u00a0\u00a0\u00a0\u00a0\u00a0\u00a0\u00a0\u00a0\u00a0\u00a0\u00a0 11. SONNTAG IM JAHRESKREIS<\/strong><br \/>\nElsendorf<br \/>\n09:00 Uhr<br \/>\nFa. Rosa Obster f\u00fcr + Mutter Anna Enzmann<br \/>\nGartenbauverein Elsendorf f\u00fcr + Mitlieder Georg Weiher und Thomas Neubauer<\/p>\n<p>Appersdorf<br \/>\n10:00 Uhr<br \/>\nAlfons Hilz f\u00fcr + Maria u. Mathias Neuhauser<br \/>\nFam. Josef Bauer f\u00fcr + Gattin und Mutti zum Stbtg.<\/p>\n","protected":false},"excerpt":{"rendered":"<p>Wir feiern Gottesdienst: Dienstag, 18.05.\u00a0\u00a0\u00a0\u00a0\u00a0\u00a0\u00a0\u00a0\u00a0\u00a0\u00a0\u00a0\u00a0\u00a0\u00a0 Hl. Johannes I. Haunsbach 19:00 Uhr Fam. Bernhard Maier f\u00fcr + Eltern Fam. Bernhard Maier f\u00fcr + Anna Bachmaier Annemarie Weiher f\u00fcr + Anna u. Ulrich Sedlmeier Anton Weiher f\u00fcr + Mutter Centa u. Gro\u00dfeltern Fam. Erich Schlemmer f\u00fcr + Eltern u. alle Verstorbenen aus Haunsbach Mittwoch, 19.05.\u00a0\u00a0\u00a0\u00a0\u00a0\u00a0\u00a0\u00a0\u00a0\u00a0\u00a0\u00a0\u00a0\u00a0\u00a0 Mittwoch der &hellip; <a href=\"https:\/\/www.pfarrei-elsendorf.de\/content\/gottesdienstordnung-vom-17-05-2021-13-06-2021\/\" class=\"more-link\"><span class=\"screen-reader-text\">GOTTESDIENSTORDNUNG VOM 17.05.2021 &#8211; 13.06.2021<\/span> weiterlesen <span class=\"meta-nav\">&rarr;<\/span><\/a><\/p>\n","protected":false},"author":1,"featured_media":0,"comment_status":"closed","ping_status":"closed","sticky":false,"template":"","format":"standard","meta":{"footnotes":""},"categories":[1,9],"tags":[12,16,20,19,18,11,26,28,27,25,17,30,15,22,34,35,10,21,23,24,13,36],"class_list":["post-1015","post","type-post","status-publish","format-standard","hentry","category-allgemein","category-archiv","tag-appersdorf","tag-berghausen","tag-bistum-eichstaett","tag-bistum-regensburg","tag-carita-sozialstation","tag-elsendorf","tag-erstkommunion-2021","tag-firmung","tag-firmung-2021","tag-frauenbund","tag-haunsbach","tag-katholischer-frauenbund-elsendorf","tag-kommunion-2021","tag-maria-immaculata","tag-pfarrbrief","tag-pfarrbrief-elsendorf","tag-pfarrei","tag-pfarrei-appersdorf","tag-pfarrei-elsendorf","tag-pfarrer-albert-vogl","tag-pfarrer-vogl","tag-pfarrkirche-maria-immaculata"],"_links":{"self":[{"href":"https:\/\/www.pfarrei-elsendorf.de\/content\/wp-json\/wp\/v2\/posts\/1015","targetHints":{"allow":["GET"]}}],"collection":[{"href":"https:\/\/www.pfarrei-elsendorf.de\/content\/wp-json\/wp\/v2\/posts"}],"about":[{"href":"https:\/\/www.pfarrei-elsendorf.de\/content\/wp-json\/wp\/v2\/types\/post"}],"author":[{"embeddable":true,"href":"https:\/\/www.pfarrei-elsendorf.de\/content\/wp-json\/wp\/v2\/users\/1"}],"replies":[{"embeddable":true,"href":"https:\/\/www.pfarrei-elsendorf.de\/content\/wp-json\/wp\/v2\/comments?post=1015"}],"version-history":[{"count":2,"href":"https:\/\/www.pfarrei-elsendorf.de\/content\/wp-json\/wp\/v2\/posts\/1015\/revisions"}],"predecessor-version":[{"id":1017,"href":"https:\/\/www.pfarrei-elsendorf.de\/content\/wp-json\/wp\/v2\/posts\/1015\/revisions\/1017"}],"wp:attachment":[{"href":"https:\/\/www.pfarrei-elsendorf.de\/content\/wp-json\/wp\/v2\/media?parent=1015"}],"wp:term":[{"taxonomy":"category","embeddable":true,"href":"https:\/\/www.pfarrei-elsendorf.de\/content\/wp-json\/wp\/v2\/categories?post=1015"},{"taxonomy":"post_tag","embeddable":true,"href":"https:\/\/www.pfarrei-elsendorf.de\/content\/wp-json\/wp\/v2\/tags?post=1015"}],"curies":[{"name":"wp","href":"https:\/\/api.w.org\/{rel}","templated":true}]}}