{"id":1018,"date":"2021-05-15T14:42:16","date_gmt":"2021-05-15T12:42:16","guid":{"rendered":"https:\/\/www.pfarrei-elsendorf.de\/content\/?p=1018"},"modified":"2021-11-21T14:20:05","modified_gmt":"2021-11-21T13:20:05","slug":"pfarrbrief-messintentionen-und-mitteilungsblatt-bis-13-06-2021","status":"publish","type":"post","link":"https:\/\/www.pfarrei-elsendorf.de\/content\/pfarrbrief-messintentionen-und-mitteilungsblatt-bis-13-06-2021\/","title":{"rendered":"PFARRBRIEF \u2013 MESSINTENTIONEN UND MITTEILUNGSBLATT BIS 13.06.2021"},"content":{"rendered":"<p><strong>Infos f\u00fcr Kommunionkinder:<\/strong><br \/>\n<strong><em>Freitag 21.05.2021 16:00 bis 18:00 Uhr Gruppe 1 und Gruppe 2<\/em><\/strong><br \/>\nGruppenstunde zur Beichte im Pfarrheim &#8222;Umkehr und Vers\u00f6hnung&#8220;. Bitte Federm\u00e4ppchen mitbringen. Abholung der Kinder im Pfarrheim.<\/p>\n<p><em><strong>Samstag 05.06.2021 13:30 bis 15:30 Uhr<\/strong> <\/em><br \/>\nGruppe 1 und Gruppe 2<br \/>\nKinderkirchenf\u00fchrung Baustein 12 mit Hr. Pfarrer Albert Vogl und Isabell Biebl. Chorraum- und Orgelbesichtigung mit Silvia Fischer.<br \/>\nBitte die Kinder in der Kirche abholen.<br \/>\nAn diesem Tag sollten die Kinder das Buch &#8222;Wege zu Erstkommunion&#8220;\u00a0 mitbringen.<\/p>\n<p>Der Termin f\u00fcr die Kleiderausgabe<br \/>\nwird noch rechtzeitig bekannt gegeben.<\/p>\n<p><strong>Fronleichnam:<u><br \/>\n<\/u><\/strong>Aufgrund der derzeitigen Corona-Situation k\u00f6nnen die Prozessionen an Fronleichnam in unserer Pfarrgemeinde nicht stattfinden.<\/p>\n<p><strong>Pfarrfest:<u><br \/>\n<\/u><\/strong>Herr Pfarrer Vogl und der gesamte Pfarrgemeinderat bedauern es sehr, das Pfarrfest in diesem Jahr aufgrund der Corona-Bestimmungen\u00a0 zum zweiten Mal absagen zu m\u00fcssen.<\/p>\n<p><strong>Kollektenergebnisse Fr\u00fchjahr 2021:<u><br \/>\n<\/u><\/strong><em>Caritas:<\/em><br \/>\nElsendorf \u00a0\u00a0\u00a0\u00a0\u00a0\u00a0\u00a0\u00a0\u00a0\u00a0\u00a0\u00a0\u00a0\u00a0\u00a0\u00a0\u00a0\u00a0\u00a0\u00a0\u00a0\u00a0\u00a0\u00a0 637,80 \u20ac<br \/>\nAppersdorf\u00a0\u00a0\u00a0\u00a0\u00a0\u00a0\u00a0\u00a0\u00a0\u00a0\u00a0\u00a0\u00a0\u00a0\u00a0\u00a0\u00a0\u00a0\u00a0\u00a0\u00a0 198,10 \u20ac<br \/>\n<em>Misereor:<\/em><br \/>\nElsendorf\u00a0\u00a0\u00a0\u00a0\u00a0\u00a0\u00a0\u00a0\u00a0\u00a0\u00a0\u00a0\u00a0\u00a0\u00a0\u00a0\u00a0\u00a0\u00a0\u00a0\u00a0\u00a0\u00a0\u00a0\u00a0 530,41 \u20ac<br \/>\nAppersdorf\u00a0\u00a0\u00a0\u00a0\u00a0\u00a0\u00a0\u00a0\u00a0\u00a0\u00a0\u00a0\u00a0\u00a0\u00a0\u00a0\u00a0\u00a0\u00a0\u00a0\u00a0 193,70 \u20ac<br \/>\n<em>Hl. Land u. Hl. Grab:<\/em><br \/>\nElsendorf\u00a0\u00a0\u00a0\u00a0\u00a0\u00a0\u00a0\u00a0\u00a0\u00a0\u00a0\u00a0\u00a0\u00a0\u00a0\u00a0\u00a0\u00a0\u00a0\u00a0\u00a0\u00a0\u00a0\u00a0\u00a0 138,50 \u20ac<br \/>\nAppersdorf\u00a0\u00a0\u00a0\u00a0\u00a0\u00a0\u00a0\u00a0\u00a0\u00a0\u00a0\u00a0\u00a0\u00a0\u00a0\u00a0\u00a0\u00a0\u00a0\u00a0\u00a0 \u00a0 \u00a063,70 \u20ac<\/p>\n<hr \/>\n<h4><strong>Ehrenzeichen des bayerischen Ministerpr\u00e4sidenten<br \/>\nf\u00fcr Michael Fellner<br \/>\n<\/strong><\/h4>\n<p>Ich m\u00f6chte allen Initiatoren und Bef\u00fcrwortern herzlich danken f\u00fcr den Einsatz, dass ich mit dem Ehrenzeichen des<br \/>\nBay. Ministerpr\u00e4sidenten ausgezeichnet wurde.<br \/>\nVergelt`s Gott Herrn Pfarrer Albert Vogl und Frau Maria Werner f\u00fcr Ihre Unterst\u00fctzung.<br \/>\nDanke an B\u00fcrgermeister Markus Huber f\u00fcr die lobenden Worte und \u00dcberreichung der Urkunde und dem Ehrenzeichen.<br \/>\nDanke auch den Vereinsvorst\u00e4nden Thomas Geier (FFW Appersdorf) und Erwin Bachmaier (Jagdgenossenschaft) f\u00fcr Ihre Gl\u00fcckw\u00fcnsche.<br \/>\nDie Aus\u00fcbung des Ehrenamtes im Kirchendienst bedarf auch einer stetigen Mithilfe.<br \/>\nVergelt\u00b4s Gott allen freiwilligen Helfern, die mich und meine Familie bei dieser Arbeit unterst\u00fctzt haben und unterst\u00fctzen.<\/p>\n<p><strong><em>Michael Fellner<\/em>\u00a0<\/strong><\/p>\n<hr \/>\n<h4>Ge\u00e4nderte \u00d6ffnungszeiten des Pfarrb\u00fcros:<strong><u><br \/>\n<\/u>Bis auf weiteres gelten im Pfarrb\u00fcro<br \/>\nfolgende \u00d6ffnungszeiten:<\/strong><br \/>\n<strong>Dienstag: 9:30 Uhr bis 12:30 Uhr<\/strong><br \/>\n<strong>Freitag:\u00a0\u00a0 15:00 Uhr bis 17:00 Uhr<br \/>\n<\/strong><\/h4>\n<hr \/>\n<p>Katholisches Pfarramt Elsendorf<br \/>\nMainburger Stra\u00dfe 1<br \/>\n84094 Elsendorf<br \/>\nTelefon: 08753\/245<br \/>\nFax: 08753\/910498<br \/>\ne-mail: elsendorf\u201cAT\u201cbistum-regensburg.de<br \/>\nwww.pfarrei-elsendorf.de<br \/>\nB\u00fcrozeiten:<br \/>\n<strong><u>Ge\u00e4nderte \u00d6ffnungszeiten des Pfarrb\u00fcros:<br \/>\n<\/u>Bis auf weiteres gelten im Pfarrb\u00fcro folgende \u00d6ffnungszeiten:<\/strong><br \/>\n<strong>Dienstag: 9:30 Uhr bis 12:30 Uhr<\/strong><br \/>\n<strong>Freitag:\u00a0\u00a0 15:00 Uhr bis 17:00 Uhr<\/strong><br \/>\n<a href=\"http:\/\/www.sozialstation-mainburg.de\/\" target=\"_blank\" rel=\"noreferrer noopener\">Link zur Caritas Sozialstation Mainburg<\/a><\/p>\n","protected":false},"excerpt":{"rendered":"<p>Infos f\u00fcr Kommunionkinder: Freitag 21.05.2021 16:00 bis 18:00 Uhr Gruppe 1 und Gruppe 2 Gruppenstunde zur Beichte im Pfarrheim &#8222;Umkehr und Vers\u00f6hnung&#8220;. Bitte Federm\u00e4ppchen mitbringen. Abholung der Kinder im Pfarrheim. Samstag 05.06.2021 13:30 bis 15:30 Uhr Gruppe 1 und Gruppe 2 Kinderkirchenf\u00fchrung Baustein 12 mit Hr. Pfarrer Albert Vogl und Isabell Biebl. Chorraum- und Orgelbesichtigung &hellip; <a href=\"https:\/\/www.pfarrei-elsendorf.de\/content\/pfarrbrief-messintentionen-und-mitteilungsblatt-bis-13-06-2021\/\" class=\"more-link\"><span class=\"screen-reader-text\">PFARRBRIEF \u2013 MESSINTENTIONEN UND MITTEILUNGSBLATT BIS 13.06.2021<\/span> weiterlesen <span class=\"meta-nav\">&rarr;<\/span><\/a><\/p>\n","protected":false},"author":1,"featured_media":0,"comment_status":"closed","ping_status":"closed","sticky":false,"template":"","format":"standard","meta":{"footnotes":""},"categories":[1,9],"tags":[37,12,16,20,19,18,11,26,28,27,25,17,30,14,15,22,34,35,10,21,23,24,13,36],"class_list":["post-1018","post","type-post","status-publish","format-standard","hentry","category-allgemein","category-archiv","tag-37","tag-appersdorf","tag-berghausen","tag-bistum-eichstaett","tag-bistum-regensburg","tag-carita-sozialstation","tag-elsendorf","tag-erstkommunion-2021","tag-firmung","tag-firmung-2021","tag-frauenbund","tag-haunsbach","tag-katholischer-frauenbund-elsendorf","tag-kommunion","tag-kommunion-2021","tag-maria-immaculata","tag-pfarrbrief","tag-pfarrbrief-elsendorf","tag-pfarrei","tag-pfarrei-appersdorf","tag-pfarrei-elsendorf","tag-pfarrer-albert-vogl","tag-pfarrer-vogl","tag-pfarrkirche-maria-immaculata"],"_links":{"self":[{"href":"https:\/\/www.pfarrei-elsendorf.de\/content\/wp-json\/wp\/v2\/posts\/1018","targetHints":{"allow":["GET"]}}],"collection":[{"href":"https:\/\/www.pfarrei-elsendorf.de\/content\/wp-json\/wp\/v2\/posts"}],"about":[{"href":"https:\/\/www.pfarrei-elsendorf.de\/content\/wp-json\/wp\/v2\/types\/post"}],"author":[{"embeddable":true,"href":"https:\/\/www.pfarrei-elsendorf.de\/content\/wp-json\/wp\/v2\/users\/1"}],"replies":[{"embeddable":true,"href":"https:\/\/www.pfarrei-elsendorf.de\/content\/wp-json\/wp\/v2\/comments?post=1018"}],"version-history":[{"count":5,"href":"https:\/\/www.pfarrei-elsendorf.de\/content\/wp-json\/wp\/v2\/posts\/1018\/revisions"}],"predecessor-version":[{"id":1024,"href":"https:\/\/www.pfarrei-elsendorf.de\/content\/wp-json\/wp\/v2\/posts\/1018\/revisions\/1024"}],"wp:attachment":[{"href":"https:\/\/www.pfarrei-elsendorf.de\/content\/wp-json\/wp\/v2\/media?parent=1018"}],"wp:term":[{"taxonomy":"category","embeddable":true,"href":"https:\/\/www.pfarrei-elsendorf.de\/content\/wp-json\/wp\/v2\/categories?post=1018"},{"taxonomy":"post_tag","embeddable":true,"href":"https:\/\/www.pfarrei-elsendorf.de\/content\/wp-json\/wp\/v2\/tags?post=1018"}],"curies":[{"name":"wp","href":"https:\/\/api.w.org\/{rel}","templated":true}]}}