{"id":1043,"date":"2021-07-31T06:24:04","date_gmt":"2021-07-31T04:24:04","guid":{"rendered":"https:\/\/www.pfarrei-elsendorf.de\/content\/?p=1043"},"modified":"2021-11-21T14:20:38","modified_gmt":"2021-11-21T13:20:38","slug":"gottesdienstordnung-und-pfarrbrief-messintentionen-und-mitteilungsblatt-bis-12-09-2021","status":"publish","type":"post","link":"https:\/\/www.pfarrei-elsendorf.de\/content\/gottesdienstordnung-und-pfarrbrief-messintentionen-und-mitteilungsblatt-bis-12-09-2021\/","title":{"rendered":"GOTTESDIENSTORDNUNG &#038; PFARRBRIEF \u2013 MESSINTENTIONEN UND MITTEILUNGSBLATT BIS 12.09.2021"},"content":{"rendered":"<p>Wir w\u00fcnschen ALLEN sch\u00f6ne Sommerferien 2021<\/p>\n<p><a href=\"https:\/\/www.pfarrei-elsendorf.de\/content\/wp-content\/uploads\/2021\/08\/Ferien_Pfarrbrief.pdf\" target=\"_blank\" rel=\"noopener\">Ferien Pfarrbrief<\/a><\/p>\n<p>Leider stand zur Ver\u00f6ffentlichung nur die gedruckte Form zur Verf\u00fcgung.<\/p>\n<p>Katholisches Pfarramt Elsendorf<br \/>\nMainburger Stra\u00dfe 1<br \/>\n84094 Elsendorf<br \/>\nTelefon: 08753\/245<br \/>\nFax: 08753\/910498<br \/>\ne-mail: elsendorf\u201cAT\u201cbistum-regensburg.de<br \/>\nwww.pfarrei-elsendorf.de<br \/>\nB\u00fcrozeiten:<br \/>\n<strong><u>Ge\u00e4nderte \u00d6ffnungszeiten des Pfarrb\u00fcros:<br \/>\n<\/u>Bis auf weiteres gelten im Pfarrb\u00fcro folgende \u00d6ffnungszeiten:<\/strong><br \/>\n<strong>Dienstag: 9:30 Uhr bis 12:30 Uhr<\/strong><br \/>\n<strong>Freitag:\u00a0\u00a0 15:00 Uhr bis 17:00 Uhr<\/strong><br \/>\n<a href=\"http:\/\/www.sozialstation-mainburg.de\/\" target=\"_blank\" rel=\"noreferrer noopener\">Link zur Caritas Sozialstation Mainburg<\/a><\/p>\n","protected":false},"excerpt":{"rendered":"<p>Wir w\u00fcnschen ALLEN sch\u00f6ne Sommerferien 2021 Ferien Pfarrbrief Leider stand zur Ver\u00f6ffentlichung nur die gedruckte Form zur Verf\u00fcgung. Katholisches Pfarramt Elsendorf Mainburger Stra\u00dfe 1 84094 Elsendorf Telefon: 08753\/245 Fax: 08753\/910498 e-mail: elsendorf\u201cAT\u201cbistum-regensburg.de www.pfarrei-elsendorf.de B\u00fcrozeiten: Ge\u00e4nderte \u00d6ffnungszeiten des Pfarrb\u00fcros: Bis auf weiteres gelten im Pfarrb\u00fcro folgende \u00d6ffnungszeiten: Dienstag: 9:30 Uhr bis 12:30 Uhr Freitag:\u00a0\u00a0 15:00 Uhr &hellip; <a href=\"https:\/\/www.pfarrei-elsendorf.de\/content\/gottesdienstordnung-und-pfarrbrief-messintentionen-und-mitteilungsblatt-bis-12-09-2021\/\" class=\"more-link\"><span class=\"screen-reader-text\">GOTTESDIENSTORDNUNG &#038; PFARRBRIEF \u2013 MESSINTENTIONEN UND MITTEILUNGSBLATT BIS 12.09.2021<\/span> weiterlesen <span class=\"meta-nav\">&rarr;<\/span><\/a><\/p>\n","protected":false},"author":1,"featured_media":0,"comment_status":"closed","ping_status":"closed","sticky":false,"template":"","format":"image","meta":{"footnotes":""},"categories":[1,9],"tags":[12,16,19,11,26,17,30,22,34,35,21,23,24,13],"class_list":["post-1043","post","type-post","status-publish","format-image","hentry","category-allgemein","category-archiv","tag-appersdorf","tag-berghausen","tag-bistum-regensburg","tag-elsendorf","tag-erstkommunion-2021","tag-haunsbach","tag-katholischer-frauenbund-elsendorf","tag-maria-immaculata","tag-pfarrbrief","tag-pfarrbrief-elsendorf","tag-pfarrei-appersdorf","tag-pfarrei-elsendorf","tag-pfarrer-albert-vogl","tag-pfarrer-vogl","post_format-post-format-image"],"_links":{"self":[{"href":"https:\/\/www.pfarrei-elsendorf.de\/content\/wp-json\/wp\/v2\/posts\/1043","targetHints":{"allow":["GET"]}}],"collection":[{"href":"https:\/\/www.pfarrei-elsendorf.de\/content\/wp-json\/wp\/v2\/posts"}],"about":[{"href":"https:\/\/www.pfarrei-elsendorf.de\/content\/wp-json\/wp\/v2\/types\/post"}],"author":[{"embeddable":true,"href":"https:\/\/www.pfarrei-elsendorf.de\/content\/wp-json\/wp\/v2\/users\/1"}],"replies":[{"embeddable":true,"href":"https:\/\/www.pfarrei-elsendorf.de\/content\/wp-json\/wp\/v2\/comments?post=1043"}],"version-history":[{"count":7,"href":"https:\/\/www.pfarrei-elsendorf.de\/content\/wp-json\/wp\/v2\/posts\/1043\/revisions"}],"predecessor-version":[{"id":1051,"href":"https:\/\/www.pfarrei-elsendorf.de\/content\/wp-json\/wp\/v2\/posts\/1043\/revisions\/1051"}],"wp:attachment":[{"href":"https:\/\/www.pfarrei-elsendorf.de\/content\/wp-json\/wp\/v2\/media?parent=1043"}],"wp:term":[{"taxonomy":"category","embeddable":true,"href":"https:\/\/www.pfarrei-elsendorf.de\/content\/wp-json\/wp\/v2\/categories?post=1043"},{"taxonomy":"post_tag","embeddable":true,"href":"https:\/\/www.pfarrei-elsendorf.de\/content\/wp-json\/wp\/v2\/tags?post=1043"}],"curies":[{"name":"wp","href":"https:\/\/api.w.org\/{rel}","templated":true}]}}