{"id":1052,"date":"2021-10-15T21:10:17","date_gmt":"2021-10-15T19:10:17","guid":{"rendered":"https:\/\/www.pfarrei-elsendorf.de\/content\/?p=1052"},"modified":"2022-04-15T13:46:26","modified_gmt":"2022-04-15T11:46:26","slug":"gottesdienstordnung-bis-16-10-14-11-2021","status":"publish","type":"post","link":"https:\/\/www.pfarrei-elsendorf.de\/content\/gottesdienstordnung-bis-16-10-14-11-2021\/","title":{"rendered":"GOTTESDIENSTORDNUNG VOM 16.10.2021 &#8211; 14.11.2021"},"content":{"rendered":"<p><strong>Samstag, 16.10.\u00a0\u00a0\u00a0\u00a0\u00a0\u00a0\u00a0\u00a0\u00a0\u00a0\u00a0\u00a0\u00a0\u00a0\u00a0\u00a0 Hl. Hedwig v. Andechs und Hl. Gallus<\/strong><br \/>\nElsendorf<br \/>\n18:00 Uhr\u00a0\u00a0\u00a0\u00a0\u00a0\u00a0 <em>Aushilfe: Pfarrer Sebastian<br \/>\n<\/em>Maria Werner f\u00fcr + Alfons u. Helene Gallmaier<br \/>\nFam. Elfriede Haindl f\u00fcr + Ehemann u. Vater<br \/>\nElfriede Haindl f\u00fcr + Schwager Anton u. Schwiegereltern<br \/>\nWaltraud und Kinder f\u00fcr + Jakob Kellerer z. Stbtg.<\/p>\n<p><strong>Sonntag, 17.10.\u00a0\u00a0\u00a0\u00a0\u00a0\u00a0\u00a0\u00a0\u00a0\u00a0\u00a0\u00a0\u00a0\u00a0\u00a0\u00a0 KIRCHWEIHFEST \u00a0\u00a0\u00a0\u00a0\u00a0\u00a0<\/strong>\u00a0\u00a0\u00a0\u00a0\u00a0\u00a0\u00a0\u00a0\u00a0\u00a0\u00a0\u00a0\u00a0\u00a0\u00a0\u00a0\u00a0\u00a0\u00a0\u00a0\u00a0\u00a0\u00a0\u00a0\u00a0\u00a0\u00a0\u00a0\u00a0\u00a0\u00a0\u00a0\u00a0\u00a0\u00a0 \u2013Kirchgeld-Kollekte<br \/>\nElsendorf<br \/>\n09:00 Uhr\u00a0\u00a0\u00a0\u00a0\u00a0\u00a0 <em>Aushilfe: Pfarrer Sebastian<br \/>\n<\/em>Fam. Weingartner f\u00fcr + Bruder Leonhard u. Ulrich Vielweber<br \/>\nLeonhard + Marianne Kellerer f\u00fcr + Sohn Jakob z. Stbtg.<br \/>\nResi Heindl f\u00fcr + Tante Leni<\/p>\n<p>Appersdorf<br \/>\n10:00 Uhr\u00a0\u00a0\u00a0\u00a0\u00a0\u00a0 <em>Aushilfe: Pfarrer Sebastian<br \/>\n<\/em>Leonhard Br\u00fccklmaier f\u00fcr+ Ehefrau<br \/>\nFam. Prix f\u00fcr + Mutter z. Stbtg.<br \/>\nBerta Baumeister mit Fam. f\u00fcr + Onkel Andreas Baumeister z. Stbtg.<\/p>\n<p>Appersdorf<br \/>\n11:30 Uhr\u00a0\u00a0\u00a0\u00a0\u00a0\u00a0 Taufe von Sophia Liedl<\/p>\n<p><strong>Dienstag, 19.10.\u00a0\u00a0\u00a0\u00a0\u00a0\u00a0\u00a0\u00a0\u00a0\u00a0\u00a0\u00a0\u00a0\u00a0\u00a0 Hl. Johannes de Br\u00e9beuf,<\/strong><br \/>\nHaunsbach<br \/>\n18:00 Uhr\u00a0\u00a0\u00a0\u00a0\u00a0\u00a0 <em>Aushilfe: Pater Maximilian<br \/>\n<\/em>Agnes Schlemmer f\u00fcr + Alois Weiher<br \/>\nFam. Spitzauer, B\u00f6ham f\u00fcr + Alois Weiher<br \/>\nJosef Thalmair f\u00fcr + Eltern z. Stbtg. des Vaters<br \/>\nGeschwister Amberger f\u00fcr + Tante Anna Bachmaier<br \/>\nFam. Bachmaier, Haunsbach f\u00fcr + Mutter u. Oma<\/p>\n<p><strong>Samstag, 23.10.\u00a0\u00a0\u00a0\u00a0\u00a0\u00a0\u00a0\u00a0\u00a0\u00a0\u00a0\u00a0\u00a0\u00a0\u00a0\u00a0 Hl. Johannes v. Capestrano<\/strong><br \/>\nElsendorf<br \/>\n18:00 Uhr\u00a0\u00a0\u00a0\u00a0\u00a0\u00a0 <em>Aushilfe: Pfarrer Sebastian<br \/>\n<\/em>Geschwister Eisenschenk f\u00fcr + Mutter z. Stbtg., Vater u. Verwandtschft<br \/>\nResi Scheuerer f\u00fcr + Sohn Richard z. Stbtg.<br \/>\nFam. Karl K\u00f6nig f\u00fcr + Erwin Prummer<\/p>\n<p><strong>Sonntag, 24.10.\u00a0\u00a0\u00a0\u00a0\u00a0\u00a0\u00a0\u00a0\u00a0\u00a0\u00a0\u00a0\u00a0\u00a0\u00a0\u00a0 30. SONNTAG IM JAHRESKREIS\u00a0\u00a0\u00a0\u00a0\u00a0\u00a0\u00a0\u00a0\u00a0\u00a0\u00a0\u00a0\u00a0\u00a0\u00a0\u00a0 \u00a0\u00a0\u00a0\u00a0\u00a0\u00a0\u00a0\u00a0\u00a0\u00a0\u00a0\u00a0\u00a0\u00a0\u00a0 &#8211; Missio-Kollekte<\/strong><br \/>\nElsendorf<br \/>\n09:00 Uhr\u00a0\u00a0\u00a0\u00a0\u00a0\u00a0 <em>Aushilfe: Pfarrer Sebastian<br \/>\n<\/em>Fam. Weichenrieder\/Kolbitsch f\u00fcr + Nachbarn u. Freunde<br \/>\nErich Kelbl f\u00fcr + Erwin Prummer<br \/>\nFamilie Schmidtner f\u00fcr + Hermann Mirlach<\/p>\n<p>Appersdorf<br \/>\n10:00 Uhr\u00a0\u00a0\u00a0\u00a0\u00a0\u00a0 <em>Aushilfe: Pfarrer Sebastian<br \/>\n<\/em>Monika u. Inge Bachmeier f\u00fcr + Eltern<br \/>\nLudwig Hartl f\u00fcr + Vater Matth\u00e4us, Onkel Ludwig u. Engelbert Hartl<\/p>\n<p><strong>Mittwoch, 27.10.\u00a0\u00a0\u00a0\u00a0\u00a0\u00a0\u00a0\u00a0\u00a0\u00a0\u00a0\u00a0\u00a0\u00a0\u00a0 Mittwoch der 30. Woche im Jahreskreis<\/strong><br \/>\nElsendorf<br \/>\n16:30 Uhr\u00a0\u00a0\u00a0\u00a0\u00a0\u00a0 <strong><em>Sch\u00fclergottesdienst<\/em><\/strong>\u00a0 <em>Aushilfe: Pater Maximilian<br \/>\n<\/em>Stiftsmesse Josefa Bauer f\u00fcr + Wally Bauer<\/p>\n<p><strong>Ganz herzlich sind die Firmlinge eingeladen,<br \/>\n<\/strong><strong>die einen Brief vom Bischof und ein Andenken zur Firnung erhalten.<\/strong><\/p>\n<p>Donnerstag, 28.10.\u00a0\u00a0\u00a0\u00a0\u00a0\u00a0\u00a0\u00a0\u00a0\u00a0 HL. SIMON UND HL. JUDAS<br \/>\nMeilenhofen<br \/>\n19:00 Uhr\u00a0\u00a0\u00a0\u00a0\u00a0\u00a0 <em>Aushilfe: Pater Maximilian<br \/>\n<\/em>Georg Sommerer f\u00fcr + Mutter u. Oma Inge Sommerer<br \/>\nFam. Br\u00fccklmaier Meilenhofen f\u00fcr + Anna Bachmeier u. Magdalena Amberger<br \/>\nFlorian Adam f\u00fcr + Schwester Theresia Stuiber<br \/>\nAnna Schretzlmeier f\u00fcr + Georg Gabelsberger<\/p>\n<p><strong>Samstag, 30.10.\u00a0\u00a0\u00a0\u00a0\u00a0\u00a0\u00a0\u00a0\u00a0\u00a0\u00a0\u00a0\u00a0\u00a0\u00a0\u00a0 Marien-Samstag<\/strong><br \/>\nElsendorf<br \/>\n18:00 Uhr\u00a0\u00a0\u00a0\u00a0\u00a0\u00a0 <em>Aushilfe: Pfarrer Sebastian<br \/>\n<\/em>Elfriede K\u00f6nig f\u00fcr + Eltern u. Schwester<br \/>\nMarianne Wagner, Ratzenh. f\u00fcr + Ehemann u. Eltern<br \/>\nSeniorenfreunde f\u00fcr + Maria Sch\u00f6ttl<br \/>\nAnnelies Prummer f\u00fcr + Ehemann z. Geburtstag u. Stbtg.<\/p>\n<p><strong>Sonntag, 31.10.\u00a0\u00a0\u00a0\u00a0\u00a0\u00a0\u00a0\u00a0\u00a0\u00a0\u00a0\u00a0\u00a0\u00a0\u00a0\u00a0 31. SONNTAG IM JAHRESKREIS &#8211;<\/strong><br \/>\nBerghausen<br \/>\n09:00 Uhr<br \/>\n<strong>GR\u00c4BERSEGNUNG <\/strong><em>Aushilfe: Pfarrer Sebastian<br \/>\n<\/em>Ludwig Gschl\u00f6\u00dfl f\u00fcr + Mutter Magdalena z. Stbtg.<br \/>\nGechwister Maier f\u00fcr + Gro\u00dfeltern Peter u. Elisabeth Prummer<br \/>\nAngela Weiher mit Kinder f\u00fcr + Ehemann u. Vater<br \/>\nFam. Holzner f\u00fcr + Adolf Holzner<br \/>\nIrmgard Gschl\u00f6\u00dfl f\u00fcr + Eltern u. Schwester K\u00e4thi<br \/>\nWalburga Weiher f\u00fcr + Sohn Anton z. Stbtg.<br \/>\nFam. Prummer f\u00fcr + Eduard Weiher<br \/>\nMaria Roithmeier f\u00fcr + Oma z. Sterbetag<br \/>\nFam. Neppl f\u00fcr + Ludwig Hofbauer<br \/>\nBeate Sirl f\u00fcr + Onkel Werner Nachtmann<\/p>\n<p>Elsendorf<br \/>\n10:00 Uhr\u00a0\u00a0\u00a0\u00a0\u00a0\u00a0 <em>Aushilfe: Pfarrer Sebastian<br \/>\n<\/em>Fam. Anna Lanzl f\u00fcr + Ehemann u. Vater<br \/>\nFam. Karl Lanzl f\u00fcr + Eltern u. Angeh\u00f6rige<br \/>\nGeschwister Mayer f\u00fcr + Eltern Katharina u. Josef Mayer<\/p>\n<p><strong>Montag, 01.11.\u00a0\u00a0\u00a0\u00a0\u00a0\u00a0\u00a0\u00a0\u00a0\u00a0\u00a0\u00a0\u00a0\u00a0\u00a0\u00a0\u00a0 ALLERHEILIGEN &#8211;<\/strong><br \/>\nElsendorf<br \/>\n09:00 Uhr\u00a0\u00a0\u00a0\u00a0\u00a0\u00a0 <strong>Andacht mit Gr\u00e4bersegnung<\/strong><\/p>\n<p>Appersdorf<br \/>\n10:00 Uhr\u00a0\u00a0\u00a0\u00a0\u00a0\u00a0 <strong>Sonntagsmesse mit Gr\u00e4bersegnung<br \/>\n<\/strong>Fam. Ginzinger f\u00fcr + Angeh\u00f6rige<\/p>\n<p>Meilenhofen<br \/>\n12:30 Uhr\u00a0\u00a0\u00a0\u00a0\u00a0\u00a0 <strong>Andacht mit Gr\u00e4bersegnung<\/strong><\/p>\n<p>Dienstag, 02.11.<br \/>\nALLERSEELEN Kollekte f. Priesterausbildung Ost- u. Mitteleuropa<br \/>\nHaunsbach<br \/>\n17:00 Uhr\u00a0\u00a0\u00a0\u00a0\u00a0\u00a0 <strong>Gottesdienst mit Gr\u00e4bersegnung<br \/>\n<\/strong>Rosa Weiher f\u00fcr + Eltern u. Geschwister<br \/>\nZenta Haltmeier f\u00fcr + Ehemann u. Angeh\u00f6rige<br \/>\nFam. Albert Deindl f\u00fcr + Schwester Maria Sigl<br \/>\nFam. Gabelsberger f\u00fcr + Bruder Georg u. Schwester Katharina Gr\u00fcnberger<\/p>\n<p><strong>Samstag, 06.11.\u00a0\u00a0\u00a0\u00a0\u00a0\u00a0\u00a0\u00a0\u00a0\u00a0\u00a0\u00a0\u00a0\u00a0\u00a0\u00a0 Hl. Leonhard, Marien-Samstag<\/strong><br \/>\nElsendorf<br \/>\n18:00 Uhr<br \/>\nAnnelies Prummer f\u00fcr + Eltern u. Schwiegereltern<br \/>\nJosef Stempfhuber f\u00fcr + Eltern u. Geschwister<\/p>\n<p>Berghausen<br \/>\n18:00 Uhr\u00a0\u00a0\u00a0\u00a0\u00a0\u00a0 Fam. Schinagl f\u00fcr die armen Seelen<br \/>\nFam. Haas f\u00fcr + Go\u00dfeltern u. Verwandtschaft beiderseits<br \/>\nFam. Helga Niesl f\u00fcr + Vater u. Opa Albert Schreiner<br \/>\nFam. Holzner f\u00fcr + Angeh\u00f6rige<br \/>\nSofie Amberger f\u00fcr die armen Seelen<br \/>\nElisabeth Neppl f\u00fcr + Nachbar Theodor Maier<br \/>\nMaria Roithmeier f\u00fcr + Mama Elisabeth Neppl \u00a0\u00a0\u00a0\u00a0z. Gbtstg.<br \/>\nTanja Roithmeier f\u00fcr + Oma Elisabeth Neppl z. Gbtstg.<br \/>\nAlbert Hofbauer f\u00fcr + Magdalena Amberger<br \/>\nFam. Erwin Weiher f\u00fcr + Mutter Walburga Weiher<\/p>\n<p><strong>Sonntag, 07.11.\u00a0\u00a0\u00a0\u00a0\u00a0\u00a0\u00a0\u00a0\u00a0\u00a0\u00a0\u00a0\u00a0\u00a0\u00a0\u00a0 Sonntag der 32. Woche im Jahreskreis &#8211;<\/strong> Kollekte f. Jugend- und Arbeiterseelsorge<br \/>\nElsendorf<br \/>\n09:00 Uhr<br \/>\nKaroline Schmidtner f\u00fcr + Maria Sch\u00f6ttl<br \/>\nFam. Kellerer f\u00fcr + Maria Sch\u00f6ttl<\/p>\n<p>Appersdorf\u00a0\u00a0\u00a0\u00a0\u00a0\u00a0 10:00 Uhr<br \/>\n# <strong>Gedenken der Soldaten u. Kriegerkameradschaft<br \/>\n<\/strong>Krieger- u. Soldatenkameradschaft f\u00fcr + Mitglieder<br \/>\nFamilie Hilz f\u00fcr + Nachbar Thomas<\/p>\n<p>Appersdorf<br \/>\n11:15 Uhr\u00a0\u00a0\u00a0\u00a0\u00a0\u00a0 Taufe von Philomena Sommerer<\/p>\n<p><strong>Dienstag, 09.11.\u00a0\u00a0\u00a0\u00a0\u00a0\u00a0\u00a0\u00a0\u00a0\u00a0\u00a0\u00a0\u00a0\u00a0\u00a0 WEIHETAG DER LATERANBASILIKA<\/strong><br \/>\nElsendorf<br \/>\n18:00 Uhr<br \/>\nResi Scheuerer f\u00fcr + Schwester Juliane<br \/>\nFam. Weber f\u00fcr + Eltern u. Verwandtschaft<\/p>\n<p><strong>Mittwoch, 10.11.\u00a0\u00a0\u00a0\u00a0\u00a0\u00a0\u00a0\u00a0\u00a0\u00a0\u00a0\u00a0\u00a0\u00a0\u00a0 Hl. Leo der Gro\u00dfe<\/strong><br \/>\nHaunsbach<br \/>\n18:00 Uhr<br \/>\nFam. Josef Thalmair f\u00fcr + Magdalena Amberger, Berghausen<br \/>\nGeschwister Haindl f\u00fcr + Andreas u. Erhard Baumeister und Hildegard Deml<br \/>\nAdolf Lindner f\u00fcr + Eltern u. Geschwister<br \/>\nFam. Bachmaier f\u00fcr + Mutter u. Oma z. Stbtg.<\/p>\n<p><strong>Donnerstag, 11.11.\u00a0\u00a0\u00a0\u00a0\u00a0\u00a0\u00a0\u00a0\u00a0\u00a0 Hl. Martin<\/strong><br \/>\nMeilenhofen<br \/>\n19:00 Uhr<br \/>\nBrigitte Amberger f\u00fcr + Eltern u. Geschwister<br \/>\nWally Oberst\u00f6tter f\u00fcr + Ehemann u. Vater z. Geburtstag<br \/>\nMaria Kerschl f\u00fcr + Patin Theresia Stuiber<br \/>\nHermann Langwieser f\u00fcr + Eltern u. Oma<\/p>\n<p><strong>Freitag, 12.11.\u00a0\u00a0\u00a0\u00a0\u00a0\u00a0\u00a0\u00a0\u00a0\u00a0\u00a0\u00a0\u00a0\u00a0\u00a0\u00a0\u00a0\u00a0 Hl. Josaphat<\/strong><br \/>\nSt. Anton<br \/>\n17:00 Uhr\u00a0\u00a0\u00a0\u00a0\u00a0\u00a0 Andacht zu Ehren des Hl. Martins im Freien<br \/>\nF\u00fcr <strong>alle Familien<\/strong> im Pfarrverbund!<\/p>\n<p>Samstag, 13.11.\u00a0\u00a0\u00a0\u00a0\u00a0\u00a0\u00a0\u00a0\u00a0\u00a0\u00a0\u00a0\u00a0\u00a0\u00a0\u00a0 Marien-Samstag<br \/>\nElsendorf<br \/>\n18:00 Uhr<br \/>\nSilvia Fischer f\u00fcr + Gro\u00dfeltern Theresia u. Johann Sch\u00f6ttl, Anna u. Simon Gigl<br \/>\nJosef Simb\u00fcrger f\u00fcr Ehefrau Sabine z. Hochzeitstag<br \/>\nFamilie Ludwig Hartl f\u00fcr + Franz Xaver u. Gertraud Bielmeier<br \/>\nL\u00f6wenfreunde Elsendorf f\u00fcr + Mitglieder<\/p>\n<p><strong>Sonntag, 14.11.\u00a0\u00a0\u00a0\u00a0\u00a0\u00a0\u00a0\u00a0\u00a0\u00a0\u00a0\u00a0\u00a0\u00a0\u00a0\u00a0 Sonntag der 33. Woche im Jahreskreis &#8211;<\/strong><br \/>\nAppersdorf<br \/>\n09:00 Uhr\u00a0\u00a0\u00a0\u00a0\u00a0\u00a0 Stiftsmesse f\u00fcr + Magdalena Weingartner<br \/>\nZenta Hartl mit Familie f\u00fcr + Englbert Hartl<\/p>\n<p>Elsendorf<br \/>\n10:00 Uhr\u00a0\u00a0\u00a0\u00a0\u00a0\u00a0 <strong>Gedenken der Soldaten u. Kriegerkameradschaft<br \/>\n<\/strong>Krieger- u. Reservistenkameradschaft f\u00fcr gefallene, vermisste u. + Mitglieder<br \/>\nMaria Weindler f\u00fcr + Ehemann Max z. Stbtg.<br \/>\nFam. Kellerer f\u00fcr + Maria Gallmeier<\/p>\n","protected":false},"excerpt":{"rendered":"<p>Samstag, 16.10.\u00a0\u00a0\u00a0\u00a0\u00a0\u00a0\u00a0\u00a0\u00a0\u00a0\u00a0\u00a0\u00a0\u00a0\u00a0\u00a0 Hl. Hedwig v. Andechs und Hl. Gallus Elsendorf 18:00 Uhr\u00a0\u00a0\u00a0\u00a0\u00a0\u00a0 Aushilfe: Pfarrer Sebastian Maria Werner f\u00fcr + Alfons u. Helene Gallmaier Fam. Elfriede Haindl f\u00fcr + Ehemann u. Vater Elfriede Haindl f\u00fcr + Schwager Anton u. Schwiegereltern Waltraud und Kinder f\u00fcr + Jakob Kellerer z. Stbtg. Sonntag, 17.10.\u00a0\u00a0\u00a0\u00a0\u00a0\u00a0\u00a0\u00a0\u00a0\u00a0\u00a0\u00a0\u00a0\u00a0\u00a0\u00a0 KIRCHWEIHFEST \u00a0\u00a0\u00a0\u00a0\u00a0\u00a0\u00a0\u00a0\u00a0\u00a0\u00a0\u00a0\u00a0\u00a0\u00a0\u00a0\u00a0\u00a0\u00a0\u00a0\u00a0\u00a0\u00a0\u00a0\u00a0\u00a0\u00a0\u00a0\u00a0\u00a0\u00a0\u00a0\u00a0\u00a0\u00a0\u00a0\u00a0\u00a0\u00a0\u00a0\u00a0 \u2013Kirchgeld-Kollekte Elsendorf 09:00 &hellip; <a href=\"https:\/\/www.pfarrei-elsendorf.de\/content\/gottesdienstordnung-bis-16-10-14-11-2021\/\" class=\"more-link\"><span class=\"screen-reader-text\">GOTTESDIENSTORDNUNG VOM 16.10.2021 &#8211; 14.11.2021<\/span> weiterlesen <span class=\"meta-nav\">&rarr;<\/span><\/a><\/p>\n","protected":false},"author":1,"featured_media":0,"comment_status":"closed","ping_status":"closed","sticky":false,"template":"","format":"standard","meta":{"footnotes":""},"categories":[1,9],"tags":[12,16,20,19,18,11,30,22,34,35,10,21,23,24,13,36],"class_list":["post-1052","post","type-post","status-publish","format-standard","hentry","category-allgemein","category-archiv","tag-appersdorf","tag-berghausen","tag-bistum-eichstaett","tag-bistum-regensburg","tag-carita-sozialstation","tag-elsendorf","tag-katholischer-frauenbund-elsendorf","tag-maria-immaculata","tag-pfarrbrief","tag-pfarrbrief-elsendorf","tag-pfarrei","tag-pfarrei-appersdorf","tag-pfarrei-elsendorf","tag-pfarrer-albert-vogl","tag-pfarrer-vogl","tag-pfarrkirche-maria-immaculata"],"_links":{"self":[{"href":"https:\/\/www.pfarrei-elsendorf.de\/content\/wp-json\/wp\/v2\/posts\/1052","targetHints":{"allow":["GET"]}}],"collection":[{"href":"https:\/\/www.pfarrei-elsendorf.de\/content\/wp-json\/wp\/v2\/posts"}],"about":[{"href":"https:\/\/www.pfarrei-elsendorf.de\/content\/wp-json\/wp\/v2\/types\/post"}],"author":[{"embeddable":true,"href":"https:\/\/www.pfarrei-elsendorf.de\/content\/wp-json\/wp\/v2\/users\/1"}],"replies":[{"embeddable":true,"href":"https:\/\/www.pfarrei-elsendorf.de\/content\/wp-json\/wp\/v2\/comments?post=1052"}],"version-history":[{"count":4,"href":"https:\/\/www.pfarrei-elsendorf.de\/content\/wp-json\/wp\/v2\/posts\/1052\/revisions"}],"predecessor-version":[{"id":1056,"href":"https:\/\/www.pfarrei-elsendorf.de\/content\/wp-json\/wp\/v2\/posts\/1052\/revisions\/1056"}],"wp:attachment":[{"href":"https:\/\/www.pfarrei-elsendorf.de\/content\/wp-json\/wp\/v2\/media?parent=1052"}],"wp:term":[{"taxonomy":"category","embeddable":true,"href":"https:\/\/www.pfarrei-elsendorf.de\/content\/wp-json\/wp\/v2\/categories?post=1052"},{"taxonomy":"post_tag","embeddable":true,"href":"https:\/\/www.pfarrei-elsendorf.de\/content\/wp-json\/wp\/v2\/tags?post=1052"}],"curies":[{"name":"wp","href":"https:\/\/api.w.org\/{rel}","templated":true}]}}