{"id":1057,"date":"2021-10-15T21:26:03","date_gmt":"2021-10-15T19:26:03","guid":{"rendered":"https:\/\/www.pfarrei-elsendorf.de\/content\/?p=1057"},"modified":"2022-04-15T13:45:21","modified_gmt":"2022-04-15T11:45:21","slug":"messintentionen-und-mitteilungsblatt-bis-16-11-2021","status":"publish","type":"post","link":"https:\/\/www.pfarrei-elsendorf.de\/content\/messintentionen-und-mitteilungsblatt-bis-16-11-2021\/","title":{"rendered":"MESSINTENTIONEN UND MITTEILUNGSBLATT BIS 16.11.2021"},"content":{"rendered":"<p><strong><u>Abwesenheit Pfarrer Vogl:<br \/>\n<\/u><\/strong>Pfarrer Albert Vogl ist vom 11. Oktober bis 31. Oktober im Krankenstand. Pater Maximilian und Pfarrer Sebastian \u00fcbernehmen in dieser Zeit die Vertretung. Daf\u00fcr ein herzliches \u201eVerelt`s Gott\u201c.<br \/>\nAlle ausgefallenen Messintentionen werden nachgeholt.<\/p>\n<p><strong><u>Elsendorfer Kirchenspatzen:<br \/>\n<\/u><\/strong>Am Freitag\u00a0 15.10, 22.10., 29.10 und 05.11. ist Singstunde von 16:15 Uhr \u2013 17:15 Uhr in der Pfarrkirche. Die Hygieneregeln sind einzuhalten.<\/p>\n<p><strong><u>Pfarrei Elsendorf:<br \/>\n<\/u><\/strong>Die Kirchenrechnung f\u00fcr 2019 liegt im Pfarrb\u00fcro Elsendorf vom 18. Oktober bis 01. November zur Einsicht aus.<\/p>\n<p><strong><u>Kirchweihspende \u2013 Kirchgeld<br \/>\n<\/u><\/strong>Anl\u00e4sslich des Kirchweihfestes bitten die kath. Kirchenstiftungen Elsendorf, Appersdorf und Berghausen alle Pfarrangeh\u00f6rigen um ihre Spende zur Abdeckung der Aufwendungen in der jeweiligen Pfarrgemeinde.<br \/>\nZugleich m\u00f6chten wir auf die Entrichtung des j\u00e4hrlichen Kirchgeldes von 1,50 \u20ac hinweisen. Um diesen Betrag der ausschlie\u00dflich f\u00fcr die Aufwendungen unserer Pfarreien verwendet wird, werden Katholiken ab dem 18. Lebensjahr gebeten, die \u00fcber ein eigenes Einkommen verf\u00fcgen. Davon ausgenommen sind Personen, die in der Ausbildung sind, oder \u00fcber ein nur geringes Einkommen verf\u00fcgen.<br \/>\nEs liegt selbstverst\u00e4ndlich in Ihrem Ermessen, den erbetenen Betrag durch eine zus\u00e4tzliche Spende zu erg\u00e4nzen.<br \/>\nSoweit Sie f\u00fcr Ihren zus\u00e4tzlichen Spendenbetrag zum Kirchgeld eine Spendenquittung w\u00fcnschen, bitten wir dies (im Rahmen der Kollekte, bei Ihrer \u00dcberweisung oder bei Einzahlung im Pfarrb\u00fcro) entsprechend zu vermerken, sowie Namen und Adressen anzugeben.<\/p>\n<p>Die Bankverbindungen entnehmen sie bitte dem gedruckten Pfarrbrief<u><br \/>\n<\/u><strong><u><br \/>\nDer Pfarrbrief f\u00fcr Mitterstetten und Landersdorf liegt ab sofort im Bush\u00e4usl zur Mitnahme auf!<\/u><\/strong><\/p>\n<p><strong><u>Die Ministranten der Pfarrgemeinde Appersdorf<br \/>\n<\/u><\/strong>besuchen am Kirchweihwochenende ab Freitag bis Sonntag alle H\u00e4user in der Pfarrgemeinde Appersdorf um das vers\u00e4umte Ratschen\u00a0und Eiersammeln nachzuholen\u201c.<br \/>\nF\u00fcr unsere Ministranten ist dies der Lohn f\u00fcr ihren ganzj\u00e4hrigen Ministrantendienst.<br \/>\nBitte w\u00fcrdigen Sie dies mit einer kleinen Gabe.<\/p>\n<p><strong><u>Ein herzliches \u201eVergelt`s Gott\u201c<br \/>\n<\/u><\/strong>den flei\u00dfigen Mesnern, Helfern und Gabenspendern unserer Pfarrgemeinden Elsendorf, Appersdorf und Berghausen f\u00fcr die Gaben und die liebevolle Gestaltung der Erntealt\u00e4re.<\/p>\n<p style=\"text-align: center;\"><strong><u>Wir gedenken an Allerheiligen \/ Allerseelen <\/u><\/strong><strong><u>unserer<br \/>\n<\/u><\/strong><strong><u>Verstorbenen des letzten Jahres<\/u><\/strong><\/p>\n<p style=\"text-align: left;\"><strong><em><u>In Elsendorf<\/u><\/em><\/strong><\/p>\n<p>Erwin Prummer<br \/>\n78 Jahre\u00a0\u00a0\u00a0\u00a0\u00a0\u00a0\u00a0\u00a0 Mitterstetten\u00a0\u00a0\u00a0\u00a0\u00a0\u00a0\u00a0\u00a0 am 27.10.2020<\/p>\n<p>Thomas Neubauer<br \/>\n79 Jahre\u00a0\u00a0 Horneck\u00a0\u00a0\u00a0\u00a0\u00a0\u00a0\u00a0\u00a0\u00a0\u00a0\u00a0 am 16.01.2021<\/p>\n<p>Lorenz Hofbauer<br \/>\n92 Jahre\u00a0\u00a0 Elsendorf\u00a0\u00a0\u00a0\u00a0\u00a0\u00a0\u00a0\u00a0\u00a0 am 14.02.2021<\/p>\n<p>Bernhard B\u00f6sl<br \/>\n54 Jahre \u00a0 Elsendorf\u00a0\u00a0\u00a0\u00a0\u00a0\u00a0\u00a0\u00a0\u00a0 am 01.04.2021<\/p>\n<p>Christian Greis<br \/>\n73 Jahre\u00a0\u00a0 Elsendorf\u00a0\u00a0\u00a0\u00a0\u00a0\u00a0\u00a0\u00a0\u00a0 am 11.04.2021<\/p>\n<p>Franziska Krettek<br \/>\n88 Jahre\u00a0\u00a0 Appersdorf\u00a0\u00a0\u00a0\u00a0\u00a0\u00a0\u00a0 am 31.05.2021<\/p>\n<p>Franz Brunner<br \/>\n93 Jahre\u00a0\u00a0 Horneck\u00a0\u00a0\u00a0\u00a0\u00a0\u00a0\u00a0\u00a0\u00a0\u00a0\u00a0 am 02.06.2021<\/p>\n<p>Heribert Seebauer<br \/>\n82 Jahre\u00a0\u00a0 Appersdorf\u00a0\u00a0\u00a0\u00a0\u00a0\u00a0\u00a0 am 23.06.2021<\/p>\n<p>Daniel Karsties<br \/>\n36 Jahre\u00a0\u00a0 Elsendorf\u00a0\u00a0\u00a0\u00a0\u00a0\u00a0\u00a0\u00a0\u00a0 am 09.07.2021<\/p>\n<p>Therese Spornraft<br \/>\n88 Jahre\u00a0\u00a0 Landersdorf\u00a0\u00a0\u00a0\u00a0\u00a0\u00a0 am 24.07.2021<\/p>\n<p>Maria Sch\u00f6ttl<br \/>\n84 Jahre\u00a0\u00a0 Elsendorf\u00a0\u00a0\u00a0\u00a0\u00a0\u00a0\u00a0\u00a0\u00a0 am 13.09.2021<\/p>\n<p>&nbsp;<\/p>\n<p><strong><em><u>In Appersdorf<br \/>\n<\/u><\/em><\/strong>Anna Bachmaier<br \/>\n87 Jahre\u00a0\u00a0 Haunsbach\u00a0\u00a0\u00a0\u00a0\u00a0\u00a0 am 21.10.2020<\/p>\n<p>Georg Weiher<br \/>\n82 Jahre\u00a0\u00a0 Haunsbach\u00a0\u00a0\u00a0\u00a0\u00a0\u00a0 am 21.01.2021<\/p>\n<p>Antonie Sommerer<br \/>\n84 Jahre\u00a0\u00a0 Meilenhofen\u00a0\u00a0\u00a0\u00a0\u00a0 am 20.02.2021<\/p>\n<p>Maria Sigl<br \/>\n89 Jahre\u00a0\u00a0 Meilenhofen\u00a0\u00a0\u00a0\u00a0\u00a0 am 10.03.2021<\/p>\n<p>Walburga Eder<br \/>\n73 Jahre\u00a0\u00a0 Appersdorf\u00a0\u00a0\u00a0\u00a0\u00a0\u00a0\u00a0 am 23.03.2021<\/p>\n<p>J\u00fcrgen Denocke<br \/>\n75 Jahre\u00a0\u00a0 Appersdorf\u00a0\u00a0\u00a0\u00a0\u00a0\u00a0\u00a0 am 25.03.2021<\/p>\n<p>Xaver Raab<br \/>\n89 Jahre\u00a0\u00a0 Appersdorf\u00a0\u00a0\u00a0\u00a0\u00a0\u00a0\u00a0 am 01.04.2021<\/p>\n<p>Alois Weiher<br \/>\n94 Jahre\u00a0\u00a0 Haunsbach\u00a0\u00a0\u00a0\u00a0\u00a0\u00a0 am 04.05.2021<\/p>\n<p>Georg Gabelsberger<br \/>\n89 Jahre\u00a0\u00a0 Meilenhofen\u00a0\u00a0\u00a0\u00a0\u00a0 am 26.06.2021<\/p>\n<p>Theresia Stuiber<br \/>\n89 Jahre\u00a0\u00a0 Meilenhofen\u00a0\u00a0\u00a0\u00a0\u00a0 am 31.08.2021<\/p>\n<p>Anna Frank<br \/>\n97 Jahre\u00a0\u00a0 Meilenhofen\u00a0\u00a0\u00a0\u00a0\u00a0 am 01.10.2021<\/p>\n<p>&nbsp;<\/p>\n<p><strong><em><u>In Berghausen<\/u><\/em><\/strong><\/p>\n<p>Ludwig Hofbauer<br \/>\n96 Jahre\u00a0\u00a0 Berghausen\u00a0\u00a0\u00a0\u00a0\u00a0 am 21.12.2020<\/p>\n<p>Eduard Weiher<br \/>\n81 Jahre\u00a0\u00a0 Berghausen\u00a0\u00a0\u00a0\u00a0\u00a0 am 02.01.2021<\/p>\n<p>Magdalena Amberger<br \/>\n94 Jahre\u00a0\u00a0 Berghausen\u00a0\u00a0\u00a0\u00a0\u00a0 am 04.05.2021<\/p>\n<p>Theodor Maier<br \/>\n86 Jahre\u00a0\u00a0 Berghausen\u00a0\u00a0\u00a0\u00a0\u00a0 am 17.05.2021<\/p>\n<p>Elisabeth Neppl<br \/>\n85 Jahre\u00a0\u00a0 Berghausen \u00a0\u00a0\u00a0\u00a0 am 30.05.2021<\/p>\n<p>Georg Sirl<br \/>\n85 Jahre\u00a0\u00a0 Berghausen\u00a0\u00a0\u00a0\u00a0\u00a0 am 17.08.2021<\/p>\n<p>Walburga Weiher<br \/>\n90 Jahre\u00a0\u00a0 Berghausen\u00a0\u00a0\u00a0\u00a0\u00a0 am 05.10.2021<\/p>\n<hr \/>\n<article id=\"post-1018\" class=\"post-1018 post type-post status-publish format-standard hentry category-allgemein category-archiv category-pfarrbrief tag-37 tag-appersdorf tag-berghausen tag-bistum-eichstaett tag-bistum-regensburg tag-carita-sozialstation tag-elsendorf tag-erstkommunion-2021 tag-firmung tag-firmung-2021 tag-frauenbund tag-haunsbach tag-katholischer-frauenbund-elsendorf tag-kommunion tag-kommunion-2021 tag-maria-immaculata tag-pfarrbrief tag-pfarrbrief-elsendorf tag-pfarrei tag-pfarrei-appersdorf tag-pfarrei-elsendorf tag-pfarrer-albert-vogl tag-pfarrer-vogl tag-pfarrkirche-maria-immaculata\">\n<div class=\"entry-content\">\n<p>Katholisches Pfarramt Elsendorf<br \/>\nMainburger Stra\u00dfe 1<br \/>\n84094 Elsendorf<br \/>\nTelefon: 08753\/245<br \/>\nFax: 08753\/910498<br \/>\ne-mail: elsendorf\u201cAT\u201cbistum-regensburg.de<br \/>\nwww.pfarrei-elsendorf.de<br \/>\nB\u00fcrozeiten:<br \/>\n<strong><u>Ge\u00e4nderte \u00d6ffnungszeiten des Pfarrb\u00fcros:<br \/>\n<\/u>Bis auf weiteres gelten im Pfarrb\u00fcro folgende \u00d6ffnungszeiten:<\/strong><br \/>\n<strong>Dienstag: 9:30 Uhr bis 12:30 Uhr<\/strong><br \/>\n<strong>Freitag:\u00a0\u00a0 15:00 Uhr bis 17:00 Uhr<\/strong><br \/>\n<a href=\"http:\/\/www.sozialstation-mainburg.de\/\" target=\"_blank\" rel=\"noreferrer noopener\">Link zur Caritas Sozialstation Mainburg<\/a><\/p>\n<\/div>\n<h6><a href=\"https:\/\/www.pfarrei-elsendorf.de\/content\/wp-content\/uploads\/2021\/10\/2021_11_Novemberkl.pdf\" target=\"_blank\" rel=\"noopener\"><strong><span style=\"color: #0000ff;\">Hier k\u00f6nnen Sie <\/span><\/strong><span style=\"font-family: Calibri; font-size: medium;\"><strong><span style=\"color: #0000ff;\">das Monatsplakat<br \/>\nder KEB f\u00fcr November herunterladen<\/span><\/strong><\/span><\/a><\/h6>\n<p>&nbsp;<\/p>\n<\/article>\n<nav class=\"navigation post-navigation\" role=\"navigation\">\n<div class=\"nav-links\"><\/div>\n<\/nav>\n","protected":false},"excerpt":{"rendered":"<p>Abwesenheit Pfarrer Vogl: Pfarrer Albert Vogl ist vom 11. Oktober bis 31. Oktober im Krankenstand. Pater Maximilian und Pfarrer Sebastian \u00fcbernehmen in dieser Zeit die Vertretung. Daf\u00fcr ein herzliches \u201eVerelt`s Gott\u201c. Alle ausgefallenen Messintentionen werden nachgeholt. Elsendorfer Kirchenspatzen: Am Freitag\u00a0 15.10, 22.10., 29.10 und 05.11. ist Singstunde von 16:15 Uhr \u2013 17:15 Uhr in der &hellip; <a href=\"https:\/\/www.pfarrei-elsendorf.de\/content\/messintentionen-und-mitteilungsblatt-bis-16-11-2021\/\" class=\"more-link\"><span class=\"screen-reader-text\">MESSINTENTIONEN UND MITTEILUNGSBLATT BIS 16.11.2021<\/span> weiterlesen <span class=\"meta-nav\">&rarr;<\/span><\/a><\/p>\n","protected":false},"author":1,"featured_media":0,"comment_status":"closed","ping_status":"closed","sticky":false,"template":"","format":"standard","meta":{"footnotes":""},"categories":[1,9],"tags":[],"class_list":["post-1057","post","type-post","status-publish","format-standard","hentry","category-allgemein","category-archiv"],"_links":{"self":[{"href":"https:\/\/www.pfarrei-elsendorf.de\/content\/wp-json\/wp\/v2\/posts\/1057","targetHints":{"allow":["GET"]}}],"collection":[{"href":"https:\/\/www.pfarrei-elsendorf.de\/content\/wp-json\/wp\/v2\/posts"}],"about":[{"href":"https:\/\/www.pfarrei-elsendorf.de\/content\/wp-json\/wp\/v2\/types\/post"}],"author":[{"embeddable":true,"href":"https:\/\/www.pfarrei-elsendorf.de\/content\/wp-json\/wp\/v2\/users\/1"}],"replies":[{"embeddable":true,"href":"https:\/\/www.pfarrei-elsendorf.de\/content\/wp-json\/wp\/v2\/comments?post=1057"}],"version-history":[{"count":5,"href":"https:\/\/www.pfarrei-elsendorf.de\/content\/wp-json\/wp\/v2\/posts\/1057\/revisions"}],"predecessor-version":[{"id":1064,"href":"https:\/\/www.pfarrei-elsendorf.de\/content\/wp-json\/wp\/v2\/posts\/1057\/revisions\/1064"}],"wp:attachment":[{"href":"https:\/\/www.pfarrei-elsendorf.de\/content\/wp-json\/wp\/v2\/media?parent=1057"}],"wp:term":[{"taxonomy":"category","embeddable":true,"href":"https:\/\/www.pfarrei-elsendorf.de\/content\/wp-json\/wp\/v2\/categories?post=1057"},{"taxonomy":"post_tag","embeddable":true,"href":"https:\/\/www.pfarrei-elsendorf.de\/content\/wp-json\/wp\/v2\/tags?post=1057"}],"curies":[{"name":"wp","href":"https:\/\/api.w.org\/{rel}","templated":true}]}}