{"id":1065,"date":"2021-11-16T21:38:38","date_gmt":"2021-11-16T20:38:38","guid":{"rendered":"https:\/\/www.pfarrei-elsendorf.de\/content\/?p=1065"},"modified":"2022-04-15T13:46:33","modified_gmt":"2022-04-15T11:46:33","slug":"gottesdienstordnung-vom-15-11-2021-12-12-2021","status":"publish","type":"post","link":"https:\/\/www.pfarrei-elsendorf.de\/content\/gottesdienstordnung-vom-15-11-2021-12-12-2021\/","title":{"rendered":"GOTTESDIENSTORDNUNG VOM 15.11.2021 \u2013 12.12.2021"},"content":{"rendered":"<p>Wir feiern Gottesdienst:<\/p>\n<p><strong>Dienstag, 16.11.\u00a0\u00a0\u00a0\u00a0\u00a0\u00a0\u00a0\u00a0\u00a0\u00a0\u00a0\u00a0\u00a0\u00a0\u00a0 Hl. Margareta<\/strong><br \/>\nElsendorf<br \/>\n18:00 Uhr<br \/>\nHildegard Niesl u. Brigitte Gallmaier f\u00fcr + Maria Sch\u00f6ttl<br \/>\nMaria Ziegler f\u00fcr + Eltern u. Bruder<br \/>\nMaria Ziegler f\u00fcr + Nachbarschaft<\/p>\n<p><strong>Samstag, 20.11.\u00a0\u00a0\u00a0\u00a0\u00a0\u00a0\u00a0\u00a0\u00a0\u00a0\u00a0\u00a0\u00a0\u00a0\u00a0\u00a0 Marien-Samstag<\/strong><br \/>\nElsendorf<br \/>\n18:00 Uhr\u00a0\u00a0\u00a0\u00a0\u00a0\u00a0 <strong>Ministrantenaufnahme\/Entlassfeier<br \/>\n<\/strong>Maria Sch\u00f6ttl f\u00fcr + Cousin Pfarrer Andreas Neumeier u. Geschwister<br \/>\nMaria Sch\u00f6ttl f\u00fcr + Schw\u00e4gerin Anna Pals u. Ehemann Siebe und Angeh\u00f6rige<br \/>\nChrista Saule f\u00fcr + Schwager Hans und Schwiegereltern Anna u. Georg Saule<br \/>\nSilvia Fischer f\u00fcr + Mutter zum 85. Geburtstag<\/p>\n<p><strong>Sonntag, 21.11.\u00a0\u00a0\u00a0\u00a0\u00a0\u00a0\u00a0\u00a0\u00a0 CHRISTK\u00d6NIGSSONNTAG\u00a0\u00a0\u00a0\u00a0\u00a0\u00a0\u00a0\u00a0\u00a0\u00a0\u00a0\u00a0\u00a0\u00a0\u00a0\u00a0\u00a0\u00a0\u00a0\u00a0\u00a0\u00a0\u00a0\u00a0\u00a0 &#8211;<\/strong> <em>Diaspora-Kollekte<\/em><br \/>\nAppersdorf<br \/>\n09:00 Uhr<br \/>\nTheresia Lindner f\u00fcr + Eltern u. Geschwister<br \/>\nFam. Anton Hilz f\u00fcr + Maria Sch\u00f6ttl<br \/>\nFam. Georg Karber f\u00fcr + Eltern<br \/>\nFam. Ewald Wagner f\u00fcr + Mutter Mathilde Br\u00fccklmaier<br \/>\nTherese Gabelsberger f\u00fcr + Mutter<\/p>\n<p>Berghausen<br \/>\n10:00 Uhr\u00a0\u00a0 <strong>Gedenken der Soldaten u. Kriegerkameradschaft<br \/>\n<\/strong>Krieger- und Soldatenverein f\u00fcr + und gefallene Mitglieder<br \/>\nKriegerverein Berghausen f\u00fcr + Vorstand Georg Sirl<br \/>\nKatharina Schinagl f\u00fcr + Eltern u. Tante Katharina Neumaier<br \/>\nAngela Weiher f\u00fcr + beiderseitige Angeh\u00f6rige<br \/>\nElisabeth Neppl f\u00fcr + Ehemann z. Stbtg.<br \/>\nMaria u. Tanja Roithmeier f\u00fcr + Vater u. Opa z. Stbtg.<br \/>\nSofie Amberger f\u00fcr + Stefan Stiller<br \/>\nWalburga Weiher f\u00fcr + Sohn Anton<br \/>\nJosef Gschl\u00f6\u00dfl sen. f\u00fcr + Ludwig Hofbauer<br \/>\nFam. Thomas Kramschuster sen. f\u00fcr + Magdalena Amberger<br \/>\nStefan u. Christian Weiher f\u00fcr + Oma Walburga Weiher<\/p>\n<p><strong>Mittwoch, 24.11.\u00a0\u00a0\u00a0\u00a0\u00a0\u00a0\u00a0\u00a0\u00a0\u00a0\u00a0\u00a0\u00a0\u00a0\u00a0 Hl. Andreas Dung-Lac und Gef\u00e4hrten<\/strong><br \/>\nElsendorf<br \/>\n17:00 Uhr\u00a0\u00a0\u00a0\u00a0\u00a0\u00a0 <strong>Sch\u00fclergottesdienst<br \/>\n<\/strong>Stiftsmesse Josefa Bauer f\u00fcr + Fam. Holzapfel<\/p>\n<p><strong>Donnerstag, 25.11.\u00a0\u00a0\u00a0\u00a0\u00a0\u00a0\u00a0\u00a0\u00a0\u00a0 Hl. Katharina v. Alexandrien<\/strong><br \/>\nMeilenhofen<br \/>\n19:00 Uhr<br \/>\nWallj Oberst\u00f6tter f\u00fcr + Mutter u. Tante Helene<br \/>\nAnna Schretzlmeier f\u00fcr + Sebastian Schretzlmeier u. beiders. Verwandtschaft<br \/>\nFam. Franz Stuiber f\u00fcr + Eltern<br \/>\nFam. M\u00e4rkl f\u00fcr + Schwester Resi u. Schwager Josef Stuiber<br \/>\nFam. Franz Frank f\u00fcr + Mutter u. Oma Anna Frank<\/p>\n<p><strong>Samstag, 27.11.\u00a0\u00a0\u00a0\u00a0\u00a0\u00a0\u00a0\u00a0\u00a0\u00a0\u00a0\u00a0\u00a0\u00a0\u00a0\u00a0 Marien-Samstag<\/strong><br \/>\nElsendorf<br \/>\n18:00 Uhr<br \/>\nMaria Weindler f\u00fcr + Eltern u. Br\u00fcder<br \/>\nHermine u. Albert Gallmaier f\u00fcr + Maria Sch\u00f6ttl<br \/>\nFam. Albrecht u. Fam. Frank f\u00fcr + Eltern<br \/>\nRita Wagner, Elsendorf f\u00fcr + Angeh\u00f6rige<\/p>\n<p><strong>Sonntag, 28.11.\u00a0\u00a0\u00a0\u00a0\u00a0\u00a0\u00a0\u00a0\u00a0\u00a0\u00a0\u00a0\u00a0\u00a0\u00a0\u00a0 1. ADVENTSSONNTAG &#8211;<\/strong><br \/>\nElsendorf<br \/>\n09:00 Uhr<br \/>\nAntonie Fritsch f\u00fcr + Ehemann u. Vater z. Stbtg.<br \/>\nFam. Kiesl f\u00fcr + Therese u. Kaspar Spornraft<br \/>\nFam. Kiesl f\u00fcr + Mutter Regina u. Vater Paul Bergermeier<br \/>\nFam. Renate H\u00e4ckl f\u00fcr + Katharina u. Andreas Brummer<br \/>\nRita Inderst f\u00fcr + Ehemann<\/p>\n<p>Haunsbach<br \/>\n10:00 Uhr\u00a0\u00a0\u00a0\u00a0\u00a0\u00a0 <strong>Patrozinium Hl. Andreas Haunsbach<br \/>\n<\/strong>Gerlinde Fr\u00fchmorgen f\u00fcr + Vater Thomas Wimmer<br \/>\nFam. Josef Thalmair f\u00fcr + Nachbar Alois Weiher<br \/>\nFam. Dettenhofer f\u00fcr + Eltern u. Gro\u00dfeltern<br \/>\nReinhilde Huber f\u00fcr + Genoveva Ruf<\/p>\n<p><strong>Montag, 29.11.\u00a0\u00a0\u00a0\u00a0\u00a0\u00a0\u00a0\u00a0\u00a0\u00a0\u00a0\u00a0\u00a0\u00a0\u00a0\u00a0\u00a0 Montag der 1. Adventswoche<\/strong><br \/>\n19:00 Uhr\u00a0\u00a0\u00a0\u00a0\u00a0\u00a0 Hausgottesdienst<br \/>\n###\u00a0 Texte liegen in den Kirchen auf ###<\/p>\n<p><strong>Dienstag, 30.11.\u00a0\u00a0\u00a0\u00a0\u00a0\u00a0\u00a0\u00a0\u00a0\u00a0\u00a0\u00a0\u00a0\u00a0\u00a0 HL. ANDREAS<\/strong><br \/>\nElsendorf<br \/>\n18:00 Uhr<br \/>\nSilvia Fischer f\u00fcr + Leni Neumeier<br \/>\nKaroline Schmidtner zu Ehren des hl. Antonius<br \/>\nRosi Niederhammer f\u00fcr + Bruder Rudi u. Schw\u00e4gerin Hilde<br \/>\nRosi Niederhammer f\u00fcr + Bruder Alfons u. Schw\u00e4gerin Hilde<\/p>\n<p><strong>Samstag, 04.12.\u00a0\u00a0\u00a0\u00a0\u00a0\u00a0\u00a0\u00a0\u00a0\u00a0\u00a0\u00a0\u00a0\u00a0\u00a0\u00a0 Hl. Barbara<\/strong><br \/>\nElsendorf<br \/>\n18:00 Uhr\u00a0\u00a0\u00a0\u00a0\u00a0\u00a0 <strong>Entsendung der Hl. Maria<br \/>\n<\/strong>Bettina u. Kathi Simb\u00fcrger f\u00fcr + Mama Sabine<br \/>\nMaria Ziegler f\u00fcr + Bruder Franz<br \/>\nRosi Niederhammer f\u00fcr + Maria Sch\u00f6ttl<br \/>\nFam. Rita Wagner f\u00fcr + Eltern Maria u. Lorenz Niedermeier<br \/>\nSimon Gigl f\u00fcr + Maria u. Josef Sch\u00f6ttl<\/p>\n<p><strong>Sonntag, 05.12.\u00a0\u00a0\u00a0\u00a0\u00a0\u00a0\u00a0\u00a0\u00a0\u00a0\u00a0\u00a0\u00a0\u00a0\u00a0\u00a0 2. ADVENTSSONNTAG &#8211;<\/strong><br \/>\nElsendorf<br \/>\n09:00 Uhr<br \/>\nResi Heindl f\u00fcr + Eltern<br \/>\nKinder f\u00fcr + Eltern Reithmair<br \/>\nFam. Anna Lanzl f\u00fcr + Eltern u. Geschwister<br \/>\nAnton Gallmeier f\u00fcr + Onkeln u. Tanten<\/p>\n<p>Appersdorf<br \/>\n10:00 Uhr\u00a0\u00a0\u00a0\u00a0\u00a0\u00a0 <strong>Entsendung der Hl. Maria<br \/>\n<\/strong>Familie Hilz f\u00fcr + Elisabeth Stehr<br \/>\nFamilie Hilz f\u00fcr + Fred, Kathi u. Sohn Alfred Beis<br \/>\nLeonhard Br\u00fccklmaier f\u00fcr + Ehefrau z. Stbtg.<br \/>\nTherese Gabelsberger f\u00fcr + Fr\u00e4nzi Krettek<br \/>\nLuise Inderst mit Kindern f\u00fcr + Ehemann u. Vater<\/p>\n<p><strong>Dienstag, 07.12.\u00a0\u00a0\u00a0\u00a0\u00a0\u00a0\u00a0\u00a0\u00a0\u00a0\u00a0\u00a0\u00a0\u00a0\u00a0 Hl. Ambrosius<\/strong><br \/>\nElsendorf<br \/>\n18:00 Uhr\u00a0\u00a0\u00a0\u00a0\u00a0\u00a0 <strong>Patrozinium Hl. Nikolaus Horneck<br \/>\n<\/strong>Fam. Geltl, Weingarten f\u00fcr + Franz Brunner, Horneck<br \/>\nFam. Klaus Brunner f\u00fcr + Eltern<br \/>\nFranz Brunner, Horneck f\u00fcr Eltern Franz u. Maria Brunner<br \/>\nFam. Brunner, Horneck f\u00fcr + Nachbarn Thomas Neubauer u. Sohn Thomas<br \/>\nOrtschaft Horneck f\u00fcr alle Verstorbenen aus Horneck<\/p>\n<p><strong>Donnerstag, 09.12.\u00a0\u00a0\u00a0\u00a0\u00a0\u00a0\u00a0\u00a0\u00a0\u00a0 Hl. Johannes Didacus<\/strong><br \/>\nMeilenhofen<br \/>\n19:00 Uhr<br \/>\nHelene Ambros f\u00fcr + Ehemann, Vater u. Verwandtschaft<br \/>\nMaria Deindl f\u00fcr + Ehemann Josef z. Gbtstg. u. Angeh\u00f6rige beiderseits<br \/>\nGabelsberger Gerda f\u00fcr + Ehemann Georg<br \/>\nFam. Albrecht f\u00fcr + Anna Frank<\/p>\n<p><strong>Samstag, 11.12.\u00a0\u00a0\u00a0\u00a0\u00a0\u00a0\u00a0\u00a0\u00a0\u00a0\u00a0\u00a0\u00a0\u00a0\u00a0\u00a0 Hl. Damasus I.<\/strong><br \/>\nElsendorf<br \/>\n18:00 Uhr<br \/>\nLothar Fischer f\u00fcr + Mutter Anna z. Stbtg.<br \/>\nRita Gabelsberger f\u00fcr + Geschwister<br \/>\nTSV Elsendorf f\u00fcr + Mitglieder Seniorengymnastik<br \/>\nGerlinde u. Hans Frank f\u00fcr + Eltern<\/p>\n<p>Berghausen<br \/>\n18:00 Uhr<br \/>\nGeorg Sirl f\u00fcr + zwei Schwestern<br \/>\nFam. Sofie Amberger f\u00fcr + Ehemann u. Vater z. Stbg.<br \/>\nFam. Dasch f\u00fcr + Magdalena Amberger<br \/>\nMaria Roithmeier f\u00fcr + Mama Elisabeth Neppl<br \/>\nTanja Roithmeier f\u00fcr + Oma Elisabeth Neppl<br \/>\nFam. Edeltraud Limmer f\u00fcr + Schwester Magdalena Amberger<br \/>\nJosef u. Rosemarie Neppl f\u00fcr + Vater u. Schwiegervater z. Stbtg.<br \/>\nJosef u. Bettina Neppl f\u00fcr + Opa Josef Neppl<br \/>\nWalburga Weiher f\u00fcr + Elisabeth Neppl<br \/>\nEdeltraud Wei\u00df f\u00fcr + Tante Walburga Weiher<\/p>\n<p><strong>Sonntag, 12.12.\u00a0\u00a0\u00a0\u00a0\u00a0\u00a0\u00a0\u00a0\u00a0\u00a0\u00a0\u00a0\u00a0\u00a0\u00a0\u00a0 3. ADVENTSSONNTAG (Gaudete) &#8211;<\/strong><br \/>\nAppersdorf<br \/>\n09:00 Uhr<br \/>\nIrmgard Gabelsberger u. Gerhard Zimmer f\u00fcr + Mutter<br \/>\nBerta Baumeister mit Fam. f\u00fcr + Erhard Baumeister z. Gbtstg.<br \/>\nRita u. Ewald Wagner f\u00fcr + J\u00fcrgen Denoke<br \/>\nFam. Ewald Wagner f\u00fcr + Gro\u00dfeltern Barbara u. Josef Wagner<\/p>\n<p>Elsendorf<br \/>\n10:00 Uhr\u00a0\u00a0\u00a0\u00a0\u00a0\u00a0 <strong>Patrozinium Maria Immaculata mit<br \/>\n<em>\u00a0### <\/em><\/strong><strong><em>anschlie\u00dfender Anbetung ###<br \/>\n<\/em><\/strong>Anton Gallmeier f\u00fcr + Onkeln u. Tanten<br \/>\nFam. Huber, Ratzenhofen f\u00fcr + Verwandtschaft<br \/>\nFam. Geltl, Weingarten f\u00fcr + Eltern<br \/>\nLuise Limmer mit Familie f\u00fcr + Mutter Berta Senninger z. Stbtg.<\/p>\n","protected":false},"excerpt":{"rendered":"<p>Wir feiern Gottesdienst: Dienstag, 16.11.\u00a0\u00a0\u00a0\u00a0\u00a0\u00a0\u00a0\u00a0\u00a0\u00a0\u00a0\u00a0\u00a0\u00a0\u00a0 Hl. Margareta Elsendorf 18:00 Uhr Hildegard Niesl u. Brigitte Gallmaier f\u00fcr + Maria Sch\u00f6ttl Maria Ziegler f\u00fcr + Eltern u. Bruder Maria Ziegler f\u00fcr + Nachbarschaft Samstag, 20.11.\u00a0\u00a0\u00a0\u00a0\u00a0\u00a0\u00a0\u00a0\u00a0\u00a0\u00a0\u00a0\u00a0\u00a0\u00a0\u00a0 Marien-Samstag Elsendorf 18:00 Uhr\u00a0\u00a0\u00a0\u00a0\u00a0\u00a0 Ministrantenaufnahme\/Entlassfeier Maria Sch\u00f6ttl f\u00fcr + Cousin Pfarrer Andreas Neumeier u. Geschwister Maria Sch\u00f6ttl f\u00fcr + Schw\u00e4gerin Anna Pals &hellip; <a href=\"https:\/\/www.pfarrei-elsendorf.de\/content\/gottesdienstordnung-vom-15-11-2021-12-12-2021\/\" class=\"more-link\"><span class=\"screen-reader-text\">GOTTESDIENSTORDNUNG VOM 15.11.2021 \u2013 12.12.2021<\/span> weiterlesen <span class=\"meta-nav\">&rarr;<\/span><\/a><\/p>\n","protected":false},"author":1,"featured_media":0,"comment_status":"closed","ping_status":"closed","sticky":false,"template":"","format":"standard","meta":{"footnotes":""},"categories":[1,9],"tags":[12,16,20,19,11,25,17,30,34,35,21,23,24,36],"class_list":["post-1065","post","type-post","status-publish","format-standard","hentry","category-allgemein","category-archiv","tag-appersdorf","tag-berghausen","tag-bistum-eichstaett","tag-bistum-regensburg","tag-elsendorf","tag-frauenbund","tag-haunsbach","tag-katholischer-frauenbund-elsendorf","tag-pfarrbrief","tag-pfarrbrief-elsendorf","tag-pfarrei-appersdorf","tag-pfarrei-elsendorf","tag-pfarrer-albert-vogl","tag-pfarrkirche-maria-immaculata"],"_links":{"self":[{"href":"https:\/\/www.pfarrei-elsendorf.de\/content\/wp-json\/wp\/v2\/posts\/1065","targetHints":{"allow":["GET"]}}],"collection":[{"href":"https:\/\/www.pfarrei-elsendorf.de\/content\/wp-json\/wp\/v2\/posts"}],"about":[{"href":"https:\/\/www.pfarrei-elsendorf.de\/content\/wp-json\/wp\/v2\/types\/post"}],"author":[{"embeddable":true,"href":"https:\/\/www.pfarrei-elsendorf.de\/content\/wp-json\/wp\/v2\/users\/1"}],"replies":[{"embeddable":true,"href":"https:\/\/www.pfarrei-elsendorf.de\/content\/wp-json\/wp\/v2\/comments?post=1065"}],"version-history":[{"count":3,"href":"https:\/\/www.pfarrei-elsendorf.de\/content\/wp-json\/wp\/v2\/posts\/1065\/revisions"}],"predecessor-version":[{"id":1069,"href":"https:\/\/www.pfarrei-elsendorf.de\/content\/wp-json\/wp\/v2\/posts\/1065\/revisions\/1069"}],"wp:attachment":[{"href":"https:\/\/www.pfarrei-elsendorf.de\/content\/wp-json\/wp\/v2\/media?parent=1065"}],"wp:term":[{"taxonomy":"category","embeddable":true,"href":"https:\/\/www.pfarrei-elsendorf.de\/content\/wp-json\/wp\/v2\/categories?post=1065"},{"taxonomy":"post_tag","embeddable":true,"href":"https:\/\/www.pfarrei-elsendorf.de\/content\/wp-json\/wp\/v2\/tags?post=1065"}],"curies":[{"name":"wp","href":"https:\/\/api.w.org\/{rel}","templated":true}]}}