{"id":1070,"date":"2021-11-16T21:59:39","date_gmt":"2021-11-16T20:59:39","guid":{"rendered":"https:\/\/www.pfarrei-elsendorf.de\/content\/?p=1070"},"modified":"2022-04-15T13:45:32","modified_gmt":"2022-04-15T11:45:32","slug":"messintentionen-und-mitteilungsblatt-bis-12-12-2021","status":"publish","type":"post","link":"https:\/\/www.pfarrei-elsendorf.de\/content\/messintentionen-und-mitteilungsblatt-bis-12-12-2021\/","title":{"rendered":"MESSINTENTIONEN UND MITTEILUNGSBLATT BIS 12.12.2021"},"content":{"rendered":"<p><strong><u>Neue Corona-Regeln wg. hoher Inzidenz bei den Gottesdiensten:<\/u><\/strong><\/p>\n<ul>\n<li>Beim Betreten der Kirche FFP2-Maske tragen, am Platz kann die Maske abgenommen werden, beim Gang zur Kommunion ist wieder die FFP2-Maske zu tragen ebenso beim Verlassen der Kirche.<\/li>\n<li>Der Volksgesang entf\u00e4llt<\/li>\n<li>Das Pfarrb\u00fcro ist bis auf weiteres geschlo\u00dfen<\/li>\n<li>Alle Angelegenheiten bitte telefonisch 08753\/245\u00a0\u00a0\u00a0\u00a0\u00a0\u00a0\u00a0\u00a0\u00a0\u00a0\u00a0\u00a0\u00a0\u00a0\u00a0\u00a0\u00a0\u00a0\u00a0\u00a0\u00a0\u00a0\u00a0\u00a0\u00a0\u00a0\u00a0\u00a0\u00a0\u00a0 \u00a0kl\u00e4ren und die Unterlagen in den Briefkasten werfen.<\/li>\n<\/ul>\n<p><strong><u>Pfarrgemeinderatssitzung:<br \/>\n<\/u><\/strong>Am Mittwoch den\u00a0 17.11. sind alle Mitglieder des Pfarrgemeinderats um 19:00 Uhr zu einer Sitzung in die Pfarrkirche eingeladen.<\/p>\n<p><strong><u>Die Kriegsgr\u00e4bersammlung 2021<br \/>\n<\/u><\/strong>erbrachte in den Gemeinden Elsendorf u. Appersdorf <strong>2.142 \u20ac.<br \/>\n<\/strong>Ein herzliches \u201eVergelts Gott\u201c allen Spendern und vor allem den Sammlern Birgit und Reinhard Kellerer aus Allakofen. Jahr f\u00fcr Jahr gehen Sie von Haus zu Haus, damit die Grabst\u00e4tten aus den beiden Weltkriegen gepflegt werden k\u00f6nnen.<\/p>\n<p><strong><u>Machen Sie mit beim \u201eFrauentragen\u201c!<br \/>\n<\/u><\/strong>Vor allem in dieser (Corona) Zeit m\u00f6chten wir den sch\u00f6nen, alten Brauch weiterf\u00fchren. Dazu sind in diesem Jahr auch die Erstkommunionkinder\u00a0 und Firmlinge 2022 eingeladen. Wir w\u00fcrden uns sehr freuen, wenn sich viele bereiterkl\u00e4ren und Maria zwischen<br \/>\ndem 5. und 23.12 eine Herberge in Ihrer Familie geben.<br \/>\nAls Familie kann man sich so bewusst Zeit nehmen zum gemeinsamen Beten und Singen und sich auf das Kommen des Herrn vorbereiten.<\/p>\n<p><strong>Die Listen zum Eintragen liegen <u>nicht<\/u> mehr in der Kirche aus! <\/strong><br \/>\nSie k\u00f6nnen \u00a0sich ab 16.11. <strong>telefonisch<\/strong> <strong>im Pfarrb\u00fcro Tel. 245<\/strong> einen Termin reservieren. Das Pfarrb\u00fcro ist Die., Mi. u. Do. vormittags von 8:30 Uhr bis 12:00 und Fr. nachmittags von 15 Uhr bis 17 Uhr besetzt.<\/p>\n<p><strong><u>Mit dem Ende des Kirchenjahres an Christk\u00f6nig<br \/>\n<\/u><\/strong><strong><u>verabschieden wir folgende Ministranten:<br \/>\n<\/u><\/strong><u>In Elsendorf am 20.11. um 18 Uhr:<br \/>\n<\/u>Simon Jungbauer,<br \/>\nMoritz K\u00f6nig,<br \/>\nVitus und Kilian Kr\u00f6nauer,<br \/>\nJonathan Krum,<br \/>\nAnjesa Goli<\/p>\n<p><u>In Appersdorf am 21.11. um 9 Uhr:<br \/>\n<\/u>Leon Huber,<br \/>\nMichael Weiher,<br \/>\nMarkus Bachmaier,<br \/>\nBenedikt Thalmair<\/p>\n<p>Es war immer eine Freude mit euch Gottesdienst zu feiern. Wir danken f\u00fcr den langj\u00e4hrigen liturgischen Dienst und w\u00fcnschen, dass Gottes Segen euren weiteren Lebensweg begleite.<\/p>\n<p><strong><u>Folgende Ministranten werden aufgenommen:<br \/>\n<\/u><\/strong>In Appersdorf am 21.11. um 9 Uhr<br \/>\nBarbara Wagensoner<br \/>\nWir w\u00fcnschen\u00a0 Barbara viel Freude bei der Aus\u00fcbung des Ministrantendienstes.<\/p>\n<p><strong><u>Wer gerne als Ministrant eine Aufgabe in der <\/u><\/strong><strong><u>Pfarrkirche \u00fcbernehmen m\u00f6chte und <\/u><\/strong><strong><u>bereits die Erstkommunion erhalten hat, <\/u><\/strong><strong><u>bitte jederzeit im Pfarrb\u00fcro melden.<br \/>\n<\/u><\/strong><strong><u>Herr Pfarrer Vogl sowie die gesamte <\/u><\/strong><strong><u>Pfarrgemeinde freuen sich \u00fcber Neuzu\u00e4nge!<\/u><\/strong><\/p>\n<p><strong><u>Firmlinge 2021:<br \/>\n<\/u><\/strong>Die Fotosticks der Firmung vom 08.10.2021 sind fertig und k\u00f6nnen<br \/>\nam 20.11.21 von 17:15 \u2013 17:45 Uhr im Pfarrheim abgeholt werden. Falls jemand verhindert sein sollte, so k\u00f6nnen die Sticks ab 23.11. im Pfarrb\u00fcro abgeholt werden.<\/p>\n<p><strong><u>Adventsfenster:<br \/>\n<\/u><\/strong>Die Familien Meier, K\u00f6nig, Kr\u00f6nauer und Wendl m\u00f6chten uns auch dieses Jahr zu einer besinnlichen Stunde an den Adventssonntagen einladen. Beginn ist jeweils um 17:00 Uhr<\/p>\n<ol>\n<li>Adventsfenster: 28.11. bei Familie Meier, L\u00e4rchenstr. 17<\/li>\n<li>Adventsfenster: 05.12. bei Familie K\u00f6nig, Weinbergstr. 9<\/li>\n<li>Adventsfenster: 12.12. bei Familie Kr\u00f6nauer, Rottenburger Str. 9<\/li>\n<li>Adventsfenster: 19.12. bei Familie Wendl, Rottenburger Str. 22A<br \/>\nDer Erl\u00f6s der aufgestellten Spendenbox wird an einen gemeinn\u00fctzigen Zweck gespendet.<br \/>\n<strong>Das Adventsfenster findet nur statt, wenn die aktuelle Coronalage es zul\u00e4\u00dft. Letzte Infos werden \u00fcber die Tageszeitung bekannt gegeben.<\/strong><\/li>\n<\/ol>\n<p><strong><u>Seniorenweihnachtsfeier:<br \/>\n<\/u><\/strong>Die Seniorenweihnachtsfeier am 09.12. im Pfarrheim <strong><u>entf\u00e4llt<\/u><\/strong> wegen der aktuellen Corona-Situation.<\/p>\n<p><strong><u>Christbaum f\u00fcr die Pfarrkirche gesucht:<br \/>\n<\/u><\/strong>F\u00fcr das diesj\u00e4hrige Weihnachtsfest sucht die Pfarrgemeinde<br \/>\nElsendorf einen Spender*in f\u00fcr den Christbaum. Bitte melden Sie<br \/>\nsich im Pfarrb\u00fcro.\u00a0 Herr Pfarrer Vogl hofft zuversichtlich.<\/p>\n<p><strong><u>Erstkommunion 2022<br \/>\n<\/u><\/strong>Die Erstkommunionfeier findet am Sonntag 01.05.2022 statt. In diesem Jahr werden alle Kinder im entsprechenden Alter, in der KW 46, einen Brief mit den Anmeldedaten und ersten Infos erhalten. Falls Sie keinen Brief erhalten, bitte melden Sie sich im Pfarrb\u00fcro.<\/p>\n<hr \/>\n<article id=\"post-1018\" class=\"post-1018 post type-post status-publish format-standard hentry category-allgemein category-archiv category-pfarrbrief tag-37 tag-appersdorf tag-berghausen tag-bistum-eichstaett tag-bistum-regensburg tag-carita-sozialstation tag-elsendorf tag-erstkommunion-2021 tag-firmung tag-firmung-2021 tag-frauenbund tag-haunsbach tag-katholischer-frauenbund-elsendorf tag-kommunion tag-kommunion-2021 tag-maria-immaculata tag-pfarrbrief tag-pfarrbrief-elsendorf tag-pfarrei tag-pfarrei-appersdorf tag-pfarrei-elsendorf tag-pfarrer-albert-vogl tag-pfarrer-vogl tag-pfarrkirche-maria-immaculata\">\n<div class=\"entry-content\">\n<p>Katholisches Pfarramt Elsendorf<br \/>\nMainburger Stra\u00dfe 1<br \/>\n84094 Elsendorf<br \/>\nTelefon: 08753\/245<br \/>\nFax: 08753\/910498<br \/>\ne-mail: elsendorf\u201cAT\u201cbistum-regensburg.de<br \/>\nwww.pfarrei-elsendorf.de<br \/>\nB\u00fcrozeiten:\u00a0 <em><strong>Das Pfarrb\u00fcro ist bis auf weiteres geschlo\u00dfen<\/strong><\/em><br \/>\n<del><strong><u>Ge\u00e4nderte \u00d6ffnungszeiten des Pfarrb\u00fcros:<br \/>\n<\/u>Bis auf weiteres gelten im Pfarrb\u00fcro folgende \u00d6ffnungszeiten:<\/strong><\/del><br \/>\n<del><strong>Dienstag: 9:30 Uhr bis 12:30 Uhr<\/strong><\/del><br \/>\n<del><strong>Freitag:\u00a0\u00a0 15:00 Uhr bis 17:00 Uhr<\/strong><\/del><br \/>\n<a href=\"http:\/\/www.sozialstation-mainburg.de\/\" target=\"_blank\" rel=\"noreferrer noopener\">Link zur Caritas Sozialstation Mainburg<\/a><\/p>\n<\/div>\n<h6><a href=\"https:\/\/www.pfarrei-elsendorf.de\/content\/wp-content\/uploads\/2021\/10\/2021_11_Novemberkl.pdf\" target=\"_blank\" rel=\"noopener\"><strong>Hier k\u00f6nnen Sie\u00a0<\/strong><strong>das Monatsplakat<br \/>\nder KEB f\u00fcr November herunterladen<\/strong><\/a><\/h6>\n<\/article>\n","protected":false},"excerpt":{"rendered":"<p>Neue Corona-Regeln wg. hoher Inzidenz bei den Gottesdiensten: Beim Betreten der Kirche FFP2-Maske tragen, am Platz kann die Maske abgenommen werden, beim Gang zur Kommunion ist wieder die FFP2-Maske zu tragen ebenso beim Verlassen der Kirche. Der Volksgesang entf\u00e4llt Das Pfarrb\u00fcro ist bis auf weiteres geschlo\u00dfen Alle Angelegenheiten bitte telefonisch 08753\/245\u00a0\u00a0\u00a0\u00a0\u00a0\u00a0\u00a0\u00a0\u00a0\u00a0\u00a0\u00a0\u00a0\u00a0\u00a0\u00a0\u00a0\u00a0\u00a0\u00a0\u00a0\u00a0\u00a0\u00a0\u00a0\u00a0\u00a0\u00a0\u00a0\u00a0 \u00a0kl\u00e4ren und die Unterlagen &hellip; <a href=\"https:\/\/www.pfarrei-elsendorf.de\/content\/messintentionen-und-mitteilungsblatt-bis-12-12-2021\/\" class=\"more-link\"><span class=\"screen-reader-text\">MESSINTENTIONEN UND MITTEILUNGSBLATT BIS 12.12.2021<\/span> weiterlesen <span class=\"meta-nav\">&rarr;<\/span><\/a><\/p>\n","protected":false},"author":1,"featured_media":0,"comment_status":"closed","ping_status":"closed","sticky":false,"template":"","format":"standard","meta":{"footnotes":""},"categories":[1,9],"tags":[12,16,20,19,18,25,17,30,22,34,35,10,21,23,24,13,36],"class_list":["post-1070","post","type-post","status-publish","format-standard","hentry","category-allgemein","category-archiv","tag-appersdorf","tag-berghausen","tag-bistum-eichstaett","tag-bistum-regensburg","tag-carita-sozialstation","tag-frauenbund","tag-haunsbach","tag-katholischer-frauenbund-elsendorf","tag-maria-immaculata","tag-pfarrbrief","tag-pfarrbrief-elsendorf","tag-pfarrei","tag-pfarrei-appersdorf","tag-pfarrei-elsendorf","tag-pfarrer-albert-vogl","tag-pfarrer-vogl","tag-pfarrkirche-maria-immaculata"],"_links":{"self":[{"href":"https:\/\/www.pfarrei-elsendorf.de\/content\/wp-json\/wp\/v2\/posts\/1070","targetHints":{"allow":["GET"]}}],"collection":[{"href":"https:\/\/www.pfarrei-elsendorf.de\/content\/wp-json\/wp\/v2\/posts"}],"about":[{"href":"https:\/\/www.pfarrei-elsendorf.de\/content\/wp-json\/wp\/v2\/types\/post"}],"author":[{"embeddable":true,"href":"https:\/\/www.pfarrei-elsendorf.de\/content\/wp-json\/wp\/v2\/users\/1"}],"replies":[{"embeddable":true,"href":"https:\/\/www.pfarrei-elsendorf.de\/content\/wp-json\/wp\/v2\/comments?post=1070"}],"version-history":[{"count":4,"href":"https:\/\/www.pfarrei-elsendorf.de\/content\/wp-json\/wp\/v2\/posts\/1070\/revisions"}],"predecessor-version":[{"id":1074,"href":"https:\/\/www.pfarrei-elsendorf.de\/content\/wp-json\/wp\/v2\/posts\/1070\/revisions\/1074"}],"wp:attachment":[{"href":"https:\/\/www.pfarrei-elsendorf.de\/content\/wp-json\/wp\/v2\/media?parent=1070"}],"wp:term":[{"taxonomy":"category","embeddable":true,"href":"https:\/\/www.pfarrei-elsendorf.de\/content\/wp-json\/wp\/v2\/categories?post=1070"},{"taxonomy":"post_tag","embeddable":true,"href":"https:\/\/www.pfarrei-elsendorf.de\/content\/wp-json\/wp\/v2\/tags?post=1070"}],"curies":[{"name":"wp","href":"https:\/\/api.w.org\/{rel}","templated":true}]}}