{"id":1088,"date":"2021-12-15T21:52:54","date_gmt":"2021-12-15T20:52:54","guid":{"rendered":"https:\/\/www.pfarrei-elsendorf.de\/content\/?p=1088"},"modified":"2022-04-15T13:45:45","modified_gmt":"2022-04-15T11:45:45","slug":"messintentionen-und-mitteilungsblatt-bis-16-01-2022","status":"publish","type":"post","link":"https:\/\/www.pfarrei-elsendorf.de\/content\/messintentionen-und-mitteilungsblatt-bis-16-01-2022\/","title":{"rendered":"MESSINTENTIONEN UND MITTEILUNGSBLATT BIS 16.01.2022"},"content":{"rendered":"<p><strong><u>Adventlicher und weihnachtlicher Schmuck in unseren Kirchen:<br \/>\n<\/u><\/strong>Vergelt`s Gott f\u00fcr die Bereitstellung von Tannengr\u00fcn, allen Adventskranzbinderinnen, den Spendern der Christb\u00e4ume;<br \/>\nAllen, die beim Schm\u00fccken der Christb\u00e4ume mithelfen und die die Kirchen f\u00fcr die Weihnachtszeit schm\u00fccken.<\/p>\n<p><strong><u>Kirchenmusik:<br \/>\n<\/u><\/strong>Wir alle freuen uns, dass jetzt in der Advents- u. Weihnachtszeit einige Gottesdienste musikalisch besonders gestaltet werden. Am 3. Adventssonntag in Elsendorf mit Silvia Fischer, Maria u. Elisabeth Engelhard; die Vorabendmesse zum 4. Advent in Elsendorf mit der Familienmusik Engelhard; der 4. Adventssonntag in Appersdorf mit Karin Fertl und Elisabeth Zirngibl; das Krippenspiel mit den Kirchenspatzen am Heiligen Abend; die Christmette mit Dagmar V\u00f6gel-Biendl, Sophia, Marika u. Stefanie Amesreiter; am Weihnachtsfeiertag Manfred und Theresa Faltermeier, Maria und Elisabeth Engehard; am 2. Weihnachtstag Silvia und Tina Fischer und zuletzt an Silvester, Silvia Fischer mit Sophia, Marika und Stefanie Amesreiter.<br \/>\nEin besonderer Dank gilt Silvia Fischer f\u00fcr ihr gro\u00dfes Engagement in dieser schwierigen Zeit.<\/p>\n<p><strong><u>Die Opferk\u00e4stchen<br \/>\n<\/u><\/strong>mit der Gabe f\u00fcr das Weltmissionswerk der Kinder k\u00f6nnen beim Krippenspiel, sowie an den Weihnachtsgottesdiensten abgegeben werden.<\/p>\n<p><strong><u>Anmeldung zum \u00a0Krippenspiel<br \/>\n<\/u><\/strong>Zum Krippenspiel um 15 Uhr, wird um eine telefonische Anmeldung im Pfarrb\u00fcro unter 08753\/245 gebeten. Das B\u00fcro ist von Dienstag bis Donnerstag von 09:00 Uhr bis 12: Uhr, und am Freitag von 14:30 Uhr bis 17:00 Uhr besetzt.<br \/>\nGerne kann der Besuch des Krippenspiels auch ohne Anmeldung versucht werden, doch falls kein Platz mehr frei w\u00e4re, m\u00fcssen wir sie leider nach Hause schicken.<\/p>\n<p><strong><u>Weihnachtsgottesdienste:<br \/>\n<\/u><\/strong>Zu den Gottesdiensten an Weihnachten ist <strong><u>K E I N E <\/u><\/strong>Anmeldung erforderlich. Die Pl\u00e4tze werden nach den Coronavorgaben besetzt.<\/p>\n<p><strong><u>Pfarrei Appersdorf:<br \/>\n<\/u><\/strong>Die Kirchenrechnung Appersdorf, f\u00fcr das Jahr 2020 liegt im Pfarrb\u00fcro Elsendorf von 13. Dezember bis 27. Dezember zur Einsicht aus.<\/p>\n<p><strong><u>Sternsinger:<\/u><\/strong><br \/>\nDie Ministranten werden\u00a0 im neuen Jahr, wenn die Coronabestimmungen es zulassen, die Haushalte besuchen und einen Segensspruch darbringen. Sie sammeln dabei f\u00fcr das Kindermissionswerk unter dem Motto \u201eGESUND WERDEN-GESUND BLEIBEN *ein Kinderrecht weltweit\u201c. Nach der Aussendung in den Gottesdiensten am 6. Januar werden mehrere Sternsingergruppen f\u00fcr die Aktion unterwegs sein und bis 9. Januar alle Haushalte besuchen. Wir danken unseren Ministranten u. Geschwisterkindern f\u00fcr ihren Einsatz. Falls keine Sternsinger die Haushalte besuchen d\u00fcrfen, so kann ab 01. Januar im Glockenturm der Pfarrkirche Elsendorf ein Segensaufkleber gegen eine Spende f\u00fcr das Kindermissionswerk mitgenommen werden.<\/p>\n<p><strong><u>Friedenslicht:<br \/>\n<\/u><\/strong>Das Friedenslicht kann ab 12. Dezember in der Kirche in Elsendorf abgeholt werden.<\/p>\n<p><strong><u>Frauenbund Elsendorf:<br \/>\n<\/u><\/strong>Der Frauenbund m\u00f6chte vor dem Pfarrheim einen B\u00fccherschrank aufstellen und sucht einen geeigneten Schrank mit zwei Glast\u00fcren. Dieser Schrank ist f\u00fcr alle die gerne lesen. Es k\u00f6nnen gebrauchte B\u00fccher dort eingestellt und im gleichen Zug auch entommen werden. Wer einen geeigneten Schrank zur Verf\u00fcgung stellen m\u00f6chte oder noch Fragen zum \u201eB\u00fccherschrank\u201c hat kann sich bei Frau Maria Linseisen, Tel.Nr. 08753\/1473 melden.<br \/>\n<strong>Der Frauenbund Elsendorf <\/strong><strong>w\u00fcnscht Allen ein gesegnetes Weihnachtsfest\u00a0 <\/strong><strong>und\u00a0 <\/strong><strong>ein gesundes, gl\u00fcckliches Neues Jahr.<\/strong><\/p>\n<p><strong><u>Pfarrb\u00fcro:<br \/>\n<\/u><\/strong>Das Pfarrb\u00fcro ist w\u00e4hrend der Weihnachsferien geschlossen. B\u00fcrostunden sind wieder ab Dienstag 11. Januar zu den gewohnten \u00d6ffnungszeiten.<\/p>\n<p style=\"text-align: center;\"><strong><u>Liebe Pfarrgemeinde<br \/>\n<\/u><\/strong> Mein\u00a0 Dank gilt allen meinen Mitarbeitern, den Mesnern, den Kirchenpflegern und Kirchenverwaltungen, dem Pfarrgemeinderat, Lektoren, Ministranten, Organisten, S\u00e4ngern und Musikern, Blumenspendern und all jenen, die unsere Kirchen damit versch\u00f6nert haben. Allen Spendern und Wohlt\u00e4tern unserer Gemeinde sei auf diesem Wege ein herzliches \u201eVergelt`s Gott\u201c gesagt.<br \/>\n\u201eChristus, das Licht der Menschen, m\u00f6ge Sie zur Weihnacht mit Freude erf\u00fcllen und alle Ihre Wege im neuen Jahr erhellen.\u201c Sie alle schreiben: <strong>2 0 2 2\u00a0\u00a0 nach Christi Geburt<br \/>\n<\/strong>Wir setzen <strong>IHN <\/strong>in die Mitte der Zeit.<br \/>\nGeburtsjahr eines Knaben namens <strong>Jesus.<br \/>\n<\/strong>\u201eJesus, was hat dich so klein gemacht? Die Liebe!\u201c<br \/>\nHl. Bernhard von Clairvaux (1090 \u2013 1153)<br \/>\n<strong>Ein gesegnetes Weihnachtsfest und<br \/>\n<\/strong><strong>ein gesundes, friedvolles Jahr 2022.<br \/>\n<\/strong>Ihr<br \/>\nPfarrer Vogl<br \/>\nim Namen aller Mitarbeiter<\/p>\n<p><a href=\"https:\/\/www.pfarrei-elsendorf.de\/content\/wp-content\/uploads\/2021\/12\/PG2021je.jpg\"><img loading=\"lazy\" decoding=\"async\" class=\"aligncenter size-large wp-image-1094\" src=\"https:\/\/www.pfarrei-elsendorf.de\/content\/wp-content\/uploads\/2021\/12\/PG2021je-727x1024.jpg\" alt=\"\" width=\"474\" height=\"668\" srcset=\"https:\/\/www.pfarrei-elsendorf.de\/content\/wp-content\/uploads\/2021\/12\/PG2021je-727x1024.jpg 727w, https:\/\/www.pfarrei-elsendorf.de\/content\/wp-content\/uploads\/2021\/12\/PG2021je-213x300.jpg 213w, https:\/\/www.pfarrei-elsendorf.de\/content\/wp-content\/uploads\/2021\/12\/PG2021je-768x1081.jpg 768w, https:\/\/www.pfarrei-elsendorf.de\/content\/wp-content\/uploads\/2021\/12\/PG2021je.jpg 794w\" sizes=\"auto, (max-width: 474px) 100vw, 474px\" \/><\/a><\/p>\n<hr \/>\n<div class=\"entry-content\">\n<p>Katholisches Pfarramt Elsendorf<br \/>\nMainburger Stra\u00dfe 1<br \/>\n84094 Elsendorf<br \/>\nTelefon: 08753\/245<br \/>\nFax: 08753\/910498<br \/>\ne-mail: elsendorf\u201cAT\u201cbistum-regensburg.de<br \/>\nwww.pfarrei-elsendorf.de<br \/>\n<del><\/del><br \/>\n<a href=\"http:\/\/www.sozialstation-mainburg.de\/\" target=\"_blank\" rel=\"noreferrer noopener\">Link zur Caritas Sozialstation Mainburg<\/a><\/p>\n<\/div>\n<p>&nbsp;<\/p>\n","protected":false},"excerpt":{"rendered":"<p>Adventlicher und weihnachtlicher Schmuck in unseren Kirchen: Vergelt`s Gott f\u00fcr die Bereitstellung von Tannengr\u00fcn, allen Adventskranzbinderinnen, den Spendern der Christb\u00e4ume; Allen, die beim Schm\u00fccken der Christb\u00e4ume mithelfen und die die Kirchen f\u00fcr die Weihnachtszeit schm\u00fccken. Kirchenmusik: Wir alle freuen uns, dass jetzt in der Advents- u. Weihnachtszeit einige Gottesdienste musikalisch besonders gestaltet werden. Am 3. &hellip; <a href=\"https:\/\/www.pfarrei-elsendorf.de\/content\/messintentionen-und-mitteilungsblatt-bis-16-01-2022\/\" class=\"more-link\"><span class=\"screen-reader-text\">MESSINTENTIONEN UND MITTEILUNGSBLATT BIS 16.01.2022<\/span> weiterlesen <span class=\"meta-nav\">&rarr;<\/span><\/a><\/p>\n","protected":false},"author":1,"featured_media":0,"comment_status":"closed","ping_status":"closed","sticky":false,"template":"","format":"standard","meta":{"footnotes":""},"categories":[1,9],"tags":[12,16,20,19,18,26,41,22,34,35,10,21,23,24,13,36,40,39,43,44,42,45],"class_list":["post-1088","post","type-post","status-publish","format-standard","hentry","category-allgemein","category-archiv","tag-appersdorf","tag-berghausen","tag-bistum-eichstaett","tag-bistum-regensburg","tag-carita-sozialstation","tag-erstkommunion-2021","tag-gottesdienstordnung-weihnachten","tag-maria-immaculata","tag-pfarrbrief","tag-pfarrbrief-elsendorf","tag-pfarrei","tag-pfarrei-appersdorf","tag-pfarrei-elsendorf","tag-pfarrer-albert-vogl","tag-pfarrer-vogl","tag-pfarrkirche-maria-immaculata","tag-weihnachten","tag-weihnachten-2021","tag-weihnachten-appersdorf","tag-weihnachten-haunsbach","tag-weihnachten-in-elsendorf","tag-weihnachten-ratzenhofen"],"_links":{"self":[{"href":"https:\/\/www.pfarrei-elsendorf.de\/content\/wp-json\/wp\/v2\/posts\/1088","targetHints":{"allow":["GET"]}}],"collection":[{"href":"https:\/\/www.pfarrei-elsendorf.de\/content\/wp-json\/wp\/v2\/posts"}],"about":[{"href":"https:\/\/www.pfarrei-elsendorf.de\/content\/wp-json\/wp\/v2\/types\/post"}],"author":[{"embeddable":true,"href":"https:\/\/www.pfarrei-elsendorf.de\/content\/wp-json\/wp\/v2\/users\/1"}],"replies":[{"embeddable":true,"href":"https:\/\/www.pfarrei-elsendorf.de\/content\/wp-json\/wp\/v2\/comments?post=1088"}],"version-history":[{"count":4,"href":"https:\/\/www.pfarrei-elsendorf.de\/content\/wp-json\/wp\/v2\/posts\/1088\/revisions"}],"predecessor-version":[{"id":1095,"href":"https:\/\/www.pfarrei-elsendorf.de\/content\/wp-json\/wp\/v2\/posts\/1088\/revisions\/1095"}],"wp:attachment":[{"href":"https:\/\/www.pfarrei-elsendorf.de\/content\/wp-json\/wp\/v2\/media?parent=1088"}],"wp:term":[{"taxonomy":"category","embeddable":true,"href":"https:\/\/www.pfarrei-elsendorf.de\/content\/wp-json\/wp\/v2\/categories?post=1088"},{"taxonomy":"post_tag","embeddable":true,"href":"https:\/\/www.pfarrei-elsendorf.de\/content\/wp-json\/wp\/v2\/tags?post=1088"}],"curies":[{"name":"wp","href":"https:\/\/api.w.org\/{rel}","templated":true}]}}