{"id":1216,"date":"2023-01-24T21:59:23","date_gmt":"2023-01-24T20:59:23","guid":{"rendered":"https:\/\/www.pfarrei-elsendorf.de\/content\/?p=1216"},"modified":"2023-08-02T16:10:39","modified_gmt":"2023-08-02T14:10:39","slug":"messintentionen-und-mitteilungsblatt-bis-26-02-2023","status":"publish","type":"post","link":"https:\/\/www.pfarrei-elsendorf.de\/content\/messintentionen-und-mitteilungsblatt-bis-26-02-2023\/","title":{"rendered":"MESSINTENTIONEN UND MITTEILUNGSBLATT BIS 26.02.2023"},"content":{"rendered":"<p><strong>Isidori Bruderschaft:<br \/>\n<\/strong>Zum gemeinsamen Gottesdienst am Samstag, den 28. Januar sind auch alle Nichtmitglieder herzlich willkommen. Die Einschreibung ist ab 17:00 Uhr im Pfarrb\u00fcro m\u00f6glich.<\/p>\n<p><strong>Maria Lichtmess:<br \/>\n<\/strong>Bei den Gottesdiensten zu Maria Lichtmess bitten wir in der Kollekte um Ihren Beitrag f\u00fcr die Kirchenkerzen.<br \/>\nIhre privaten Kerzen, die Sie segnen lassen wollen, stellen Sie bitte an den Seitenalt\u00e4ren ab.<\/p>\n<p><strong>Elsendorfer Kirchenspatzen:<br \/>\n<\/strong>Freitag 20.01. \/ 03.02. \/ 17.02.:<br \/>\nSingstunde im Pfarrheim von 16.30 \u2013 17.30 Uhr<\/p>\n<p><strong>Kirchenchor:<br \/>\n<\/strong>Montag 23.01. \/ 30.01 \/ 13.02..: Singstunde um 19.00 Uhr im Pfarrheim<\/p>\n<p><strong>Kinderbasteln im Pfarrheim:<br \/>\n<\/strong>Am 25. Januar findet um 15:30 Uhr wieder eine Bastelstunde im Pfarrheim statt. Bitte melden Sie die Kinder \u00fcber die E-Mailadresse <strong>kiba-elsendorf&#8220;at&#8220;gmx.de<\/strong> an.<\/p>\n<p><strong>Traditionelles Pizzaessen mit den Ministranten der Pfarreien:<br \/>\n<\/strong>Zum Dank f\u00fcr die Dienste am Altar, l\u00e4dt Herr Pfarrer Vogl alle unsere Ministrantinnen und Ministranten der Pfarreiengemeinschaft zum Pizzaessen in die PIZZERIA MARIO, AM SONNTAG, DEN 12.FEBRUAR UM 12:00 Uhr recht herzlich ein.<br \/>\nBitte meldet Euch bis 1.02. telefonisch (Tel.Nr. 245) , \u00fcber die What`s App-Gruppe, oder per Email (elsendorf&#8220;at&#8220;bistum-regensburg.de) ob ihr <strong><u>teilnehmt oder nicht<\/u><\/strong>.<\/p>\n<p><strong>Kommunionkinder:<br \/>\n<\/strong>Mittwoch 25.01.\u00a0\u00a0\u00a0\u00a0\u00a0\u00a0\u00a0\u00a0\u00a0\u00a0\u00a0\u00a0\u00a0\u00a0\u00a0\u00a0\u00a0\u00a0\u00a0 Sch\u00fclermesse 17:00 Uhr<br \/>\nDie Kommunionkinder treffen sich um 16:30 Uhr in der Pfarrkirche<br \/>\nFreitag 27.01.\u00a0\u00a0\u00a0\u00a0\u00a0\u00a0\u00a0\u00a0\u00a0\u00a0\u00a0\u00a0\u00a0\u00a0\u00a0\u00a0\u00a0\u00a0\u00a0\u00a0\u00a0\u00a0\u00a0\u00a0\u00a0 19:00 Uhr Elternabend im Pfarrheim<br \/>\nDonnerstag 02.02.\u00a0\u00a0\u00a0\u00a0\u00a0\u00a0\u00a0\u00a0\u00a0\u00a0\u00a0\u00a0\u00a0\u00a0\u00a0 18:00 Uhr Maria Lichtmess<br \/>\nLichterprozession der Kommunionkinder<br \/>\nHerr Pfarrer Vogl l\u00e4dt alle Kommunionkinder ganz herzlich zur Mitfeier des Aschermittwochgottesdienstes ein.<\/p>\n<p>Samstag 25.02.\u00a0\u00a0\u00a0\u00a0\u00a0\u00a0\u00a0\u00a0\u00a0\u00a0\u00a0\u00a0\u00a0\u00a0\u00a0\u00a0\u00a0\u00a0\u00a0\u00a0\u00a0 erste Gruppenstunde im Pfarrheim<br \/>\nvon 13:00 Uhr \u2013 14:30 Uhr<br \/>\n\u201dWarum feiern wir Erstkommunion?\u201d<br \/>\nBitte die Kinder im Pfarrheim abholen<\/p>\n<p><strong>Sternsinger sammeln 4.844,62 Euro:<br \/>\n<\/strong>Unsere Sternsinger haben heuer wieder ein beachtliches Ergebnis erzielt, das sich wie folgt zusammensetzt:<br \/>\nElsendorf:\u00a0\u00a0\u00a0\u00a0 \u00a0\u00a0\u00a0\u00a01.563,70 \u20ac<br \/>\nMitterstetten\/Horneck:\u00a0 572,00 \u20ac<br \/>\nRatzenhofen: \u00a0\u00a0\u00a0\u00a0\u00a0396,90 \u20ac<br \/>\nAppersdorf: \u00a0\u00a0\u00a0\u00a0\u00a0\u00a0\u00a0 712,72 \u20ac<br \/>\nHaunsbach:\u00a0\u00a0\u00a0\u00a0 \u00a0\u00a0\u00a0\u00a0480,00 \u20ac<br \/>\nMeilenhofen:\u00a0\u00a0\u00a0\u00a0\u00a0\u00a0\u00a0 62,30 \u20ac<br \/>\nBerghausen:\u00a0\u00a0\u00a0\u00a0 \u00a0 157,00 \u20ac<\/p>\n<p>Allen Kindern u. Jugendlichen, die als Sternsinger im Einsatz waren, sowie allen Erwachsenen, die sie dabei\u00a0unterst\u00fctzt haben, ein ganz herzliches \u201eVergelt`s Gott\u201c!!!!!<\/p>\n<p><strong>Senioren Nachmittag:<br \/>\n<\/strong>Alle Senioren sind herzlich am 16. Februar, um 14 Uhr zu Gaudi und Spa\u00df am \u201eUnsinnigen Donnerstag\u201c ins Pfarrheim eingeladen. Auf Eurer Kommen freut sich das Seniorenteam.<\/p>\n<p><strong>Kollektenergebnisse der Weihnachtszeit:<br \/>\n<\/strong>ADVENIAT Kollekte<br \/>\nElsendorf:\u00a0\u00a0\u00a0\u00a0\u00a0\u00a0\u00a0\u00a0\u00a0\u00a0\u00a0\u00a0\u00a0\u00a0\u00a0 671,20\u00a0 Euro<br \/>\nAppersdorf:\u00a0\u00a0\u00a0\u00a0\u00a0\u00a0\u00a0\u00a0\u00a0\u00a0\u00a0 470,90 Euro<br \/>\nHl. Nacht v. Ludwig Thoma\u00a0\u00a0\u00a0\u00a0 655,80 Euro<br \/>\nOpferk\u00e4stchen der Kinder\u00a0\u00a0\u00a0\u00a0\u00a0 \u00a0 96,63 Euro<\/p>\n<p><strong><u>\u201eVon der Einsamkeit und der K\u00fcrze des menschlichen Lebens.\u201c<br \/>\n<\/u><\/strong>Von der aus Sizilien stammenden Dichterin \u201eSalvatore Quasimodo\u201c (1901 \u2013 1968) stammen folgende Zeilen, entstanden mitten im Zweiten Weltkrieg:<\/p>\n<p><strong><em>\u201eEin Jeder steht allein<br \/>\n<\/em><\/strong><strong><em>auf dem Herzen der Erde,<br \/>\n<\/em><\/strong><strong><em>durchbohrt von einem Sonnenstrahl:<br \/>\n<\/em><\/strong><strong><em>und gleich ist es Abend.\u201c<\/em><\/strong><\/p>\n<p>Drei Grundbefindlichkeiten des menschlichen Lebens werden uns vorgestellt \u2013 die Einsamkeit, die K\u00fcrze des Lebens sowie das jedem menschlichen Wesen schicksalhaft zugemessene Ma\u00df an Licht und W\u00e4rme. Da\u00df jedes Schicksal ein h\u00f6chstpers\u00f6nliches ist, bleibt unabweisbar. In der Pubert\u00e4t schon erkennen wir das existentielle Gef\u00fchl der Einsamkeit. Es setzt sich fort in sp\u00e4teres Lebenskrisen oder nach Partnerverlust im Alter. Hinzu kommt, dass h\u00e4ufiges Alleinsein von nicht wenigen Menschen sogar als erholsame Wohltat empfunden wird. Und dies um so mehr, wenn sie von ihren Mitmenschen entt\u00e4uscht werden. Meditativ veranlagte finden zu einem \u201eAll \u2013 ein \u2013 Sein\u201c, das sich mit dem \u201eAll \u2013 verschmolzen \u2013 f\u00fchlen\u201c verbindet. Der Mensch, der sich immer als Pilger versteht, wei\u00df um die <strong>Einsamkeit und die K\u00fcrze des Lebens. <\/strong>Er ist auf den beschworenen Sonnenstrahl angewiesen, er geh\u00f6rt mit zur Alltagserfahrung der Gegenwart. <strong>\u201eUnd gleich ist es Abend\u201c <\/strong>verweist auf die K\u00fcrze des Lebens.<br \/>\nSeneca (4 \u2013 65 n. Chr.), der r\u00f6mische Philosoph schreibt \u201e\u00fcber die K\u00fcrze des Lebens\u201c:<br \/>\n<strong><em>\u201eUnser Leben ist lang genug und zur Vollendung der<br \/>\n<\/em><\/strong><strong><em>gr\u00f6\u00dften Taten reichlich bemessen, wenn es<br \/>\n<\/em><\/strong><strong><em>im Ganzen gut verwendet w\u00fcrde.\u201c<br \/>\n<\/em><\/strong>Davon jedoch, so Seneca, k\u00f6nne in aller Regel keine Rede sein. Die meisten Menschen seien lediglich \u201eoccupati\u201c \u2013 und dies durchaus im doppelten Sinne des Wortes: besch\u00e4ftigt und besetzt bzw. besessen.<br \/>\nVon diesen Besch\u00e4ftigungen und den ihnen zugrunde liegenden Impulsen. Durch die Nichtigkeit ihres Tuns, durch ihre leere Gesch\u00e4ftigkeit und durch die st\u00e4ndige Jagd nach Befriedigung ihrer Begierden verk\u00fcrzten sie ihr Leben mehr oder minder gewaltsam. Wer von ihnen, so fragt Seneca,<br \/>\n<strong>\u201es\u00e4he nicht lieber den Staat in Unordnung <\/strong><strong>als seine eigene Frisur?\u201c <\/strong>Die K\u00fcrze des Lebens mag uns durch <strong><em>\u201eh\u00f6here Gewalt\u201c <\/em><\/strong>Schicksalhaft auferlegt sein; aber es liegt wohl an uns, was wir aus unserem Leben machen.<br \/>\n<strong>Wer wollte Seneca insoweit widersprechen?<\/strong><\/p>\n<hr \/>\n<p>Katholisches Pfarramt Elsendorf<br \/>\nMainburger Stra\u00dfe 1<br \/>\n84094 Elsendorf<br \/>\nTelefon: 08753\/245<br \/>\nFax: 08753\/910498<br \/>\ne-mail: elsendorf\u201cAT\u201cbistum-regensburg.de<br \/>\nwww.pfarrei-elsendorf.de<\/p>\n<p><a href=\"http:\/\/www.sozialstation-mainburg.de\/\" target=\"_blank\" rel=\"noreferrer noopener\"><span style=\"color: #0000ff;\"><em>Link zur Caritas Sozialstation Mainburg<\/em><\/span><\/a><\/p>\n","protected":false},"excerpt":{"rendered":"<p>Isidori Bruderschaft: Zum gemeinsamen Gottesdienst am Samstag, den 28. Januar sind auch alle Nichtmitglieder herzlich willkommen. Die Einschreibung ist ab 17:00 Uhr im Pfarrb\u00fcro m\u00f6glich. Maria Lichtmess: Bei den Gottesdiensten zu Maria Lichtmess bitten wir in der Kollekte um Ihren Beitrag f\u00fcr die Kirchenkerzen. Ihre privaten Kerzen, die Sie segnen lassen wollen, stellen Sie bitte &hellip; <a href=\"https:\/\/www.pfarrei-elsendorf.de\/content\/messintentionen-und-mitteilungsblatt-bis-26-02-2023\/\" class=\"more-link\"><span class=\"screen-reader-text\">MESSINTENTIONEN UND MITTEILUNGSBLATT BIS 26.02.2023<\/span> weiterlesen <span class=\"meta-nav\">&rarr;<\/span><\/a><\/p>\n","protected":false},"author":1,"featured_media":0,"comment_status":"closed","ping_status":"closed","sticky":false,"template":"","format":"standard","meta":{"footnotes":""},"categories":[1,9],"tags":[12,16,20,19,18,11,52,53,29,28,25,34,35,21,23,24,13,36],"class_list":["post-1216","post","type-post","status-publish","format-standard","hentry","category-allgemein","category-archiv","tag-appersdorf","tag-berghausen","tag-bistum-eichstaett","tag-bistum-regensburg","tag-carita-sozialstation","tag-elsendorf","tag-erstkommunion","tag-erstkommunion-elsendorf","tag-farrkirche-maria-immaculata","tag-firmung","tag-frauenbund","tag-pfarrbrief","tag-pfarrbrief-elsendorf","tag-pfarrei-appersdorf","tag-pfarrei-elsendorf","tag-pfarrer-albert-vogl","tag-pfarrer-vogl","tag-pfarrkirche-maria-immaculata"],"_links":{"self":[{"href":"https:\/\/www.pfarrei-elsendorf.de\/content\/wp-json\/wp\/v2\/posts\/1216","targetHints":{"allow":["GET"]}}],"collection":[{"href":"https:\/\/www.pfarrei-elsendorf.de\/content\/wp-json\/wp\/v2\/posts"}],"about":[{"href":"https:\/\/www.pfarrei-elsendorf.de\/content\/wp-json\/wp\/v2\/types\/post"}],"author":[{"embeddable":true,"href":"https:\/\/www.pfarrei-elsendorf.de\/content\/wp-json\/wp\/v2\/users\/1"}],"replies":[{"embeddable":true,"href":"https:\/\/www.pfarrei-elsendorf.de\/content\/wp-json\/wp\/v2\/comments?post=1216"}],"version-history":[{"count":1,"href":"https:\/\/www.pfarrei-elsendorf.de\/content\/wp-json\/wp\/v2\/posts\/1216\/revisions"}],"predecessor-version":[{"id":1217,"href":"https:\/\/www.pfarrei-elsendorf.de\/content\/wp-json\/wp\/v2\/posts\/1216\/revisions\/1217"}],"wp:attachment":[{"href":"https:\/\/www.pfarrei-elsendorf.de\/content\/wp-json\/wp\/v2\/media?parent=1216"}],"wp:term":[{"taxonomy":"category","embeddable":true,"href":"https:\/\/www.pfarrei-elsendorf.de\/content\/wp-json\/wp\/v2\/categories?post=1216"},{"taxonomy":"post_tag","embeddable":true,"href":"https:\/\/www.pfarrei-elsendorf.de\/content\/wp-json\/wp\/v2\/tags?post=1216"}],"curies":[{"name":"wp","href":"https:\/\/api.w.org\/{rel}","templated":true}]}}