{"id":1243,"date":"2023-07-05T20:29:48","date_gmt":"2023-07-05T18:29:48","guid":{"rendered":"https:\/\/www.pfarrei-elsendorf.de\/content\/?p=1243"},"modified":"2024-01-22T21:18:47","modified_gmt":"2024-01-22T20:18:47","slug":"gottesdienstordnung-vom-02-07-2023-30-07-2023","status":"publish","type":"post","link":"https:\/\/www.pfarrei-elsendorf.de\/content\/gottesdienstordnung-vom-02-07-2023-30-07-2023\/","title":{"rendered":"GOTTESDIENSTORDNUNG VOM 02.07.2023 \u2013 30.07.2023"},"content":{"rendered":"<p><strong>Wir feiern Gottesdienst:<\/strong><\/p>\n<p><strong>Sonntag, 02.07.\u00a0\u00a0\u00a0\u00a0\u00a0\u00a0\u00a0\u00a0\u00a0\u00a0\u00a0\u00a0\u00a0\u00a0\u00a0\u00a0 13. SONNTAG IM JAHRESKREIS<\/strong> \u00a0\u00a0\u00a0\u00a0\u00a0\u00a0\u00a0\u00a0\u00a0\u00a0\u00a0\u00a0\u00a0\u00a0\u00a0\u00a0\u00a0\u00a0\u00a0\u00a0\u00a0\u00a0\u00a0\u00a0\u00a0\u00a0\u00a0 &#8211; Kollekte f. Weltkirche<br \/>\nMaria Br\u00fcnnl<br \/>\n08:00 Uhr<br \/>\nFam. G\u00fcnther Stehr f\u00fcr + Mutter Elisabeth Stehr<br \/>\nMarianne Frank f\u00fcr + Eltern Josef u. Zenta Br\u00fccklmaier<\/p>\n<p>Maria Br\u00fcnnl\u00a0\u00a0\u00a0\u00a0 10:00 Uhr<br \/>\n#############\u00a0\u00a0\u00a0\u00a0\u00a0\u00a0 <strong>300 Jahre Wallfahrtskirche Maria Br\u00fcnnl<br \/>\nmit F<\/strong><strong>estprediger Abt Mag. Gerhard Hafner, Admont<br \/>\n<\/strong><em>gestaltet v. den Br\u00fcnnlberg Musikanten u. den Familien Burgmeier &amp; Beck<br \/>\n<\/em>Anna Hilz f\u00fcr + Vater<br \/>\nGundi Weingartner f\u00fcr + Ehemann Leonhard u. Schwiegereltern<br \/>\nMaria Br\u00fcnnl<br \/>\n14:30 Uhr\u00a0\u00a0\u00a0\u00a0\u00a0\u00a0 Marienandacht zum Abschluss des Br\u00fcnnl Festes<br \/>\n<em>gestaltet von den Familien Burgmeier und Beck<\/em><\/p>\n<p><strong>Donnerstag, 06.07.\u00a0\u00a0\u00a0\u00a0\u00a0\u00a0\u00a0\u00a0\u00a0\u00a0 Hl. Maria Goretti<br \/>\n<\/strong>St. Anton\u00a0\u00a0\u00a0\u00a0\u00a0\u00a0\u00a0\u00a0 15:30 Uhr\u00a0\u00a0\u00a0\u00a0\u00a0\u00a0 Kleinkindergottesdienst mit Fahrzeugsegnung<\/p>\n<p><strong>Samstag, 08.07.\u00a0\u00a0\u00a0\u00a0\u00a0\u00a0\u00a0\u00a0\u00a0\u00a0\u00a0\u00a0\u00a0\u00a0\u00a0\u00a0 Hl. Kilian, Marien-Samstag<\/strong><br \/>\nElsendorf<br \/>\n11:30 Uhr\u00a0\u00a0\u00a0\u00a0\u00a0\u00a0 Trauung von Stefanie u. Bernhard Steimle<\/p>\n<p>Elsendorf<br \/>\n18:00 Uhr<br \/>\nChristine u. Agnes K\u00fchnel f\u00fcr + Onkel Michael Ertlmaier<br \/>\nAnna Lanzl f\u00fcr + Marianne u. Leonhart Kellerer<br \/>\nFeigl Georg, Mainburg f\u00fcr + Mutter Gertraud Feigl<\/p>\n<p>Berghausen<br \/>\n18:00 Uhr<br \/>\nHans Haas f\u00fcr + Eltern Alois u. Anna Haas z. Namenstag<br \/>\nMaria u. Tanja Roithmeier f\u00fcr + Papa Josef Neppl z. Geburtstag<br \/>\nKonrad Gschl\u00f6\u00dfl f\u00fcr + Vater u. Gro\u00dfeltern<br \/>\nLudwig Gschl\u00f6\u00dfl f\u00fcr + Eltern Ludwig u. Magdalena<br \/>\nFranziska Dasch f\u00fcr + Schwester u. 2 Schwager<br \/>\nErwin Weiher f\u00fcr + Eltern u. Verwandtschaft<\/p>\n<p><strong>Sonntag, 09.07.\u00a0\u00a0\u00a0\u00a0\u00a0\u00a0\u00a0 14. SONNTAG IM JAHRESKREIS &#8211;<\/strong><br \/>\nElsendorf<br \/>\n09:00 Uhr<br \/>\nResi Heindl f\u00fcr + Eltern u. Verwandte<br \/>\nMarianne Weichenrieder f\u00fcr + Gro\u00dfeltern, Tanten u. Onkeln<br \/>\nMaria Enzmann f\u00fcr + Geschwister<br \/>\nFrieda Karsties f\u00fcr + Daniel Karsties<br \/>\nEltern f\u00fcr + Sohn Daniel Karsties<br \/>\nFrieda Karsties f\u00fcr + Rosa Hanus<br \/>\nBrigitte Dittmar f\u00fcr + Eltern<\/p>\n<p>Maria Br\u00fcnnl<br \/>\n10:00 Uhr<br \/>\nAnna Hilz f\u00fcr + Mutter<br \/>\nGeschwister Hilz f\u00fcr + Maria u. Matthias Neuhauser<br \/>\nInge u. Monika Bachmeier f\u00fcr + Eltern u. Verwandtschaft<br \/>\nFam. Ginzinger f\u00fcr + Frieda u. Hans Ginzinger<br \/>\nBerta Baumeister f\u00fcr + Onkel Andreas<\/p>\n<p>Berghausen<br \/>\n11:30 Uhr<br \/>\nTaufe von Marietta Sophie Stauch u.<br \/>\nNora Anna Liedl<\/p>\n<p>St. Anton<br \/>\n15:00 Uhr<br \/>\nTaufe von Emilio Luca Rolando Palencia<\/p>\n<p><strong>Donnerstag, 13.07.\u00a0\u00a0\u00a0 Hl. Heinrich II. und Hl. Kunigunde<\/strong><br \/>\nMeilenhofen<br \/>\n19:00 Uhr<br \/>\nWally Kellner f\u00fcr + Enkel Markus u. Enkelin Corinna<br \/>\nBrigitte Amberger f\u00fcr + Mutter Elisabeth z. Stbtg.<br \/>\nMonika u. Inge Bachmeier f\u00fcr + Eltern Maria u. Josef Bachmeier<br \/>\nGerda Gabelsberger f\u00fcr + Ehemann, Eltern u. Geschwister beiderseits<\/p>\n<p><strong>Samstag, 15.07.\u00a0\u00a0\u00a0 Hl. Bonaventura<\/strong><br \/>\nSt. Anton<br \/>\n12:30 Uhr\u00a0\u00a0\u00a0\u00a0\u00a0\u00a0 Trauung von Julia und Andreas Reiter<\/p>\n<p>Meilenhofen<br \/>\n15:00 Uhr<br \/>\nEinweihung des Feuerwehrautos Meilenhofen<br \/>\n(Mainburg Nord) mit Pfr. Florian Zobel u. Pfr. Albert Vogl<\/p>\n<p>Elsendorf<br \/>\n18:00 Uhr\u00a0\u00a0\u00a0\u00a0\u00a0\u00a0 <strong>35. j\u00e4hriges Jubil\u00e4um der Kirchenspatzen<br \/>\n<\/strong>Stiftsmesse Josefa Bauer f\u00fcr + Familie Bauer<br \/>\nAngela Daimer f\u00fcr + Tante Hilde Winner u. Rupert P\u00f6ppel<\/p>\n<p><strong>Sonntag, 16.07.\u00a0\u00a0\u00a0\u00a0 15. SONNTAG IM JAHRESKREIS<\/strong><br \/>\nMeilenhofen<br \/>\n10:30 Uhr<br \/>\n<strong>TV-Meilenhofen Familiengottesdienst<br \/>\n<\/strong>TV-Meilenhofen f\u00fcr + Mitglieder<\/p>\n<p>St. Anton<br \/>\n19:30 Uhr\u00a0\u00a0\u00a0\u00a0\u00a0\u00a0 <strong>BENEFIZKONZERT<br \/>\n<\/strong>Festliche Chormusik mit Klavier u. Streichern von<br \/>\ndem Hallertauer Vokal u. Streich-Sextett HMB<\/p>\n<p><strong>Dienstag, 18.07.\u00a0\u00a0\u00a0\u00a0\u00a0 Dienstag der 15. Woche im Jahreskreis<\/strong><br \/>\nHorneck<br \/>\n19:00 Uhr<br \/>\nFamilie Klaus Brunner f\u00fcr + Franz u. Maria Brunner<br \/>\nMartha Haltmeier f\u00fcr + Eltern u. Bruder<\/p>\n<p><strong>Mittwoch, 19.07.\u00a0\u00a0\u00a0\u00a0\u00a0\u00a0\u00a0\u00a0\u00a0\u00a0\u00a0\u00a0\u00a0\u00a0\u00a0 Mittwoch der 15. Woche im Jahreskreis<\/strong><br \/>\nHaunsbach<br \/>\n19:00 Uhr\u00a0\u00a0\u00a0\u00a0\u00a0\u00a0 Hl. Messe<\/p>\n<p><strong>Samstag, 22.07.\u00a0\u00a0\u00a0\u00a0\u00a0\u00a0\u00a0\u00a0\u00a0\u00a0\u00a0\u00a0\u00a0\u00a0\u00a0\u00a0 HL. MARIA MAGDALENA<\/strong><br \/>\nSt. Anton<br \/>\n12:00 Uhr\u00a0\u00a0\u00a0\u00a0\u00a0 Trauung von Christina u. Sebastian Gebendorfer<\/p>\n<p>Elsendorf<br \/>\n18:00 Uhr\u00a0\u00a0\u00a0\u00a0\u00a0\u00a0 <strong>Vorabendgottesdienst mit Fahrzeugsegnung<br \/>\n<\/strong>Stiftsmesse Josef Stempfhuber f\u00fcr + Stiefvater Ludwig Donaubauer<br \/>\nMarianne Wagner, Ratzenhofen f\u00fcr + Ehemann u. Eltern<br \/>\nMaria Ertlmaier f\u00fcr + Ehemann z. Geburtstag<br \/>\nMaria Ertlmaier f\u00fcr + Schw\u00e4gerin Elfriede K\u00f6nig<br \/>\nFrieda Karsties f\u00fcr + Ehemann u. Eltern<br \/>\nJohanna Rainer f\u00fcr + Ehemann u. Vater<\/p>\n<p><strong>Sonntag, 23.07.\u00a0\u00a0 16. SONNTAG IM JAHRESKREIS &#8211;<\/strong><br \/>\nElsendorf<br \/>\n10:00 Uhr<br \/>\nMarianne Weichenrieder f\u00fcr + Vater<br \/>\nFam. Weichenrieder f\u00fcr + Schwiegermutter u. Oma<br \/>\nT\u00f6chter f\u00fcr + Eltern Magdalena u. Alfons Kirmaier z. Stbtg.<\/p>\n<p>Annakapelle\u00a0\u00a0\u00a0\u00a0 14:00 Uhr\u00a0\u00a0\u00a0\u00a0\u00a0\u00a0 <strong>30 Jahre Kapelle St. Anna<br \/>\n<\/strong>Kapellenverein f\u00fcr + Mitglieder u. Helfer der vergangenen 30 Jahre<br \/>\nAnna u. Lena Hainzinger f\u00fcr + Oma u. Opa Lindner<br \/>\nGerlinde Fr\u00fchmorgen f\u00fcr + Bruder Thomas Wimmer<br \/>\nKapellenverein Hl. Anna f\u00fcr + Alois Haltmeier (Aicha)<br \/>\nJosef Thalmair f\u00fcr + Eltern z. 2. Stbtg. der Mutter<br \/>\nFam. Thalmair f\u00fcr + Alois Haltmeier<\/p>\n<p><strong>Dienstag, 25.07.\u00a0\u00a0\u00a0\u00a0 HL. JAKOBUS<\/strong><br \/>\nSt. Anton<br \/>\n19:00 Uhr<br \/>\nAnna Lanzl f\u00fcr + Verwandtschaft<br \/>\nRenate H\u00e4ckl f\u00fcr + Eltern<br \/>\nMax H\u00e4ckl f\u00fcr+ Eltern u. Bruder<br \/>\nGeschwister Dettenhofer f\u00fcr + Eltern<br \/>\nFam. Hausler f\u00fcr + Regina Weiher<br \/>\nGaby Lehner f\u00fcr + Vater u. Schwiegereltern<br \/>\nGaby Lehner f\u00fcr + Maria Schwertl, Ratzenhofen<\/p>\n<p><strong>Donnerstag, 27.07.\u00a0\u00a0 Donnerstag der 16. Woche im Jahreskreis<\/strong><br \/>\nMeilenhofen<br \/>\n19:00 Uhr<br \/>\nEnkelkinder f\u00fcr + Oma Inge Sommerer<br \/>\nLuise Huber f\u00fcr + Andreas u. Antonie Sigl<\/p>\n<p><strong>Freitag, 28.07.\u00a0\u00a0\u00a0 Freitag der 16. Woche im Jahreskreis<\/strong><br \/>\nElsendorf<br \/>\n08:15 Uhr\u00a0\u00a0\u00a0\u00a0\u00a0\u00a0 Schulabschlussgottesdienst in der Grundschule<\/p>\n<p><strong>Samstag, 29.07.\u00a0\u00a0 Hl. Marta, Maria und Lazarus<\/strong><br \/>\nMaria Br\u00fcnnl<br \/>\n19:00 Uhr<br \/>\nFam. Anton Hilz f\u00fcr + Helmut Polz<br \/>\nFam. Ludwig u. Heidi Hartl f\u00fcr + Gerlinde u. Matth\u00e4us Hartl<br \/>\nElfriede Hunglinger f\u00fcr + Gro\u00dfeltern, Onkel u. Tanten<br \/>\nsowie Bruder Alfons<\/p>\n<p><strong>Sonntag, 30.07.\u00a0\u00a0\u00a0 17. SONNTAG IM JAHRESKREIS &#8211;<\/strong><br \/>\nElsendorf<br \/>\n10:00 Uhr<br \/>\n<strong>TSV Gottesdienst am Vereinsheim <\/strong><em>gestaltet von den Kirchenspatzen<br \/>\n<\/em>TSV Elsendorf f\u00fcr + Mitglieder<\/p>\n<p>St. Anton<br \/>\n11:30 Uhr\u00a0\u00a0\u00a0\u00a0\u00a0\u00a0 Taufe von Emil Jakob Kellerer<\/p>\n<hr \/>\n<pre>Katholisches Pfarramt Elsendorf\r\nMainburger Stra\u00dfe 1\r\n84094 Elsendorf\r\nTelefon: 08753\/245\r\nFax: 08753\/910498\r\ne-mail: elsendorf\u201cAT\u201cbistum-regensburg.de\r\nwww.pfarrei-elsendorf.de<\/pre>\n<p><a href=\"http:\/\/www.sozialstation-mainburg.de\/\" target=\"_blank\" rel=\"noreferrer noopener\"><em>Link zur Caritas Sozialstation Mainburg<\/em><\/a><\/p>\n","protected":false},"excerpt":{"rendered":"<p>Wir feiern Gottesdienst: Sonntag, 02.07.\u00a0\u00a0\u00a0\u00a0\u00a0\u00a0\u00a0\u00a0\u00a0\u00a0\u00a0\u00a0\u00a0\u00a0\u00a0\u00a0 13. SONNTAG IM JAHRESKREIS \u00a0\u00a0\u00a0\u00a0\u00a0\u00a0\u00a0\u00a0\u00a0\u00a0\u00a0\u00a0\u00a0\u00a0\u00a0\u00a0\u00a0\u00a0\u00a0\u00a0\u00a0\u00a0\u00a0\u00a0\u00a0\u00a0\u00a0 &#8211; Kollekte f. Weltkirche Maria Br\u00fcnnl 08:00 Uhr Fam. G\u00fcnther Stehr f\u00fcr + Mutter Elisabeth Stehr Marianne Frank f\u00fcr + Eltern Josef u. Zenta Br\u00fccklmaier Maria Br\u00fcnnl\u00a0\u00a0\u00a0\u00a0 10:00 Uhr #############\u00a0\u00a0\u00a0\u00a0\u00a0\u00a0 300 Jahre Wallfahrtskirche Maria Br\u00fcnnl mit Festprediger Abt Mag. Gerhard Hafner, Admont gestaltet v. den &hellip; <a href=\"https:\/\/www.pfarrei-elsendorf.de\/content\/gottesdienstordnung-vom-02-07-2023-30-07-2023\/\" class=\"more-link\"><span class=\"screen-reader-text\">GOTTESDIENSTORDNUNG VOM 02.07.2023 \u2013 30.07.2023<\/span> weiterlesen <span class=\"meta-nav\">&rarr;<\/span><\/a><\/p>\n","protected":false},"author":1,"featured_media":0,"comment_status":"closed","ping_status":"closed","sticky":false,"template":"","format":"standard","meta":{"footnotes":""},"categories":[1,9],"tags":[12,16,20,19,18,11,52,53,29,28,25,34,35,21,23,24,13,36],"class_list":["post-1243","post","type-post","status-publish","format-standard","hentry","category-allgemein","category-archiv","tag-appersdorf","tag-berghausen","tag-bistum-eichstaett","tag-bistum-regensburg","tag-carita-sozialstation","tag-elsendorf","tag-erstkommunion","tag-erstkommunion-elsendorf","tag-farrkirche-maria-immaculata","tag-firmung","tag-frauenbund","tag-pfarrbrief","tag-pfarrbrief-elsendorf","tag-pfarrei-appersdorf","tag-pfarrei-elsendorf","tag-pfarrer-albert-vogl","tag-pfarrer-vogl","tag-pfarrkirche-maria-immaculata"],"_links":{"self":[{"href":"https:\/\/www.pfarrei-elsendorf.de\/content\/wp-json\/wp\/v2\/posts\/1243","targetHints":{"allow":["GET"]}}],"collection":[{"href":"https:\/\/www.pfarrei-elsendorf.de\/content\/wp-json\/wp\/v2\/posts"}],"about":[{"href":"https:\/\/www.pfarrei-elsendorf.de\/content\/wp-json\/wp\/v2\/types\/post"}],"author":[{"embeddable":true,"href":"https:\/\/www.pfarrei-elsendorf.de\/content\/wp-json\/wp\/v2\/users\/1"}],"replies":[{"embeddable":true,"href":"https:\/\/www.pfarrei-elsendorf.de\/content\/wp-json\/wp\/v2\/comments?post=1243"}],"version-history":[{"count":5,"href":"https:\/\/www.pfarrei-elsendorf.de\/content\/wp-json\/wp\/v2\/posts\/1243\/revisions"}],"predecessor-version":[{"id":1256,"href":"https:\/\/www.pfarrei-elsendorf.de\/content\/wp-json\/wp\/v2\/posts\/1243\/revisions\/1256"}],"wp:attachment":[{"href":"https:\/\/www.pfarrei-elsendorf.de\/content\/wp-json\/wp\/v2\/media?parent=1243"}],"wp:term":[{"taxonomy":"category","embeddable":true,"href":"https:\/\/www.pfarrei-elsendorf.de\/content\/wp-json\/wp\/v2\/categories?post=1243"},{"taxonomy":"post_tag","embeddable":true,"href":"https:\/\/www.pfarrei-elsendorf.de\/content\/wp-json\/wp\/v2\/tags?post=1243"}],"curies":[{"name":"wp","href":"https:\/\/api.w.org\/{rel}","templated":true}]}}