{"id":1246,"date":"2023-07-05T20:50:44","date_gmt":"2023-07-05T18:50:44","guid":{"rendered":"https:\/\/www.pfarrei-elsendorf.de\/content\/?p=1246"},"modified":"2024-01-22T21:17:48","modified_gmt":"2024-01-22T20:17:48","slug":"messintentionen-und-mitteilungsblatt-bis-30-07-2023","status":"publish","type":"post","link":"https:\/\/www.pfarrei-elsendorf.de\/content\/messintentionen-und-mitteilungsblatt-bis-30-07-2023\/","title":{"rendered":"MESSINTENTIONEN UND MITTEILUNGSBLATT BIS 30.07.2023"},"content":{"rendered":"<h5><em><strong>Appersdorf am Sonntag, 02.07. <\/strong>10:00 Uhr,\u00a0 <strong>300 Jahre Wallfahrtskirche\u00a0 <\/strong>Maria Br\u00fcnnl <strong>mit <\/strong><strong>Festprediger<br \/>\nAbt Mag. Gerhard Hafner, Admont<\/strong><\/em><\/h5>\n<p style=\"text-align: justify;\"><strong><u>Marienandacht zum Beginn des Br\u00fcnnlfestes u. D\u00e4mmerschoppen:<br \/>\n<\/u><\/strong>Am Samstag, 1.Juli \u00a0um 19:00 Uhr findet die Marienandacht zum Beginn des Br\u00fcnnl-Festes statt. Musikalische Gestaltung durch die Br\u00fcnnlberg Musikanten, Traudi Burgmeier und Karin Fertl.<br \/>\nAnschlie\u00dfend l\u00e4dt der Pfarrgemeinderat und die Kirchenverwaltung zum D\u00e4mmerschoppen, mit Brotzeit und musikalischer Umrahmung durch die Br\u00fcnnlberg Musikanten, am Br\u00fcnnlberg, ein.<\/p>\n<p><span style=\"text-decoration: underline;\"><strong><span style=\"color: #000000; text-decoration: underline;\">Sonntag 23.07. 14:00Uhr 30 Jahre Kapelle St. Anna in Haunsbach<\/span><\/strong><\/span><\/p>\n<p style=\"text-align: justify;\"><strong><u>35j\u00e4hriges Chorjubil\u00e4um der <\/u><\/strong><strong><u>\u201eElsendorfer Kirchenspatzen\u201c<br \/>\n<\/u><\/strong>Zum Festgottesdienst am Samstag, 15.07.2023 um 18 Uhr anl\u00e4\u00dflich des 35j\u00e4hrigem Jubil\u00e4um der \u201eElsendorfer Kirchenspatzen\u201c sind alle Pfarrangeh\u00f6rigen und Musikinteressierten recht herzlich eingeladen.<br \/>\nDabei gibt es auch ein Wiedersehen mit den Gr\u00fcndern Frau Rita Glei\u00dfner und Pfarrer Arnold Pirner sowie der langj\u00e4hrigen Chorleiterin, Frau Karin Fertl. Zur Feier im Anschluss an den Gottesdienst k\u00f6nnen sich die aktuellen und ehemaligen Kirchenspatzen noch bis zum <strong><em>07.07.2023<\/em><\/strong> bei Frau Silvia Fischer, E-Mail: <a href=\"mailto:lothar-silvia@web.de\">lothar-silvia@web.de<\/a>, anmelden.<\/p>\n<p style=\"text-align: justify;\"><strong><u>Grillfest der Senioren:<br \/>\n<\/u><\/strong>Am 20. Juli l\u00e4dt das Senioren-Team zum Grillfest um 14:00 Uhr in den Pfarrgarten ein. Bittte gute Laune und Humor mitbringen.<br \/>\nAuf zahlreiches Kommen freut sich das Senioren-Team<\/p>\n<p style=\"text-align: justify;\"><strong><u>Elsendorfer Kirchenspatzen:<br \/>\n<\/u><\/strong>Freitag, 14.7.:<br \/>\n16.30 \u2013 18.00 Uhr\u00a0\u00a0 Singstunde im Pfarrheim<br \/>\nSamstag, 15.7.:<br \/>\n17.00 Uhr\u00a0 \u00a0Einsingen f\u00fcr unser Chorjubil\u00e4um in der Pfarrkirche, anschlie\u00dfend Feier im Pfarrgarten, bei schlechtem Wetter im Pfarrheim<br \/>\nFreitag, 28.7.:<br \/>\n16.30 \u2013 17.30 Uhr\u00a0\u00a0 Singstunde im Pfarrheim<br \/>\nSonntag, 30.7.:<br \/>\n9.15 Uhr\u00a0\u00a0\u00a0\u00a0 Einsingen f\u00fcr Fam-Go beim TSV Sportheim<\/p>\n<p style=\"text-align: justify;\"><strong><u>Kirchenchor:<br \/>\n<\/u><\/strong>Montag, 17.07. und 31.07.:<br \/>\n19.00 Uhr Singstunde in der Pfarrkirche<\/p>\n<p style=\"text-align: justify;\"><strong><u>Kirchenrechnung liegt auf:<br \/>\n<\/u><\/strong>Die Kirchenrechnung der Pfarrei Appersdorf-Meilenhofen-Haunsbach f\u00fcr das Jahr 2022 ist fertiggestellt und liegt von 03.07. bis 17.07. im Pfarrb\u00fcro zur Einsicht auf.<\/p>\n<h5 style=\"text-align: justify;\"><em><strong><u>Wenn einer geht \u2013 er verdient\u00a0\u00a0\u00a0 \u00a0D a n k\u00a0\u00a0 und\u00a0\u00a0 Gedanken.<\/u><\/strong><\/em><\/h5>\n<p style=\"text-align: justify;\">Er hat das Ganze mitgebaut. Er hat seine Kraft hiergelassen. Er hat gegeben, was er konnte zu dieser Zeit, in diesen Umst\u00e4nden. Dank f\u00fcr soviel guten Willen. Und die Bitte um Vergebung f\u00fcr Vernachl\u00e4ssigtes. Auch das ist wichtig. Und den Gehenden ein St\u00fcck geleiten, ihm winken, mindestens bis zur n\u00e4chsten Ecke. Und den Bleibenden soll der Gehende Gl\u00fcck w\u00fcnschen. Im R\u00fcckblick ist nur Dank, nur vers\u00f6hnte Gef\u00fchle.<br \/>\nGemessen am Misslungenen ist doch das Qantum des Gelungenen gro\u00df. Wie vertr\u00e4glich gelang das Allt\u00e4gliche, und ein St\u00fcck des Herzens bleibt hier, gerade weil man auch aneinander gelitten hat. Woran man gelitten hat, wissen nur wenige. Aber manchmal ereignet es sich, das man Einblick bekommt in das, woran heute jeder leidet der wachen Herzens durch unsere Zeit geht. Wir erleben doch diese \u201eKaltfront\u201c, die da hei\u00dft \u201eUndankbarkeit\u201c. Wir erleben diesen K\u00e4lteeinbruch, es niemanden mehr recht machen zu k\u00f6nnen! Wir erleben eine Unzufriedenheit \u2013 auch bei aller F\u00fclle. Wir s\u00e4en Vertrauen und der steinige Boden gibt nichts her.<br \/>\nGlauben hei\u00dft, dass ich meinem Nicht-Gelingen ins Gesicht schauen kann; dass ich die Hoffnung nicht verliere und dass ich nicht in Panik gerate, wenn ich mich als Fragment oder als Schuldigen erkennen muss. So widerspr\u00fcchlich sein zu k\u00f6nnen , ist sehr sch\u00f6n.<\/p>\n<p>Wir w\u00fcnschen Ihm, dem Scheidenden und Neuank\u00f6mmling, einen Vorschuss an Vertrauen. Wir alle brauchen es doch: Nach einem Schulwechsel, nach einem Umzug oder an einem neuen Arbeitsplatz. Wie gut tut es dem Menschen, wenn ihm dieser \u201eProduktionskredit\u201c Vertrauen geschenkt wird. Dieser Vorschuss an Vertrauen macht gro\u00df. Alle, die uns nur auf die F\u00fc\u00dfe starren, dass wir endlich stolpern, die machen nur Angst.<\/p>\n<p><img loading=\"lazy\" decoding=\"async\" class=\"alignright size-large wp-image-1258\" src=\"https:\/\/www.pfarrei-elsendorf.de\/content\/wp-content\/uploads\/2023\/07\/konzsta0723-714x1024.png\" alt=\"Benefizkonzert\" width=\"474\" height=\"680\" srcset=\"https:\/\/www.pfarrei-elsendorf.de\/content\/wp-content\/uploads\/2023\/07\/konzsta0723-714x1024.png 714w, https:\/\/www.pfarrei-elsendorf.de\/content\/wp-content\/uploads\/2023\/07\/konzsta0723-209x300.png 209w, https:\/\/www.pfarrei-elsendorf.de\/content\/wp-content\/uploads\/2023\/07\/konzsta0723-768x1101.png 768w, https:\/\/www.pfarrei-elsendorf.de\/content\/wp-content\/uploads\/2023\/07\/konzsta0723-1071x1536.png 1071w, https:\/\/www.pfarrei-elsendorf.de\/content\/wp-content\/uploads\/2023\/07\/konzsta0723.png 1295w\" sizes=\"auto, (max-width: 474px) 100vw, 474px\" \/><\/p>\n<pre>Katholisches Pfarramt Elsendorf\r\nMainburger Stra\u00dfe 1\r\n84094 Elsendorf\r\nTelefon: 08753\/245\r\nFax: 08753\/910498\r\ne-mail: elsendorf\u201cAT\u201cbistum-regensburg.de\r\nwww.pfarrei-elsendorf.de<\/pre>\n<p><a href=\"http:\/\/www.sozialstation-mainburg.de\/\" target=\"_blank\" rel=\"noreferrer noopener\"><em>Link zur Caritas Sozialstation Mainburg<\/em><\/a><\/p>\n","protected":false},"excerpt":{"rendered":"<p>Appersdorf am Sonntag, 02.07. 10:00 Uhr,\u00a0 300 Jahre Wallfahrtskirche\u00a0 Maria Br\u00fcnnl mit Festprediger Abt Mag. Gerhard Hafner, Admont Marienandacht zum Beginn des Br\u00fcnnlfestes u. D\u00e4mmerschoppen: Am Samstag, 1.Juli \u00a0um 19:00 Uhr findet die Marienandacht zum Beginn des Br\u00fcnnl-Festes statt. Musikalische Gestaltung durch die Br\u00fcnnlberg Musikanten, Traudi Burgmeier und Karin Fertl. Anschlie\u00dfend l\u00e4dt der Pfarrgemeinderat und &hellip; <a href=\"https:\/\/www.pfarrei-elsendorf.de\/content\/messintentionen-und-mitteilungsblatt-bis-30-07-2023\/\" class=\"more-link\"><span class=\"screen-reader-text\">MESSINTENTIONEN UND MITTEILUNGSBLATT BIS 30.07.2023<\/span> weiterlesen <span class=\"meta-nav\">&rarr;<\/span><\/a><\/p>\n","protected":false},"author":1,"featured_media":0,"comment_status":"closed","ping_status":"closed","sticky":false,"template":"","format":"standard","meta":{"footnotes":""},"categories":[1,9],"tags":[12,16,20,19,18,11,52,53,29,28,25,34,35,21,23,24,13,36],"class_list":["post-1246","post","type-post","status-publish","format-standard","hentry","category-allgemein","category-archiv","tag-appersdorf","tag-berghausen","tag-bistum-eichstaett","tag-bistum-regensburg","tag-carita-sozialstation","tag-elsendorf","tag-erstkommunion","tag-erstkommunion-elsendorf","tag-farrkirche-maria-immaculata","tag-firmung","tag-frauenbund","tag-pfarrbrief","tag-pfarrbrief-elsendorf","tag-pfarrei-appersdorf","tag-pfarrei-elsendorf","tag-pfarrer-albert-vogl","tag-pfarrer-vogl","tag-pfarrkirche-maria-immaculata"],"_links":{"self":[{"href":"https:\/\/www.pfarrei-elsendorf.de\/content\/wp-json\/wp\/v2\/posts\/1246","targetHints":{"allow":["GET"]}}],"collection":[{"href":"https:\/\/www.pfarrei-elsendorf.de\/content\/wp-json\/wp\/v2\/posts"}],"about":[{"href":"https:\/\/www.pfarrei-elsendorf.de\/content\/wp-json\/wp\/v2\/types\/post"}],"author":[{"embeddable":true,"href":"https:\/\/www.pfarrei-elsendorf.de\/content\/wp-json\/wp\/v2\/users\/1"}],"replies":[{"embeddable":true,"href":"https:\/\/www.pfarrei-elsendorf.de\/content\/wp-json\/wp\/v2\/comments?post=1246"}],"version-history":[{"count":9,"href":"https:\/\/www.pfarrei-elsendorf.de\/content\/wp-json\/wp\/v2\/posts\/1246\/revisions"}],"predecessor-version":[{"id":1259,"href":"https:\/\/www.pfarrei-elsendorf.de\/content\/wp-json\/wp\/v2\/posts\/1246\/revisions\/1259"}],"wp:attachment":[{"href":"https:\/\/www.pfarrei-elsendorf.de\/content\/wp-json\/wp\/v2\/media?parent=1246"}],"wp:term":[{"taxonomy":"category","embeddable":true,"href":"https:\/\/www.pfarrei-elsendorf.de\/content\/wp-json\/wp\/v2\/categories?post=1246"},{"taxonomy":"post_tag","embeddable":true,"href":"https:\/\/www.pfarrei-elsendorf.de\/content\/wp-json\/wp\/v2\/tags?post=1246"}],"curies":[{"name":"wp","href":"https:\/\/api.w.org\/{rel}","templated":true}]}}