{"id":1336,"date":"2024-07-09T19:31:48","date_gmt":"2024-07-09T17:31:48","guid":{"rendered":"https:\/\/www.pfarrei-elsendorf.de\/content\/?p=1336"},"modified":"2025-01-25T14:06:11","modified_gmt":"2025-01-25T13:06:11","slug":"messintentionen-und-mitteilungsblatt-bis-28-07-2024","status":"publish","type":"post","link":"https:\/\/www.pfarrei-elsendorf.de\/content\/messintentionen-und-mitteilungsblatt-bis-28-07-2024\/","title":{"rendered":"MESSINTENTIONEN UND MITTEILUNGSBLATT BIS 28.07.2024"},"content":{"rendered":"<p><strong><u>Kleinkindergottesdienst<br \/>\n<\/u><\/strong>Am Dienstag, 09. Juli, um 16:00 Uhr sind alle Eltern, Gro\u00dfeltern, Tanten Onkeln,\u2026 mit ihren Kindern, Enkeln,\u2026 zum Gottesdienst im Maria Br\u00fcnnl, in Appersdorf eingeladen. Bei sch\u00f6nem Wetter bitte eine Picknickdecke mitbringen!<\/p>\n<p><strong><u>Kirchenrechnung Appersdorf<br \/>\n<\/u><\/strong>Die Kirchenrechnung 2023 wurde am 18.6.24 von der KV abgeschlossen und anerkannt.<br \/>\nDiese liegt in der Zeit von 08. Juli 2024 bis 22. Juli 2024 im Pfarrb\u00fcro zur Einsicht auf.<\/p>\n<p><strong><u>Grillfest der Senioren<br \/>\n<\/u><\/strong>Alle Senioren sind herzlich zum Grillfest, am 11. Juli, um 14:00 Uhr, in den Pfarrgarten eingeladen. Bei Regen findet das Grillfest im Pfarrheim statt.<br \/>\nBitte Fr\u00f6hlichkeit und gute Laune mitbringen!<br \/>\nEs freut sich<br \/>\nDas Senioren-Team<\/p>\n<p><strong><u>Konzert auf St. Anton<br \/>\n<\/u><\/strong>Die Pfarrei Elsendorf sowie die Gemeinde laden herzlich ein zum <strong>BENEFIZKONZERT AUF ST. ANTON <\/strong><strong>am 14. Juli um 17:00 Uhr<br \/>\n<\/strong>Es musiziert <strong>das Hallertauer Vokal- und Streich-Sextett HMB <\/strong>feierliche Chormusik mit Klavier und Streichern.<br \/>\nDer Eintritt ist frei.<br \/>\n<em>Der Erl\u00f6s aus den Spenden geht an das Aktionsb\u00fcndnis Katastrophenhilfe<\/p>\n<p><\/em><strong><u>Kirchenchor:<br \/>\n<\/u><\/strong>Montag, 15.07. \u00a0\u00a0\u00a0\u00a0\u00a0\u00a0\u00a0\u00a0\u00a0\u00a0\u00a0\u00a0 19.00 Uhr\u00a0\u00a0\u00a0\u00a0\u00a0\u00a0\u00a0\u00a0\u00a0 Singstunde im Pfarrheim<\/p>\n<p><strong><u>Pfarrgemeinderat<br \/>\n<\/u><\/strong>Am Mittwoch, den 17. Juli, findet um 19:00 Uhr eine Sitzung des Pfarrgemeinderates im Pfarrheim statt.<\/p>\n<p><strong><u>Kirchenspatzen:<\/u><br \/>\n<\/strong>Sonntag, 28.07.:<br \/>\n09.15 Uhr Einsingen f\u00fcr Fam-Go beim TSV Sportheim<\/p>\n<p><strong><u>Fahrzeugsegnung zum Familiengottesdienst<br \/>\n<\/u><\/strong>Zum Familiengottesdienst, am 28. Juli, um 10.00 Uhr,\u00a0 auf dem TSV Sportgel\u00e4nde, laden wir <strong>alle Autofahrer mit Ihren Autos<\/strong> sowie <strong>Kinder und Jugendliche mit ihren Fahrzeugen<\/strong> ein.<br \/>\nHerr Pfarrer Vogl wird nach dem Gottesdienst <strong>alle Fahrzeuge und ihre gro\u00dfen und <\/strong><strong>kleinen Fahrer segnen.<\/p>\n<p><\/strong><strong><u>Kath. Frauenbund<\/u><\/strong><br \/>\nDer Frauenbund beteiligt sich am Anna Fest in Haunsbach. Treffpunkt am 28.Juli, um 13.30 Uhr, beim Gasthof Baumeister mit Frauenbundschal.<\/p>\n<p><strong><u>Reinigungskraft gesucht<br \/>\n<\/u><\/strong>Die Kirchenverwaltung Appersdorf sucht zum n\u00e4chstm\u00f6glichen Zeitpunkt eine oder zwei Personen f\u00fcr die<br \/>\n<strong>Reinigung der Pfarrkirche und der Br\u00fcnnlkirche.<br \/>\n<\/strong>Die Verg\u00fctung erfolgt gem\u00e4\u00df ABD f\u00fcr geringf\u00fcgige Besch\u00e4ftigung nach der 538,&#8211; \u20ac Regelung (Minijob).<br \/>\nBei Interesse oder Fragen bitte bei Herrn Fellner, Tel. 08753\/ 238, im Pfarrb\u00fcro 08753\/245 oder per email: <a href=\"mailto:elsendorf@bistum-regensburg.de\">elsendorf@bistum-regensburg.de<\/a> melden.<\/p>\n<p><strong><u>Die Religion: ein Zimmer in meinem Lebenshaus<br \/>\n<\/u><\/strong>Mein Leben ist wie ein Haus mit vielen Zimmern. Da gibt es den eheimnisvollen Boden, auch Speicher genannt, wo in Schuhkartons die alten, vergilbten Briefe liegen, welche die Briefmarkensammler so magisch anziehen.<br \/>\nDa gibt es nat\u00fcrlich auch eine K\u00fcche, die gar nicht so h\u00e4ufig kalt ist, wie man durch das Sprichwort verf\u00fchrt, annehmen k\u00f6nnte. Auch<br \/>\ndie Toilette und das Badezimmer sind immer wohltemperiert. Dann gibt es das Wohnzimmer, in das man eigentlich nur geht, wenn G\u00e4ste kommen. Sofa und Sessel tragen Schonbez\u00fcge und sind gegen das Ausbleichen durch die Sonne mit T\u00fcchern gesch\u00fctzt. Selbstverst\u00e4ndlich hat unser Lebenshaus ein Schlafzimmer und eine Abestellkammer. Beide haben Ihren eigenen Reiz.<\/p>\n<p>Mein Leben ist wie ein Haus mit vielen Zimmern, sagte mir einmal eine betagte Dame. Ich bin sicher, dass ein Zimmer davon der Religion geh\u00f6rt. Es fragt sich nur welches. Ich f\u00fcrchte, es ist ein Zimmer, das ich nur selten betrete. Vergleichbar, unseren Gottesh\u00e4usern, mit einem gro\u00dfen Zimmer! Ist es vielleicht jener geheimnisvolle Speicher oder aber die Rumpelkammer? Ich hoffe, dass es nicht gerade der Abtritt ist. Ich w\u00fcnschte, in meinem Lebenshaus w\u00e4re die Religion die K\u00fcche, wo nicht nur der Braten f\u00fcr die Festtage schmort, sondern auch das Wiederaufgew\u00e4rmte f\u00fcr den Alltag. So viel ist sicher: die Religion ist ein Zimmer in meinem Lebenshaus, nur betrete ich es zuwenig \u2013<br \/>\n<strong><u>oder gar gar nicht mehr?<\/u><\/strong><\/p>\n","protected":false},"excerpt":{"rendered":"<p>Kleinkindergottesdienst Am Dienstag, 09. Juli, um 16:00 Uhr sind alle Eltern, Gro\u00dfeltern, Tanten Onkeln,\u2026 mit ihren Kindern, Enkeln,\u2026 zum Gottesdienst im Maria Br\u00fcnnl, in Appersdorf eingeladen. Bei sch\u00f6nem Wetter bitte eine Picknickdecke mitbringen! Kirchenrechnung Appersdorf Die Kirchenrechnung 2023 wurde am 18.6.24 von der KV abgeschlossen und anerkannt. Diese liegt in der Zeit von 08. Juli &hellip; <a href=\"https:\/\/www.pfarrei-elsendorf.de\/content\/messintentionen-und-mitteilungsblatt-bis-28-07-2024\/\" class=\"more-link\"><span class=\"screen-reader-text\">MESSINTENTIONEN UND MITTEILUNGSBLATT BIS 28.07.2024<\/span> weiterlesen <span class=\"meta-nav\">&rarr;<\/span><\/a><\/p>\n","protected":false},"author":1,"featured_media":0,"comment_status":"closed","ping_status":"closed","sticky":false,"template":"","format":"standard","meta":{"footnotes":""},"categories":[1,9],"tags":[],"class_list":["post-1336","post","type-post","status-publish","format-standard","hentry","category-allgemein","category-archiv"],"_links":{"self":[{"href":"https:\/\/www.pfarrei-elsendorf.de\/content\/wp-json\/wp\/v2\/posts\/1336","targetHints":{"allow":["GET"]}}],"collection":[{"href":"https:\/\/www.pfarrei-elsendorf.de\/content\/wp-json\/wp\/v2\/posts"}],"about":[{"href":"https:\/\/www.pfarrei-elsendorf.de\/content\/wp-json\/wp\/v2\/types\/post"}],"author":[{"embeddable":true,"href":"https:\/\/www.pfarrei-elsendorf.de\/content\/wp-json\/wp\/v2\/users\/1"}],"replies":[{"embeddable":true,"href":"https:\/\/www.pfarrei-elsendorf.de\/content\/wp-json\/wp\/v2\/comments?post=1336"}],"version-history":[{"count":1,"href":"https:\/\/www.pfarrei-elsendorf.de\/content\/wp-json\/wp\/v2\/posts\/1336\/revisions"}],"predecessor-version":[{"id":1337,"href":"https:\/\/www.pfarrei-elsendorf.de\/content\/wp-json\/wp\/v2\/posts\/1336\/revisions\/1337"}],"wp:attachment":[{"href":"https:\/\/www.pfarrei-elsendorf.de\/content\/wp-json\/wp\/v2\/media?parent=1336"}],"wp:term":[{"taxonomy":"category","embeddable":true,"href":"https:\/\/www.pfarrei-elsendorf.de\/content\/wp-json\/wp\/v2\/categories?post=1336"},{"taxonomy":"post_tag","embeddable":true,"href":"https:\/\/www.pfarrei-elsendorf.de\/content\/wp-json\/wp\/v2\/tags?post=1336"}],"curies":[{"name":"wp","href":"https:\/\/api.w.org\/{rel}","templated":true}]}}