{"id":1349,"date":"2024-12-05T21:30:55","date_gmt":"2024-12-05T20:30:55","guid":{"rendered":"https:\/\/www.pfarrei-elsendorf.de\/content\/?p=1349"},"modified":"2025-04-13T15:51:35","modified_gmt":"2025-04-13T13:51:35","slug":"messintentionen-und-mitteilungsblatt-bis-22-12-2024","status":"publish","type":"post","link":"https:\/\/www.pfarrei-elsendorf.de\/content\/messintentionen-und-mitteilungsblatt-bis-22-12-2024\/","title":{"rendered":"MESSINTENTIONEN UND MITTEILUNGSBLATT BIS 22.12.2024"},"content":{"rendered":"<p><strong><u>Machen Sie mit beim \u201eFrauentragen\u201c!<br \/>\n<\/u><\/strong>Vor allem in dieser Zeit m\u00f6chten wir den sch\u00f6nen, alten Brauch weiterf\u00fchren. Dazu ist die gesamte Pfarrgemeinde, besonders auch die Erstkommunionkinder mit ihren Familien, eingeladen.<br \/>\nWir w\u00fcrden uns sehr freuen, wenn sich viele bereit erkl\u00e4ren<br \/>\nund Maria <strong>zwischen\u00a0 dem 1. und 23.12 <\/strong>eine Herberge in Ihrem Haus geben.<br \/>\nAls Familie kann man sich so bewusst Zeit nehmen zum gemeinsamen Beten und Singen und sich auf das Kommen des Herrn vorbereiten.<br \/>\n<strong>Die Listen zum Eintragen liegen <u>nicht<\/u> mehr in der Kirche aus! <\/strong><br \/>\nSie k\u00f6nnen\u00a0 sich <strong>ab sofort<\/strong> <strong>telefonisch<\/strong> <strong>im Pfarrb\u00fcro Tel. 245<\/strong> einen Termin reservieren. Das Pfarrb\u00fcro ist Die., Mi. u. Do. vormittags von 8:30 Uhr bis 12:00 und Fr. nachmittags von 15 Uhr bis 17 Uhr besetzt.<\/p>\n<p><strong><u>KDFB Elsendorf-Appersdorf-Mallmersdorf<\/u><\/strong><br \/>\nHerzliche Einladung zur Adventsfeier am Sonntag den 01. Dezember von 14 Uhr bis 16.30 Uhr im Gasthaus Steiger in Ratzenhofen.<br \/>\nEingeladen sind alle Mitglieder des Frauenbundes,\u00a0\u00a0\u00a0\u00a0\u00a0\u00a0\u00a0\u00a0\u00a0\u00a0\u00a0\u00a0\u00a0\u00a0\u00a0\u00a0\u00a0\u00a0\u00a0\u00a0\u00a0\u00a0\u00a0\u00a0\u00a0\u00a0\u00a0\u00a0\u00a0\u00a0\u00a0\u00a0\u00a0\u00a0\u00a0 auch Nichtmitglieder ab 70 Jahren.<br \/>\nAuf einem gem\u00fctlichen u. besinnlichen Nachmittag freut sich\u00a0\u00a0\u00a0\u00a0\u00a0\u00a0\u00a0\u00a0\u00a0\u00a0\u00a0\u00a0\u00a0\u00a0\u00a0 die Vorstandschaft!<\/p>\n<p><strong><u>Kirchenchor:<br \/>\n<\/u><\/strong>Montag, 02.12.:<br \/>\n19.00 Uhr Singstunde in der Kirche<br \/>\nSonntag, 08.12.:<br \/>\n9.15 Uhr Einsingen f\u00fcr das Patrozinium<\/p>\n<p><strong><u>Elsendorfer Kirchenspatzen:<br \/>\n<\/u><\/strong>Samstag, 7.12.:\u00a0\u00a0\u00a0\u00a0\u00a0\u00a0\u00a0\u00a0\u00a0\u00a0\u00a0\u00a0\u00a0 13.00 \u2013 14.15 Uhr\u00a0\u00a0 Singstunde in der Kirche<br \/>\n<strong>Freitag, 13.12.:\u00a0\u00a0\u00a0\u00a0\u00a0\u00a0\u00a0\u00a0\u00a0\u00a0\u00a0\u00a0 15.00 \u2013 16.15 Uhr\u00a0 \u00a0Singstunde in der Kirche<br \/>\n<\/strong>Freitag, 20.12.\u00a0\u00a0\u00a0\u00a0\u00a0\u00a0\u00a0\u00a0\u00a0\u00a0\u00a0\u00a0\u00a0\u00a0\u00a0 15.30 \u2013 16.45 Uhr\u00a0\u00a0 Singstunde in der Kirche<br \/>\n<strong>Samstag, 21.12.:\u00a0\u00a0\u00a0\u00a0\u00a0\u00a0\u00a0\u00a0 13.00 \u2013 14.30 Uhr \u00a0\u00a0Generalprobe f\u00fcrs \u00a0\u00a0\u00a0\u00a0\u00a0\u00a0\u00a0\u00a0\u00a0\u00a0\u00a0\u00a0\u00a0\u00a0\u00a0\u00a0\u00a0\u00a0\u00a0\u00a0\u00a0\u00a0\u00a0\u00a0\u00a0\u00a0\u00a0\u00a0\u00a0\u00a0\u00a0\u00a0\u00a0\u00a0\u00a0\u00a0\u00a0\u00a0\u00a0\u00a0\u00a0\u00a0\u00a0\u00a0\u00a0\u00a0\u00a0\u00a0\u00a0\u00a0\u00a0\u00a0\u00a0\u00a0\u00a0 \u00a0\u00a0\u00a0\u00a0\u00a0\u00a0\u00a0\u00a0\u00a0\u00a0\u00a0Krippenspiel<br \/>\n<\/strong>Dienstag, 24.12.:\u00a0\u00a0\u00a0\u00a0\u00a0\u00a0\u00a0\u00a0\u00a0\u00a0 14.15 Uhr\u00a0\u00a0\u00a0\u00a0\u00a0\u00a0\u00a0\u00a0\u00a0 \u00a0\u00a0\u00a0\u00a0\u00a0\u00a0\u00a0\u00a0\u00a0 Einsingen f\u00fcrs Krippenspiel \u00a0\u00a0\u00a0\u00a0\u00a0\u00a0\u00a0\u00a0\u00a0\u00a0\u00a0\u00a0\u00a0\u00a0\u00a0\u00a0\u00a0\u00a0\u00a0\u00a0\u00a0\u00a0\u00a0\u00a0\u00a0\u00a0\u00a0\u00a0\u00a0\u00a0\u00a0\u00a0\u00a0\u00a0\u00a0\u00a0\u00a0\u00a0 \u00a0\u00a0\u00a0\u00a0\u00a0\u00a0\u00a0\u00a0\u00a0\u00a0im Pfarrheim<\/p>\n<p><strong><u>Adventsfeier der Senioren<br \/>\n<\/u><\/strong>Die Senioren treffen sich am Donnerstag, den 12. Dezember\u00a0 ab 14 Uhr im Pfarrheim zu einem gem\u00fctlichen und besinnlichen Beisammensein im Advent. Auf ein zahlreiches Kommen freut sich das Seniorenteam.<\/p>\n<p><strong><u>Friedenslicht<br \/>\n<\/u><\/strong>Das Friedenslicht kann <strong>ab 16.12<\/strong> in der Kirche in Elsendorf abgeholt werden. Dazu gibt es in diesem Jahr wieder eine Weihnachtskerze die zum Preis von 1,00\u20ac erworben werden kann.<\/p>\n<p><strong><u>Kirchenverwaltungswahlen 2024:<br \/>\n<\/u><\/strong><strong>Folgende Mitglieder wurden f\u00fcr die neue<br \/>\n<\/strong><strong>Wahlperiode 2025 bis 2030 gew\u00e4hlt:<\/p>\n<p><\/strong><strong><u>F\u00fcr Elsendorf:<\/u><\/strong><br \/>\nPatrick Engelhard, Georg Linseisen, Brigitte Raith, Anton Stanglmair,<\/p>\n<p><strong><u>F\u00fcr Horneck:<\/u><\/strong><br \/>\nRaimund Ecker<\/p>\n<p><strong><u>F\u00fcr Appersdorf:<\/u><\/strong><br \/>\nMichael Fellner, Englbert Hartl, Anton Hilz, Egid Senger<\/p>\n<p><strong><u>F\u00fcr Meilenhofen:<\/u><\/strong><br \/>\nGertraud Burgmeier<\/p>\n<p><strong><u>F\u00fcr Haunsbach:<\/u><\/strong><strong><br \/>\n<\/strong>Annemarie Weiher<\/p>\n<p><strong><u>F\u00fcr Berghausen:<\/u><\/strong><br \/>\nGeorg Burger, Ludwig Dasch, Marianne Haltmaier, Sebastian Haltmaier<\/p>\n<p><strong>Im Namen unserer Pfarreiengemeinschaft danke ich allen, die sich als Kandidaten der Kirchenverwaltung zur Verf\u00fcgung gestellt haben und w\u00fcnsche eine gute und harmonische Zusammenarbeit.<\/p>\n<p><\/strong><strong>Ihr Pfarrer Albert Vogl<\/strong><\/p>\n","protected":false},"excerpt":{"rendered":"<p>Machen Sie mit beim \u201eFrauentragen\u201c! Vor allem in dieser Zeit m\u00f6chten wir den sch\u00f6nen, alten Brauch weiterf\u00fchren. Dazu ist die gesamte Pfarrgemeinde, besonders auch die Erstkommunionkinder mit ihren Familien, eingeladen. Wir w\u00fcrden uns sehr freuen, wenn sich viele bereit erkl\u00e4ren und Maria zwischen\u00a0 dem 1. und 23.12 eine Herberge in Ihrem Haus geben. Als Familie &hellip; <a href=\"https:\/\/www.pfarrei-elsendorf.de\/content\/messintentionen-und-mitteilungsblatt-bis-22-12-2024\/\" class=\"more-link\"><span class=\"screen-reader-text\">MESSINTENTIONEN UND MITTEILUNGSBLATT BIS 22.12.2024<\/span> weiterlesen <span class=\"meta-nav\">&rarr;<\/span><\/a><\/p>\n","protected":false},"author":1,"featured_media":0,"comment_status":"closed","ping_status":"closed","sticky":false,"template":"","format":"standard","meta":{"footnotes":""},"categories":[1,9],"tags":[],"class_list":["post-1349","post","type-post","status-publish","format-standard","hentry","category-allgemein","category-archiv"],"_links":{"self":[{"href":"https:\/\/www.pfarrei-elsendorf.de\/content\/wp-json\/wp\/v2\/posts\/1349","targetHints":{"allow":["GET"]}}],"collection":[{"href":"https:\/\/www.pfarrei-elsendorf.de\/content\/wp-json\/wp\/v2\/posts"}],"about":[{"href":"https:\/\/www.pfarrei-elsendorf.de\/content\/wp-json\/wp\/v2\/types\/post"}],"author":[{"embeddable":true,"href":"https:\/\/www.pfarrei-elsendorf.de\/content\/wp-json\/wp\/v2\/users\/1"}],"replies":[{"embeddable":true,"href":"https:\/\/www.pfarrei-elsendorf.de\/content\/wp-json\/wp\/v2\/comments?post=1349"}],"version-history":[{"count":1,"href":"https:\/\/www.pfarrei-elsendorf.de\/content\/wp-json\/wp\/v2\/posts\/1349\/revisions"}],"predecessor-version":[{"id":1350,"href":"https:\/\/www.pfarrei-elsendorf.de\/content\/wp-json\/wp\/v2\/posts\/1349\/revisions\/1350"}],"wp:attachment":[{"href":"https:\/\/www.pfarrei-elsendorf.de\/content\/wp-json\/wp\/v2\/media?parent=1349"}],"wp:term":[{"taxonomy":"category","embeddable":true,"href":"https:\/\/www.pfarrei-elsendorf.de\/content\/wp-json\/wp\/v2\/categories?post=1349"},{"taxonomy":"post_tag","embeddable":true,"href":"https:\/\/www.pfarrei-elsendorf.de\/content\/wp-json\/wp\/v2\/tags?post=1349"}],"curies":[{"name":"wp","href":"https:\/\/api.w.org\/{rel}","templated":true}]}}