{"id":1371,"date":"2025-04-11T21:11:20","date_gmt":"2025-04-11T19:11:20","guid":{"rendered":"https:\/\/www.pfarrei-elsendorf.de\/content\/?p=1371"},"modified":"2025-09-27T18:35:15","modified_gmt":"2025-09-27T16:35:15","slug":"messintentionen-und-mitteilungsblatt-bis-18-05-2025","status":"publish","type":"post","link":"https:\/\/www.pfarrei-elsendorf.de\/content\/messintentionen-und-mitteilungsblatt-bis-18-05-2025\/","title":{"rendered":"MESSINTENTIONEN UND MITTEILUNGSBLATT BIS 18.05.2025"},"content":{"rendered":"<p><strong><u>Wann kommt der Palmesel zu Ihnen<br \/>\n<\/u><\/strong><em><u>Am Samstag, 12.04, ab Mittag bis ca. 16 Uhr<br \/>\n<\/u><\/em>besuchen die Ministranten alle H\u00e4user ab der Abensbr\u00fccke bis zur Hauptstra\u00dfe und die Autobahnsiedlung<\/p>\n<p><em><u>Nach dem Gottesdienst am Sonntag, 13.04, bis 13Uhr\u00a0\u00a0\u00a0\u00a0\u00a0\u00a0\u00a0\u00a0\u00a0\u00a0\u00a0\u00a0\u00a0 <\/u><\/em>\u00a0\u00a0\u00a0\u00a0\u00a0\u00a0\u00a0\u00a0\u00a0\u00a0\u00a0\u00a0\u00a0\u00a0\u00a0 startet der Palmesel zu den H\u00f6fen in Weingarten, Hartlm\u00fchle u. Aichberg. Weiter geht\u2019s mit L\u00e4rchenstr., Eichenstr., Weinbergstr., Rottenburger Str. (von Abzweigung L\u00e4rchenstra\u00dfe bis Wendl) und neue Siedlung gegen\u00fcber Schule.<\/p>\n<p><em><u>Ab 13 Uhr bis 16 Uhr <\/u><\/em>geht`s weiter mit der Blumenstra\u00dfe, Ratzenhofener Str. mit Bl\u00fctenweg, Bachweg, Georg-Ruhlandweg, Badergasse, Hochfeldstr., Rottenburger Str.<\/p>\n<p><em><u>Ab 16 Uhr bis 19 Uhr <\/u><\/em>besuchen die Kinder die Mallmersdorfer Str. (Beginn Enzo), Karl-Weichenrieder-Str., Pfarrer-Stock-Weg, Weingartner Str., Am Sportplatz, Angerstr., Espertstr, Mainburger Str., Glaserstr. bis zur Abensbr\u00fccke<\/p>\n<p><strong><u>Pfarrb\u00fcro:<br \/>\n<\/u><\/strong>Das Pfarrb\u00fcro ist in den Oserferien geschlossen. Ab 26. April sind wir wieder zu den gewohnten Zeiten f\u00fcr Sie da.<\/p>\n<p><strong><u>Dank:<br \/>\n<\/u><\/strong>Recht herzlich danken wir dem Pfarrgemeinderat f\u00fcr die Durchf\u00fchrung des Fastensuppenessens, den Kommunionkindern und ihren Eltern f\u00fcr die Vorbereitung der Suppe, den K\u00f6chen aus der Familie K\u00f6nig und den Spendern der Zutaten, Resi Heindl, der B\u00e4ckerei Brunner, der Metzgerei B\u00f6sl, dem Lebensmittelgesch\u00e4ft Lonati und den flei\u00dfigen Geb\u00e4ckspenderinnen.<\/p>\n<p><strong><u>Fastensuppenessen<br \/>\n<\/u><\/strong>Die Einnahmen vom Fastensuppenessen betrugen 665 Euro.<br \/>\nIn diesem Jahr wird uns Pater Lagleder besuchen und uns \u00fcber sein Wirken in Afrika informieren. Der Erl\u00f6s vom Fastensuppenessen wird bei seinem Besuch an seine Organisation in Afrika gespendet.<\/p>\n<p><strong><u>Nachtwache am Gr\u00fcndonnerstag<br \/>\n<\/u><\/strong>Die Liste f\u00fcr die Nachtwache am Gr\u00fcndonnerstag liegt in der Pfarrkirche aus. <strong>Leider haben sich noch sehr wenige eingetragen.<br \/>\n<\/strong><strong>Bitte helfen Sie mit, damit diese Tradition nicht ausstirbt<\/strong>.<\/p>\n<p><strong><u>Karfreitagsratschen\/Rote Eier sammeln:<br \/>\n<\/u><\/strong>Die Ministranten der Pfarrei Appersdorf \/ Meilenhofen besuchen am Karfreitag alle H\u00e4user und bitten um eine Gabe, mit der Sie den treuen Dienst unserer Ministranten belohnen sollten.<\/p>\n<p><strong><u>Verkauf von Osterkerzen und Weihwasser f\u00fcr die Osternacht:<br \/>\n<\/u><\/strong>Vor der Osterfeier <strong>verkauft der Frauenbund<\/strong> Osterkerzen mit Tropfschutz <strong>\u00a0f\u00fcr je 1,50 \u20ac. <\/strong>Bitte verwenden Sie keine anderen Kerze<strong><u>n<\/u><\/strong><\/p>\n<p>Seniorennachmittag:<br \/>\nAm <strong>24. April, um 14:00 Uhr,<\/strong> sind alle Senioren zu<br \/>\neinem <strong>gem\u00fctlichen Nachmittag ins Pfarrheim eingeladen.<\/strong><\/p>\n<p><strong><u>Markusprozession:<br \/>\n<\/u><\/strong>Am <strong>Freitag, 25. April<\/strong> findet <strong>die Markusprozession<\/strong> von Appersdorf bzw. Meilenhofen nach Haunsbach statt. Losgegangen wird in Appersdorf bzw. Meilenhofen um 19:00 Uhr. Der Gottesdienst in Haunsbach beginnt um 19:45 Uhr<\/p>\n<p><strong><u>Kinderbasteln im Pfarrheim:<br \/>\n<\/u><\/strong>Am 30. April findet um 15:30 Uhr wieder eine Bastelstunde im Pfarrheim statt. Bitte 2 Euro mitbringen.<br \/>\nAnmeldungen per E-Mail an\u00a0 <a href=\"mailto:Kiba-elsendorf@gmx.de\">Kiba-elsendorf@gmx.de<\/a><\/p>\n<p><strong><u>Kath. Frauenbund<br \/>\n<\/u><\/strong><strong>Am Mittwoch, 01. Mai, findet um 19 Uhr, die 1. Maiandacht<\/strong> in der <strong>Br\u00fcnnlkirche Appersdorf<\/strong> statt. Musikalische Gestaltung \u00fcbernimmt <strong>die\u00a0 O` Seitl Musi<\/strong>. Die Frauenbundbeir\u00e4tinnen und der Vorstand\u00a0 treffen sich bereits um 18.30 Uhr.<br \/>\nAnschlie\u00dfend gem\u00fctliches beisammen sein in der Pizzeria Mario.<\/p>\n<p><strong><u>Kirchenspatzen:<br \/>\n<\/u><em>Ostermontag, 21.04.:<\/em><\/strong><br \/>\n9.15 Uhr Einsingen in der Kirche f\u00fcr den Fam-Go<br \/>\n<em><strong>Freitag, 25.04.:<\/strong><\/em><br \/>\n16.00 \u2013 17.00 Uhr Singstunde im Pfarrheim<br \/>\n<em><strong>Freitag, 02.05.:\u00a0<\/strong><\/em><br \/>\n16.00 \u2013 17.00 Uhr Singstunde im Pfarrheim<br \/>\n<em><strong>Sonntag, 04.05.<\/strong><\/em>:<br \/>\n9.15 Uhr Einsingen in der Kirche f\u00fcr die Erstkommunion<br \/>\n<em><strong>Freitag, 16.05.:\u00a0<\/strong><\/em><br \/>\n16.00 \u2013 17.00 Uhr Singstunde im Pfarrheim<\/p>\n<p><strong><u>Kirchenchor:<br \/>\n<\/u><em>Montag, 14.04.<\/em><\/strong>:<br \/>\n19.00 Uhr Singstunde in der Pfarrkirche<br \/>\n<strong><em>Samstag, 19.04.:\u00a0<\/em><\/strong><br \/>\n20.15 Uhr Einsingen im Pfarrheim f\u00fcr die Osternacht<br \/>\n<em><strong>Montag, 05.05.; 19.05<\/strong><\/em><br \/>\n19.00 Uhr Singstunde im Pfarrheim<\/p>\n<p><u>Liebe Kinder!!!<br \/>\n<\/u>Wir laden Euch herzlich ein zur Mitfeier der Karwoche und des Osterfestes:<\/p>\n<p><u>Palmsonntag 13.04<\/u><u>.<br \/>\n<\/u>Bitte kommt mit Euren Palmbuschen zur Palmweihe und zieht dann in der feierlichen Palmprozession mit der ganzen Gemeinde in die Kirche ein, um dort den Gottesdienst mitzufeiern.<\/p>\n<p><u>Gr\u00fcndonnerstag 17.4.<br \/>\n<\/u>Zum Abendmahlgottesdienst um 19:00 Uhr in Elsendorf.<\/p>\n<p><u>Karfreitag 18.4.<br \/>\n<\/u>Bitte bringt zur Karfreitagsliturgie um 15:00 Uhr <strong>eine Blume<\/strong> mit. Bei der Kreuzverehrung d\u00fcrft ihr sie Jesus, dem Gekreuzigten, zu F\u00fc\u00dfen legen und ihn damit gr\u00fc\u00dfen und verehren.<\/p>\n<p><u>Osternacht 19.4.<br \/>\n<\/u>Die Kommunionkinder d\u00fcrfen bei der Segnung des Osterfeuers vor der Kirche mit dabei sein. Auch alle anderen Kinder sind dazu herzlich eingeladen.<\/p>\n<p><u>Ostermontag 21.4<\/u><u>.<br \/>\n<\/u>Um 10:00 Uhr feiern wir in Elsendorf einen fr\u00f6hlichen <strong>Familiengottesdienst<\/strong>, bei dem ihr Eure <strong>MISEREOR Opferk\u00e4stchen<\/strong> abgeben d\u00fcrft. <strong>Gleich im Anschluss hat der Osterhase f\u00fcr alle Kinder im Pfarrgarten etwas versteckt, das ihr mit euren Eltern suchen d\u00fcrft.<\/strong><\/p>\n<p><strong><u>Kommunionkinder:<br \/>\n<\/u><\/strong><u>Gr\u00fcndonnerstag, 17. April, 19:00 Uhr<br \/>\n<\/u>Im Anschluss Abendmahlfeier im Pfarrheim. Dauer ca. 30 min.<\/p>\n<p><u>Karfreitag, 18. April, 15:00 Uhr<br \/>\n<\/u>Die Kommunionkinder d\u00fcrfen eine Blume zur Kreuzverehrung mitbringen.<\/p>\n<p><u>Karsamstag \/ Osternacht, 19. April, 21:00 Uhr<br \/>\n<\/u>Die Kinder treffen sich vor dem Gottesdienst am Osterfeuer.<\/p>\n<p><u>Ostermontag, 21. April, 10:00 Uhr<br \/>\n<\/u>Die Kinder treffen sich zum Familiengottesdienst. Anschlie\u00dfend hat der Osterhase f\u00fcr alle Kinder im Pfarrgarten etwas versteckt.<\/p>\n<p><u>Samstag, 26. April 13:00 -14:00 Uhr<br \/>\n<\/u>Kinderkirchenf\u00fchrung mit Pfarrer Vogl u. Isabell Biebl<\/p>\n<p><u>Dienstag, 29. April 16:00 &#8211; 17:30 Uhr<br \/>\n1. <\/u>Probe in der Kirche ohne Eltern. Abholung der Kinder in der Kirche um 17:30 Uhr<\/p>\n<p><u>Mittwoch, 30. April Sch\u00fclergottesdienst 17:00<\/u><\/p>\n<p><u>Freitag, 02. Mai 16:00 \u2013 18:00 Uhr<br \/>\n<\/u>Generalprobe in der Kirche ohne Eltern. Abholung der Kinder in der Kirche um 18 Uhr<\/p>\n<p><u>Sonntag, 04. Mai &#8211; Erstkommunion<br \/>\n<\/u>09:30 Uhr<br \/>\nTreffpunkt im Pfarrheim \u2013 feierliche Prozession in die Kirche<br \/>\n10:00 Uhr<br \/>\nFeierliche Erstkommunion &#8211; Feierliche Eucharistiefeier der Erstkommunion<br \/>\n18:00 Uhr<br \/>\nMaiandacht<\/p>\n<p><u>Montag, 05. Mai Kommunionausflug<\/u><\/p>\n<p><u>Samstag, 17. Mai 18:00 Uhr Vorabendgottesdienst<br \/>\n<\/u>Segnung der Andachtsgegenst\u00e4nde der Kommunionkinder<\/p>\n<p><strong><u>Pfarrgemeinderatssitzung:<br \/>\n<\/u><\/strong>Am Mittwoch, den 07. Mai findet um 19:00 Uhr eine Sitzung des Pfarrgemeinderates im Pfarrheim statt.<\/p>\n<p><strong><u>Ostern \u2013 eine Insel im Sturm der Zeit<br \/>\n<\/u><\/strong>Im April des Jahres 1722 entdeckte der holl\u00e4ndische Kapit\u00e4n Jacob Roggeveen, verloren in den Weiten des Pazifischen Ozeans, eine kleine Insel. So klein wie die Insel war, so gigantisch waren die Kolossalfiguren, die man darauf fand und deren Bedeutung bis heute niemand entschl\u00fcsseln konnte.<br \/>\nAls sie dieser geheimnisvollen Insel einen Namen gaben, fiel dem Kapit\u00e4n und seiner Mannschaft nichts besseres ein als \u2013 <strong>Osterinsel.<\/strong> Denn es war am Ostermontag jenes Jahres 1722, dass sie dort Anker geworfen hatten.<br \/>\nWenn doch die gesamte Christenheit im st\u00fcrmisch bewegten Meer der Zeit wieder Anker werfen, sich wieder festmachen k\u00f6nnte. Ist nicht das Osterfest eine ebenso geheimnisvolle, wie rettende Insel im Sturm der Zeit? Dass wir dort festmachen und ausruhen, um uns wieder herauszuwagen ins Offene, ins Abenteuerliche des auferstehenden Lebens. Denn sich auf der Insel aus Angst vor den Wogen des Lebens festmachen wollen hie\u00dfe letztlich, der Bedeutung von Ostern nicht trauen.<br \/>\nWir w\u00fcnschen Ihnen, dass Sie diese Angst \u00fcberwinden k\u00f6nnen und das Osterfest, das Fest der Auferstehung und Erneuerung, wieder mehr f\u00fcr Sie an Bedeutung gewinnt. Gerade in diesen st\u00fcrmischen Zeiten brauchen wir Glauben, Vertrauen und Zuversicht.<\/p>\n<p>In diesem Sinne w\u00fcnschen wir Ihnen ein<br \/>\nsegensreiches und fr\u00f6hliches Osterfest.<\/p>\n<p>Ihr Pfarrer Albert Vogl, Pfarrhausfrau Maria Werner und Pfarrssekret\u00e4rin Doris Engelhard mit Pfarrgemeinderat und Kirchenverwaltungen<\/p>\n<hr \/>\n<p>Katholisches Pfarramt Elsendorf<br \/>\nMainburger Stra\u00dfe 1<br \/>\n84094 Elsendorf<br \/>\nTelefon: 08753\/245<br \/>\nFax: 08753\/910498<br \/>\ne-mail: pfarramt\u201cat\u201celsendorf.de<br \/>\nwww.pfarrei-elsendorf.de<br \/>\nB\u00fcrozeiten:<br \/>\nDienstag 8:30 Uhr \u2013 12:00 Uhr<br \/>\nFreitag 15:00 Uhr \u2013 17:00 Uhr<\/p>\n","protected":false},"excerpt":{"rendered":"<p>Wann kommt der Palmesel zu Ihnen Am Samstag, 12.04, ab Mittag bis ca. 16 Uhr besuchen die Ministranten alle H\u00e4user ab der Abensbr\u00fccke bis zur Hauptstra\u00dfe und die Autobahnsiedlung Nach dem Gottesdienst am Sonntag, 13.04, bis 13Uhr\u00a0\u00a0\u00a0\u00a0\u00a0\u00a0\u00a0\u00a0\u00a0\u00a0\u00a0\u00a0\u00a0 \u00a0\u00a0\u00a0\u00a0\u00a0\u00a0\u00a0\u00a0\u00a0\u00a0\u00a0\u00a0\u00a0\u00a0\u00a0 startet der Palmesel zu den H\u00f6fen in Weingarten, Hartlm\u00fchle u. Aichberg. Weiter geht\u2019s mit L\u00e4rchenstr., Eichenstr., Weinbergstr., &hellip; <a href=\"https:\/\/www.pfarrei-elsendorf.de\/content\/messintentionen-und-mitteilungsblatt-bis-18-05-2025\/\" class=\"more-link\"><span class=\"screen-reader-text\">MESSINTENTIONEN UND MITTEILUNGSBLATT BIS 18.05.2025<\/span> weiterlesen <span class=\"meta-nav\">&rarr;<\/span><\/a><\/p>\n","protected":false},"author":1,"featured_media":0,"comment_status":"closed","ping_status":"closed","sticky":false,"template":"","format":"standard","meta":{"footnotes":""},"categories":[1,9],"tags":[12,16,19,11,52,54,53,29,22,21,23,13,36],"class_list":["post-1371","post","type-post","status-publish","format-standard","hentry","category-allgemein","category-archiv","tag-appersdorf","tag-berghausen","tag-bistum-regensburg","tag-elsendorf","tag-erstkommunion","tag-erstkommunion-2025","tag-erstkommunion-elsendorf","tag-farrkirche-maria-immaculata","tag-maria-immaculata","tag-pfarrei-appersdorf","tag-pfarrei-elsendorf","tag-pfarrer-vogl","tag-pfarrkirche-maria-immaculata"],"_links":{"self":[{"href":"https:\/\/www.pfarrei-elsendorf.de\/content\/wp-json\/wp\/v2\/posts\/1371","targetHints":{"allow":["GET"]}}],"collection":[{"href":"https:\/\/www.pfarrei-elsendorf.de\/content\/wp-json\/wp\/v2\/posts"}],"about":[{"href":"https:\/\/www.pfarrei-elsendorf.de\/content\/wp-json\/wp\/v2\/types\/post"}],"author":[{"embeddable":true,"href":"https:\/\/www.pfarrei-elsendorf.de\/content\/wp-json\/wp\/v2\/users\/1"}],"replies":[{"embeddable":true,"href":"https:\/\/www.pfarrei-elsendorf.de\/content\/wp-json\/wp\/v2\/comments?post=1371"}],"version-history":[{"count":4,"href":"https:\/\/www.pfarrei-elsendorf.de\/content\/wp-json\/wp\/v2\/posts\/1371\/revisions"}],"predecessor-version":[{"id":1375,"href":"https:\/\/www.pfarrei-elsendorf.de\/content\/wp-json\/wp\/v2\/posts\/1371\/revisions\/1375"}],"wp:attachment":[{"href":"https:\/\/www.pfarrei-elsendorf.de\/content\/wp-json\/wp\/v2\/media?parent=1371"}],"wp:term":[{"taxonomy":"category","embeddable":true,"href":"https:\/\/www.pfarrei-elsendorf.de\/content\/wp-json\/wp\/v2\/categories?post=1371"},{"taxonomy":"post_tag","embeddable":true,"href":"https:\/\/www.pfarrei-elsendorf.de\/content\/wp-json\/wp\/v2\/tags?post=1371"}],"curies":[{"name":"wp","href":"https:\/\/api.w.org\/{rel}","templated":true}]}}