{"id":1382,"date":"2025-05-18T21:56:02","date_gmt":"2025-05-18T19:56:02","guid":{"rendered":"https:\/\/www.pfarrei-elsendorf.de\/content\/?p=1382"},"modified":"2025-09-27T18:35:09","modified_gmt":"2025-09-27T16:35:09","slug":"messintentionen-und-mitteilungsblatt-bis-29-06-2025","status":"publish","type":"post","link":"https:\/\/www.pfarrei-elsendorf.de\/content\/messintentionen-und-mitteilungsblatt-bis-29-06-2025\/","title":{"rendered":"MESSINTENTIONEN UND MITTEILUNGSBLATT BIS 29.06.2025"},"content":{"rendered":"<figure id=\"attachment_1384\" aria-describedby=\"caption-attachment-1384\" style=\"width: 549px\" class=\"wp-caption alignright\"><img loading=\"lazy\" decoding=\"async\" class=\"size-full wp-image-1384\" src=\"https:\/\/www.pfarrei-elsendorf.de\/content\/wp-content\/uploads\/2025\/05\/pfarrfest25.jpg\" alt=\"Pfarrfest 2025\" width=\"549\" height=\"724\" srcset=\"https:\/\/www.pfarrei-elsendorf.de\/content\/wp-content\/uploads\/2025\/05\/pfarrfest25.jpg 549w, https:\/\/www.pfarrei-elsendorf.de\/content\/wp-content\/uploads\/2025\/05\/pfarrfest25-227x300.jpg 227w\" sizes=\"auto, (max-width: 549px) 100vw, 549px\" \/><figcaption id=\"caption-attachment-1384\" class=\"wp-caption-text\">Pfarrfest 2025<\/figcaption><\/figure>\n<p><strong><u>Kirchenrechnung Appersdorf<br \/>\n<\/u><\/strong>Die Kirchenrechnung f\u00fcr das Jahr 2024 wurde fertig gestellt.Diese liegt in der Zeit vom 26.05. bis 06.06. im Pfarrb\u00fcro zur Einsicht aus.<\/p>\n<p><strong><u>Pater Lagleder besucht uns zum Pfarrfest<br \/>\n<\/u><\/strong>Am 22. Juni besucht uns Pater Lagleder. Er wird den Gottesdienst um 14:00 Uhr mitgestalten und im Pfarrfest werden die Erl\u00f6se aus dem Fastensuppenessen und vom 70. Geburtstag von Herrn Pfarrer Vogl \u00fcberreicht.<\/p>\n<p><strong><u>Seniorennachmittag:<br \/>\n<\/u><\/strong>Am <strong>12. Juni, um 14:00 Uhr,<\/strong> sind alle Senioren zu einem <strong>gem\u00fctlichen Nachmittag mit Grillen im Pfarrgarten <\/strong><strong>eingeladen<\/strong>. Bei Regen findet das Treffen im\u00a0 Pfarrheim statt.<br \/>\nAuf zahlreiche G\u00e4ste freut sich<br \/>\nSabine Brunner<\/p>\n<p><strong><u>Kirchenspatzen:<br \/>\n<\/u><\/strong>Freitag, 30.05.:<br \/>\n16.00 \u2013 17.00 Uhr Singstunde im Pfarrheim<br \/>\nSonntag, 22.06.:<br \/>\nCocktailverkauf beim Pfarrfest, ab 14:30 Uhr \u00a0\u00a0 lt. Einteilung<\/p>\n<p><strong><u>Kirchenchor:<br \/>\n<\/u><\/strong>Montag, 19.05.: \u00a0\u00a0\u00a0\u00a0\u00a0\u00a0\u00a0\u00a0\u00a0\u00a0\u00a0\u00a0\u00a0\u00a0\u00a0\u00a0\u00a0\u00a0\u00a0\u00a0 19.00 Uhr Singstunde im Pfarrheim<br \/>\nMontag, 02.06.:\u00a0\u00a0\u00a0\u00a0\u00a0\u00a0\u00a0\u00a0\u00a0\u00a0\u00a0\u00a0\u00a0\u00a0\u00a0\u00a0\u00a0\u00a0\u00a0\u00a0 19.00 Uhr Singstunde im Pfarrheim<br \/>\nDonnerstag, 19.6.\u00a0\u00a0\u00a0\u00a0\u00a0\u00a0\u00a0\u00a0\u00a0\u00a0\u00a0\u00a0\u00a0\u00a0\u00a0\u00a0 09:00 Uhr Fronleichnam Beteiligung an der Prozession, anschl. W\u00fcrstel essen im Gasthaus \u201eSeppels Kamin\u201c<\/p>\n<p><strong><u>Kath. Frauenbund<br \/>\n<\/u><\/strong>Der Frauenbund bittet um zahlreiche Blumenspenden f\u00fcr den Blumenteppich vor dem Pfarrheim zum Hochfest Fronleichnam.<br \/>\nDie Blumen k\u00f6nnen am 18. Juni bis 15:00 Uhr im Pfarrgarten abgegeben werden.<\/p>\n<p><strong><u>Fronleichnamsprozessionen:<br \/>\n<\/u><\/strong><strong>Am 19. Juni wird in Elsendorf<\/strong>, am <strong>21. Juni in Berghausen<\/strong> und <strong>am 22. Juni in Appersdorf <\/strong>wird das Hochfest Fronleichnam mit einer Prozession durch das Dorf gefeiert.<br \/>\nWir bitten die Anlieger die Prozessionswege zu schm\u00fccken.<br \/>\n<strong>Im Anschlu\u00df der <u>Prozession in Elsendorf<\/u> <\/strong><strong>treffen sich alle Vereine, Mitwirkende und Helfer<\/strong><strong>zum Wei\u00dfwurstessen\u00a0 im\u00a0 Gasthaus \u201eSeppl`s Kamin\u201c.<\/strong><\/p>\n<p>Einen besonderen Dank verdienen jene M\u00e4nner und Frauen, die die Prozessionsalt\u00e4re aufstellen und die Frauen, die jedes Jahr die wundersch\u00f6nen Blumenteppiche legen.<br \/>\nBitte unterst\u00fctzen Sie die Damen, falls Sie um Blumenspenden aus dem Garten gebeten werden.<br \/>\nAlle Gl\u00e4ubigen, besonders die Kommunionkinder sind eingeladen teilzunehmen, mitzubeten und mitzusingen.<br \/>\nDie Prozessionen enden in den Pfarrkirchen.<br \/>\nWir danken den beteiligten Vereinen mit ihren Fahnenabordnungen, den Musikern, Chors\u00e4ngern und den Feuerwehren f\u00fcr die Absicherung.<br \/>\nPfarrer Albert Vogl dankt ALLEN f\u00fcr Ihren Einsatz zur w\u00fcrdigen Gestaltung.<\/p>\n<p><strong><u>Kommunionkinder<br \/>\n<\/u><\/strong>Bei den Fronleichnamsprozessionen begleiten die Kinder das Allerheiligste in der Kommunionkleidung, nach M\u00f6glichkeit mit einem Strau\u00df Gartenblumen, in der Regel in der Wohnsitzpfarrei.<br \/>\n<em><u>Fronleichnamsprozession in Elsendorf am 19. Juni um 9:00 Uhr<br \/>\n<\/u><\/em><em><u>Fronleichnamsprozession in Appersdorf am 22. Juni um 09:00 Uhr.<\/u><\/em><em><br \/>\n<\/em>Weitere Infos dazu findet ihr in der WhatsApp Gruppe.<\/p>\n<p><strong><u>Kinderbasteln und \u201eJugendtreff\u201c im Pfarrheim:<br \/>\n<\/u><\/strong>Am 28. Mai und am 25. Juni findet um 15:30 Uhr<br \/>\neine Bastelstunde und der \u201eJugendtreff\u201c im<br \/>\nPfarrheim statt. Anmeldungen per E-Mail an<br \/>\n<a href=\"mailto:Kiba-elsendorf@gmx.de\">Kiba-elsendorf@gmx.de<\/a><\/p>\n","protected":false},"excerpt":{"rendered":"<p>Kirchenrechnung Appersdorf Die Kirchenrechnung f\u00fcr das Jahr 2024 wurde fertig gestellt.Diese liegt in der Zeit vom 26.05. bis 06.06. im Pfarrb\u00fcro zur Einsicht aus. Pater Lagleder besucht uns zum Pfarrfest Am 22. Juni besucht uns Pater Lagleder. Er wird den Gottesdienst um 14:00 Uhr mitgestalten und im Pfarrfest werden die Erl\u00f6se aus dem Fastensuppenessen und &hellip; <a href=\"https:\/\/www.pfarrei-elsendorf.de\/content\/messintentionen-und-mitteilungsblatt-bis-29-06-2025\/\" class=\"more-link\"><span class=\"screen-reader-text\">MESSINTENTIONEN UND MITTEILUNGSBLATT BIS 29.06.2025<\/span> weiterlesen <span class=\"meta-nav\">&rarr;<\/span><\/a><\/p>\n","protected":false},"author":1,"featured_media":0,"comment_status":"closed","ping_status":"closed","sticky":false,"template":"","format":"standard","meta":{"footnotes":""},"categories":[1,9],"tags":[],"class_list":["post-1382","post","type-post","status-publish","format-standard","hentry","category-allgemein","category-archiv"],"_links":{"self":[{"href":"https:\/\/www.pfarrei-elsendorf.de\/content\/wp-json\/wp\/v2\/posts\/1382","targetHints":{"allow":["GET"]}}],"collection":[{"href":"https:\/\/www.pfarrei-elsendorf.de\/content\/wp-json\/wp\/v2\/posts"}],"about":[{"href":"https:\/\/www.pfarrei-elsendorf.de\/content\/wp-json\/wp\/v2\/types\/post"}],"author":[{"embeddable":true,"href":"https:\/\/www.pfarrei-elsendorf.de\/content\/wp-json\/wp\/v2\/users\/1"}],"replies":[{"embeddable":true,"href":"https:\/\/www.pfarrei-elsendorf.de\/content\/wp-json\/wp\/v2\/comments?post=1382"}],"version-history":[{"count":3,"href":"https:\/\/www.pfarrei-elsendorf.de\/content\/wp-json\/wp\/v2\/posts\/1382\/revisions"}],"predecessor-version":[{"id":1386,"href":"https:\/\/www.pfarrei-elsendorf.de\/content\/wp-json\/wp\/v2\/posts\/1382\/revisions\/1386"}],"wp:attachment":[{"href":"https:\/\/www.pfarrei-elsendorf.de\/content\/wp-json\/wp\/v2\/media?parent=1382"}],"wp:term":[{"taxonomy":"category","embeddable":true,"href":"https:\/\/www.pfarrei-elsendorf.de\/content\/wp-json\/wp\/v2\/categories?post=1382"},{"taxonomy":"post_tag","embeddable":true,"href":"https:\/\/www.pfarrei-elsendorf.de\/content\/wp-json\/wp\/v2\/tags?post=1382"}],"curies":[{"name":"wp","href":"https:\/\/api.w.org\/{rel}","templated":true}]}}