{"id":1389,"date":"2025-07-04T22:10:22","date_gmt":"2025-07-04T20:10:22","guid":{"rendered":"https:\/\/www.pfarrei-elsendorf.de\/content\/?p=1389"},"modified":"2025-09-27T18:34:15","modified_gmt":"2025-09-27T16:34:15","slug":"gottesdienstordnung-vom-30-06-2025-bis-05-08-2025","status":"publish","type":"post","link":"https:\/\/www.pfarrei-elsendorf.de\/content\/gottesdienstordnung-vom-30-06-2025-bis-05-08-2025\/","title":{"rendered":"Gottesdienstordnung vom 30.06.2025 bis 05.08.2025"},"content":{"rendered":"<p>Montag, 30.06.25\u00a0 \u00a0 \u00a0 JAHRESTAG DER WEIHE DES DOMES<br \/>\nElsendorf<br \/>\n10:00 Uhr<br \/>\nRequiem f\u00fcr Gerdelinde Schultz anschlie\u00dfend Urnenbeisetzung<\/p>\n<p>Dienstag, 01.07.25\u00a0\u00a0\u00a0\u00a0\u00a0\u00a0\u00a0\u00a0\u00a0 Dienstag der 13. Woche im JahreskreisHorneck\u00a0\u00a0\u00a0\u00a0\u00a0\u00a0\u00a0\u00a0\u00a0 19:00 Uhr\u00a0 <strong>Hl. Messe<\/strong><br \/>\nMaria Moser f\u00fcr + Br\u00fcder Xaver u. Ludwig<br \/>\nElisabeth Kallm\u00fcnzer f\u00fcr + Franziska Weber<br \/>\nLeni Neubauer f\u00fcr + Eltern, Schwiegereltern u. Verwandtschaft<br \/>\nJosef Haltmeier f\u00fcr + Eltern u. Bruder Franz<\/p>\n<p>Samstag, 05.07.25\u00a0\u00a0\u00a0\u00a0\u00a0\u00a0\u00a0\u00a0\u00a0 Hl. Antonius Maria Zaccar\u00eda, Marien-Samstag<br \/>\nMaria Br\u00fcnnl<br \/>\n08:00 Uhr\u00a0 <strong>Hl. Messe <\/strong>im Anliegen der Wallfahrer<\/p>\n<p>Elsendorf<br \/>\n18:00 Uhr\u00a0 <strong>Hl. Messe<\/strong><br \/>\nStiftsmesse Josef Stempfhuber f\u00fcr + Stiefvater Ludwig Donaubauer<br \/>\nNina u. Pia Prummer f\u00fcr + Mutter Alexandra<br \/>\nFam. Rosa Brunner f\u00fcr + Ehemann u. Vater Georg Brunner<\/p>\n<p>Maria Br\u00fcnnl<br \/>\n19:00 Uhr\u00a0 <strong>Marienandacht zu Beginn des Br\u00fcnnl Fest<\/strong><\/p>\n<p><strong>Sonntag, 06.07.25\u00a0\u00a0\u00a0\u00a0\u00a0\u00a0\u00a0\u00a0\u00a0 14. SONNTAG IM JAHRESKREIS<br \/>\n<\/strong>Maria Br\u00fcnnl<br \/>\n08:00 Uhr\u00a0 <strong>Hl. Messe<br \/>\n<\/strong>Fam. G\u00fcnther Stehr f\u00fcr + Mutter Elisabeth Stehr<br \/>\nZu Ehren der Br\u00fcnnl Mutter Gottes<br \/>\nAgnes Kellerer f\u00fcr + Cousin P. Eberhard Lorenz u. Eltern Elisabeth u.<br \/>\nAlfons Lorenz f\u00fcr + Eltern Agnes u. Johann Lorenz<br \/>\nf\u00fcr + Marianne Stummer u. Anna Dankmeier<br \/>\nMarianne Frank f\u00fcr + Eltern Josef u. Centa Br\u00fccklmaier<br \/>\nEduard Br\u00fccklmaier f\u00fcr + Josef Zimmermann<\/p>\n<p>Maria Br\u00fcnnl\u00a0\u00a0\u00a0 10:00 Uhr<br \/>\n<strong>Festgottesdienst mit Festprediger <\/strong><strong>Pater Lukas Wroblewski OSPPE<br \/>\n<\/strong>Eine gewisse Person f\u00fcr die + Wohlt\u00e4ter der Br\u00fcnnlkirche<br \/>\nGundi Weingartner f\u00fcr + Ehemann Leonhard u. Schwiegereltern<br \/>\nFam. Rita Wagner, Elsendorf f\u00fcr + Bruder Josef Niedermeier<br \/>\nFam. Heidi u. Ludwig Hartl f\u00fcr + Eltern Matth\u00e4us u. Gerlinde Hartl<br \/>\nRosi Vogt f\u00fcr + Eltern Rosa u. Ludwig Polz<br \/>\nBr\u00fcnnlbergmusikanten f\u00fcr + Musiker Anton Gabelsberger<\/p>\n<p>Maria Br\u00fcnnl<br \/>\n14:00 Uhr\u00a0 <strong>Marienandacht\u00a0zum Abschluss des Br\u00fcnnl Fest<\/strong><\/p>\n<p>Mittwoch, 09.07.25\u00a0\u00a0\u00a0\u00a0\u00a0\u00a0\u00a0\u00a0\u00a0 Hl. Augustinus Zhao Rong<br \/>\nHaunsbach<br \/>\n19:00 Uhr\u00a0 <strong>Hl. Messe<\/strong><br \/>\nFam. Sebastian u. Berthilde Krojer f\u00fcr + Josef u. \u00a0\u00a0\u00a0\u00a0\u00a0\u00a0 Katharina Grassl<br \/>\nJosef Limmer f\u00fcr + Eltern u. Stiefvater<br \/>\nFam. Josef Thalmair zum Dank<\/p>\n<p>Donnerstag, 10.07.25\u00a0\u00a0\u00a0\u00a0\u00a0 Hl. Knud, hl. Erich, hl. Olaf<br \/>\nSt. Anton<br \/>\n16:30 Uhr\u00a0 <strong>Kleinkindergottesdienst<\/strong><\/p>\n<p>Meilenhofen<br \/>\n19:00 Uhr\u00a0 <strong>Hl. Messe<\/strong><br \/>\nTV Meilenhofen f\u00fcr + Mitglieder<br \/>\nKatharina Kiel f\u00fcr + Albert Kiel<br \/>\nGerda Gabelsberger f\u00fcr + Ehemann u. Verwandtschaft beiderseits<br \/>\nBrigitte Amberger f\u00fcr + Mutter z. Stbtg.<br \/>\nSophie Weinberger f\u00fcr + Eltern u. Bruder<\/p>\n<p>Samstag, 12.07.25\u00a0\u00a0\u00a0\u00a0\u00a0\u00a0\u00a0\u00a0\u00a0 Marien-Samstag<br \/>\nSt. Anton<br \/>\n13:00 Uhr\u00a0 <strong>Taufe\u00a0von Quirin Thielemann<\/strong><\/p>\n<p>Berghausen<br \/>\n19:00 Uhr<strong>\u00a0 Hl. Messe<\/strong> mit Pfarrer Albert Vogl<br \/>\nHans Haas f\u00fcr + Eltern Alois u. Anna Haas z. Namenstag<br \/>\nFam. Ludwig u. Maria Gschl\u00f6\u00dfl f\u00fcr + Cousin u. Cousinen<br \/>\nMaria Roithmeier u. Tanja Pfeiffer f\u00fcr + Papa u. Opa \u00a0\u00a0 Josef Neppl z. Geburtstag<br \/>\nGeschwister Amberger f\u00fcr + Eltern<br \/>\nJosef Gschl\u00f6\u00dfl sen. f\u00fcr + Eltern u. Bruder<br \/>\nGertraud Burger f\u00fcr + Schwester Therese<br \/>\nAnna Liedl f\u00fcr + Eltern u. Geschwister<br \/>\nFam. Dasch f\u00fcr + Lorenz Dasch z. 100. Geburtstag<br \/>\nFam. Schinagl f\u00fcr + Konrad Priller<br \/>\nAlfred Kramschuster f\u00fcr + Eltern u. e. bestimmten Person<\/p>\n<p><strong>Sonntag, 13.07.25\u00a0\u00a0\u00a0\u00a0\u00a0\u00a0\u00a0\u00a0\u00a0 15. SONNTAG IM JAHRESKREIS<br \/>\n<\/strong>Elsendorf<br \/>\n09:00 Uhr\u00a0 <strong>Hl. Messe<\/strong><br \/>\nResi Heindl f\u00fcr + Eltern u. Verwandte<br \/>\nGeschwister Mayer f\u00fcr + Eltern Josef u. Katharina Mayer<br \/>\nAngela Daimer f\u00fcr + Hilde Winner u. Ruppert P\u00f6ppel<br \/>\nRita Wimmer f\u00fcr + Josef Niedermeier, Tante Maria u. Onkel Lorenz<\/p>\n<p>Maria Br\u00fcnnl<br \/>\n10:00 Uhr\u00a0 <strong>Hl. Messe<\/strong><br \/>\nGeschwister Hilz f\u00fcr + Maria u. Mathias Neuhauser<br \/>\nBerta Baumeister f\u00fcr + Onkel Andreas<br \/>\nMonika u. Inge Bachmeier f\u00fcr + Eltern u. Verwandtschaft<\/p>\n<p>Mittwoch, 16.07.25 Gedenktag Unserer Lieben Frau a. d. Berge Karmel<\/p>\n<p>St. Anton<br \/>\n19:00 Uhr\u00a0 <strong>Hl. Messe<\/strong><br \/>\nFam. Dettenhofer f\u00fcr + Erwin Sedlmaier jun.<br \/>\nHannelore Hausler f\u00fcr + Regina Weiher<br \/>\nAnna Lanzl f\u00fcr + Verwandtschaft<br \/>\nSabine u. Gerhard Ecker f\u00fcr + Albert Moritz u. Stefan Assenbrunner<br \/>\nAnna Plass f\u00fcr + Ehemann Karl<br \/>\nAnna Plass f\u00fcr + Gro\u00dfeltern Dettenhofer u. Gebendorfer, Onkeln u. Tanten<\/p>\n<p>Samstag, 19.07.25\u00a0\u00a0\u00a0\u00a0\u00a0\u00a0\u00a0\u00a0\u00a0 Marien-Samstag<br \/>\nSt. Anton<br \/>\n13:00 Uhr\u00a0 <strong>Wortgottesdienst<br \/>\n<\/strong>Trauung des Brautpaares Bettina Ziehe u. Philipp Hoppe<\/p>\n<p>Elsendorf<br \/>\n18:00 Uhr\u00a0 <strong>Hl. Messe<\/strong><br \/>\nChristine Biebl f\u00fcr + Mutter<br \/>\nMichael Ertlmaier f\u00fcr + Vater z. Geburtstag<br \/>\nAnneliese Prummer f\u00fcr + Schwager Quirin Prummer<br \/>\nFam. Frank u. Albrecht f\u00fcr + Mutter u. Oma z. 30. Todestag<\/p>\n<p><strong>Sonntag, 20.07.25\u00a0\u00a0\u00a0\u00a0\u00a0\u00a0\u00a0\u00a0\u00a0 16. SONNTAG IM JAHRESKREIS<br \/>\n<\/strong>Haunsbach<br \/>\n14:00 Uhr\u00a0 <strong>St. Anna Fest<\/strong><br \/>\nHl. Anna-Verein Haunsbach f\u00fcr + Mitglieder<br \/>\nAnna u. Lena Hainzinger f\u00fcr + Oma u. Opa Lindner und Opa Hubert<br \/>\nFam. Sebastian u. Berthilde Krojer f\u00fcr alle Verstorbenen der Ortschaft Haunsbach<br \/>\nGerlinde Fr\u00fchmorgen f\u00fcr + Bruder Thomas<br \/>\nJosef Thalmair f\u00fcr + Eltern z. Stbtg. der Mutter<br \/>\nBerta Baumeister f\u00fcr + Schwester Anna u. Schwager Georg Zeilbeck<\/p>\n<p><strong>Sonntag, 27.07.25\u00a0\u00a0\u00a0\u00a0\u00a0\u00a0\u00a0\u00a0\u00a0 17. SONNTAG IM JAHRESKREIS\u00a0<\/strong><br \/>\nElsendorf<br \/>\n10:00 Uhr\u00a0 <strong>Hl. Messe zum TSV Sommerfest<\/strong>\u00a0am Sportplatz<br \/>\n<em>gestaltet von den Kirchenspatzen u. Projektchor<br \/>\n<\/em>TSV Elsendorf f\u00fcr + Mitglieder<br \/>\nBrigitte Singerl f\u00fcr + Mutter Therese Spornraft<br \/>\nRainer Pietsch mit Familie f\u00fcr + Ehefrau u. Mutter Edeltraud z. Stbtg.<\/p>\n<p>Donnerstag, 31.07.25\u00a0\u00a0\u00a0\u00a0\u00a0 Hl. Ignatius von Loyola<br \/>\nElsendorf<br \/>\n08:15 Uhr\u00a0 <strong>Wortgottesdienst<\/strong><br \/>\nSchulabschluss im Pausenhof der Grundschule<\/p>\n<p>Meilenhofen<br \/>\n19:00 Uhr\u00a0 <strong>Hl. Messe<\/strong><br \/>\nWally Kellner f\u00fcr + Enkel Markus u. Enkelin Corinna<br \/>\nFam. Josef u. Sophie Weinberger zu Ehren der \u00a0\u00a0\u00a0\u00a0\u00a0\u00a0\u00a0 Mutter Gottes<br \/>\nHans Hutter f\u00fcr + Eltern Emma u. Hans<br \/>\nFam. Franz Frank f\u00fcr + Anton Gabelsberger<\/p>\n<p>Samstag, 02.08.25\u00a0\u00a0\u00a0\u00a0\u00a0\u00a0\u00a0\u00a0\u00a0 Hl. Eusebius, Hl. Petrus Julianus Eymard<br \/>\nElsendorf<br \/>\n18:00 Uhr\u00a0 <strong>Hl. Messe<\/strong><br \/>\nStiftsmesse Josef Stempfhuber f\u00fcr + Mutter Anna Donaubauer<br \/>\nAnneliese Prummer f\u00fcr + Schw\u00e4gerin Rosi Lindermaier<br \/>\nFam. Sebastian Gebendorfer f\u00fcr + Eltern u. Schwiegereltern<\/p>\n<p><strong>Sonntag, 03.08.25\u00a0\u00a0\u00a0\u00a0\u00a0\u00a0\u00a0\u00a0\u00a0 18. SONNTAG IM JAHRESKREIS<br \/>\n<\/strong>Maria Br\u00fcnnl<br \/>\n10:00 Uhr<br \/>\n<strong>60 j\u00e4hr. Ehejubil\u00e4um Elisabeth u. Josef Kallm\u00fcnzer<\/strong><br \/>\nElisabeth u. Josef Kallm\u00fcnzer zum Dank, + Eltern und Verwandtschaft<\/p>\n<p>Berghausen<br \/>\n10:00 Uhr\u00a0 <strong>Hl. Messe\u00a0mit anschlie\u00dfendem Dorffest<br \/>\n<\/strong>Fam. Monika Haas f\u00fcr + Eltern Georg u. Rosa Langwieser<br \/>\nFam. Ludwig u. Maria Gschl\u00f6\u00dfl f\u00fcr + Eltern u.\u00a0 Nichte Michaela<br \/>\nHelga Gschl\u00f6\u00dfl f\u00fcr + Ursula Gschl\u00f6\u00dfl u. Katharina G\u00f6tz<br \/>\nFam. Sofie Amberger f\u00fcr + Ehemann u. Vater z. Namenstag<br \/>\nFam. Sirl f\u00fcr + Georg Sirl<br \/>\nAnna Sirl f\u00fcr + Ehemann Georg<br \/>\nFam. Thomas Kramschuster f\u00fcr + Eltern<br \/>\nFam. Wolfgang Kramschuster f\u00fcr + Centa Haltmaier<br \/>\nFam. Wilhelmine Kramschuster f\u00fcr + Eltern Wilhelm u. Maria Haberl<br \/>\nFam. Peter Prummer f\u00fcr + Eltern u. Gro\u00dfeltern<br \/>\nFam. Peter Prummer f\u00fcr + Onkel Winfried<br \/>\nFam. Schinagl f\u00fcr + Angeh\u00f6rige<\/p>\n","protected":false},"excerpt":{"rendered":"<p>Montag, 30.06.25\u00a0 \u00a0 \u00a0 JAHRESTAG DER WEIHE DES DOMES Elsendorf 10:00 Uhr Requiem f\u00fcr Gerdelinde Schultz anschlie\u00dfend Urnenbeisetzung Dienstag, 01.07.25\u00a0\u00a0\u00a0\u00a0\u00a0\u00a0\u00a0\u00a0\u00a0 Dienstag der 13. Woche im JahreskreisHorneck\u00a0\u00a0\u00a0\u00a0\u00a0\u00a0\u00a0\u00a0\u00a0 19:00 Uhr\u00a0 Hl. Messe Maria Moser f\u00fcr + Br\u00fcder Xaver u. Ludwig Elisabeth Kallm\u00fcnzer f\u00fcr + Franziska Weber Leni Neubauer f\u00fcr + Eltern, Schwiegereltern u. Verwandtschaft Josef Haltmeier f\u00fcr &hellip; <a href=\"https:\/\/www.pfarrei-elsendorf.de\/content\/gottesdienstordnung-vom-30-06-2025-bis-05-08-2025\/\" class=\"more-link\"><span class=\"screen-reader-text\">Gottesdienstordnung vom 30.06.2025 bis 05.08.2025<\/span> weiterlesen <span class=\"meta-nav\">&rarr;<\/span><\/a><\/p>\n","protected":false},"author":1,"featured_media":0,"comment_status":"closed","ping_status":"closed","sticky":false,"template":"","format":"standard","meta":{"footnotes":""},"categories":[1,9],"tags":[],"class_list":["post-1389","post","type-post","status-publish","format-standard","hentry","category-allgemein","category-archiv"],"_links":{"self":[{"href":"https:\/\/www.pfarrei-elsendorf.de\/content\/wp-json\/wp\/v2\/posts\/1389","targetHints":{"allow":["GET"]}}],"collection":[{"href":"https:\/\/www.pfarrei-elsendorf.de\/content\/wp-json\/wp\/v2\/posts"}],"about":[{"href":"https:\/\/www.pfarrei-elsendorf.de\/content\/wp-json\/wp\/v2\/types\/post"}],"author":[{"embeddable":true,"href":"https:\/\/www.pfarrei-elsendorf.de\/content\/wp-json\/wp\/v2\/users\/1"}],"replies":[{"embeddable":true,"href":"https:\/\/www.pfarrei-elsendorf.de\/content\/wp-json\/wp\/v2\/comments?post=1389"}],"version-history":[{"count":2,"href":"https:\/\/www.pfarrei-elsendorf.de\/content\/wp-json\/wp\/v2\/posts\/1389\/revisions"}],"predecessor-version":[{"id":1391,"href":"https:\/\/www.pfarrei-elsendorf.de\/content\/wp-json\/wp\/v2\/posts\/1389\/revisions\/1391"}],"wp:attachment":[{"href":"https:\/\/www.pfarrei-elsendorf.de\/content\/wp-json\/wp\/v2\/media?parent=1389"}],"wp:term":[{"taxonomy":"category","embeddable":true,"href":"https:\/\/www.pfarrei-elsendorf.de\/content\/wp-json\/wp\/v2\/categories?post=1389"},{"taxonomy":"post_tag","embeddable":true,"href":"https:\/\/www.pfarrei-elsendorf.de\/content\/wp-json\/wp\/v2\/tags?post=1389"}],"curies":[{"name":"wp","href":"https:\/\/api.w.org\/{rel}","templated":true}]}}