{"id":1392,"date":"2025-07-04T22:01:19","date_gmt":"2025-07-04T20:01:19","guid":{"rendered":"https:\/\/www.pfarrei-elsendorf.de\/content\/?p=1392"},"modified":"2025-09-27T18:35:02","modified_gmt":"2025-09-27T16:35:02","slug":"messintentionen-und-mitteilungsblatt-bis-03-08-2025","status":"publish","type":"post","link":"https:\/\/www.pfarrei-elsendorf.de\/content\/messintentionen-und-mitteilungsblatt-bis-03-08-2025\/","title":{"rendered":"MESSINTENTIONEN UND MITTEILUNGSBLATT BIS 03.08.2025"},"content":{"rendered":"<p><strong><u>Kath. Frauenbund<br \/>\n<\/u><\/strong>Der Frauenbund beteiligt sich an der Prozession anl\u00e4sslich des <strong>Br\u00fcnnlfestes am 06. Juli in Appersdorf<br \/>\n<\/strong><strong>Abfahrtszeiten f\u00fcr Frauenbundausflug vom 11. &#8211; 14. Juli nach Graz<\/strong>:<br \/>\nAppersdorf: 5: 45 Uhr<br \/>\nElsendorf Kirchplatz: 6.00 Uhr<br \/>\n<strong><br \/>\nZum Anna-Fest in Haunsbach, am 20. Juli<\/strong>, wird sich <strong>um 13.30 Uhr beim Gasthof Baumeiste<\/strong>r getroffen. Beteiligung an der Prozesssion mit Frauenbundschal.<\/p>\n<p><strong><u>Kirchenspatzen:<\/u><br \/>\n<\/strong>Freitag, 04.07.: 16.00 \u2013 17.00 Uhr \u00a0\u00a0\u00a0\u00a0\u00a0\u00a0\u00a0 Singstunde im Pfarrheim<br \/>\nFreitag,18.07.: 16.00 \u2013 17.00 Uhr \u00a0\u00a0\u00a0\u00a0\u00a0\u00a0\u00a0\u00a0 Singstunde im Pfarrheim<br \/>\nFreitag, 25.07.: 16.00 \u2013 17.00 Uhr \u00a0\u00a0\u00a0\u00a0\u00a0\u00a0\u00a0\u00a0 Singstunde im Pfarrheim<br \/>\nSonntag, 27.07.: 09.15 Uhr\u00a0\u00a0\u00a0\u00a0\u00a0\u00a0\u00a0\u00a0\u00a0\u00a0\u00a0\u00a0\u00a0\u00a0\u00a0\u00a0\u00a0\u00a0\u00a0\u00a0\u00a0\u00a0\u00a0\u00a0\u00a0 Einsingen am Sportplatz<\/p>\n<p><strong><u>Kirchenchor:<br \/>\n<\/u><\/strong>Montag, 30.06.: 19.00 Uhr\u00a0\u00a0\u00a0\u00a0\u00a0\u00a0\u00a0\u00a0\u00a0 Singstunde in der Pfarrkirche<br \/>\nMontag, 21.07.: 19.00 Uhr \u00a0\u00a0\u00a0\u00a0\u00a0\u00a0\u00a0\u00a0 Singstunde in der Pfarrkirche<\/p>\n<p><strong><u>D\u00e4mmerschoppen zum Br\u00fcnnl Fest<br \/>\n<\/u><\/strong>Nach der Andacht,am 05. Juli, um 19:00 Uhr, findet auf dem Br\u00fcnnlberg ein D\u00e4mmerschoppen mit \u201eW\u00fcrstl-Verkauf\u201c statt. Dazu ist die gesamte Pfarrgemeinde herzlich eingeladen.<br \/>\nOrganisator ist\u00a0 der Kriegerverein Appersdorf.<\/p>\n<p><strong><u>Kleinkindergottesdienst<br \/>\n<\/u><\/strong>Am Donnerstag, 10. Juli, um 16:30 Uhr sind alle Eltern,<br \/>\nGro\u00dfeltern, Tanten Onkeln,\u2026 mit ihren Kindern, Enkeln,\u2026 zum Gottesdienst auf St. Anton, in Ratzenhofen eingeladen. Bei sch\u00f6nem Wetter bitte eine Picknickdecke mitbringen!<\/p>\n<p><strong><u>\u00d6KUMENISCHES SOMMERKONZERT<br \/>\n<\/u><\/strong><strong><u>in der Pfarrkirche St. Barbara in ABENSBERG<br \/>\n<\/u><\/strong><strong>am 13. Juli um 17:00 Uhr<br \/>\n<\/strong>Es musiziert <strong>das Hallertauer Vokal- und Streich-Sextett HMB<br \/>\n<\/strong>feierliche Chormusik mit Klavier und Streichern.<br \/>\nDer Eintritt ist frei.<\/p>\n<p><strong><u>Pfarrgemeinderat<br \/>\n<\/u><\/strong>Am Dienstag, den 15. Juli, findet um 19:00 Uhr eine Sitzung des Pfarrgemeinderates im Pfarrheim statt.<\/p>\n<p><strong><u>Tagesausflug der Senioren:<br \/>\n<\/u><\/strong><strong>Am Donnerstag, 24. Juli<\/strong> unternehmen die Senioren einen<br \/>\n<strong>Ausflug zum Brombachsee.<br \/>\n<\/strong><strong>Abfahrt<\/strong> ist um <strong>08:15 Uhr in Elsendorf am Kirchplatz<\/strong>.<br \/>\nAuf der Hinfahrt wird ein Zwischenstopp in Thalm\u00e4ssing eingelegt.<br \/>\nDort wird eine Teigwarenherstellung besucht.<br \/>\nBei einer Schifffahrt \u00fcber den See ist Kaffee und Kuchen inclusive.<br \/>\n<strong>Die R\u00fcckkehr<\/strong> ist gegen <strong>18:30 Uhr<\/strong> geplant.<br \/>\n<strong><u>Anmeldung bis 05.07.2025 bei<\/u><\/strong> :<br \/>\nFrau Sabine Brunner Tel. 08753 8338<\/p>\n<p>S\u00e4nger\/innen f\u00fcr Projektchor gesucht!<br \/>\nDer Familiengottesdienst, am Sonntag, 27. Juli 2025, um 10 Uhr wird von den \u201eElsendorfer Kirchenspatzen\u201c musikalisch gestaltet.<br \/>\nDazu werden S\u00e4nger\/innen &#8211; ehemalige Kirchenspatzen, TSV-Mitglieder oder ganz einfach wer Lust am Singen hat &#8211; gesucht, die den Kinderchor dabei gesanglich unterst\u00fctzen. Wer Interesse hat, soll sich bitte bei Chorleiterin Silvia Fischer, Handy-Nr. 0151\/50560400, melden.<\/p>\n<p><strong><u>Kinderbasteln und \u201eJugendtreff\u201c im Pfarrheim:<br \/>\n<\/u><\/strong>Am 23. Juli findet um 15:30 Uhr<br \/>\neine Bastelstunde und der \u201eJugendtreff\u201c im<br \/>\nPfarrheim statt. Anmeldungen per E-Mail an<br \/>\n<a href=\"mailto:Kiba-elsendorf@gmx.de\">Kiba-elsendorf@gmx.de<\/a><\/p>\n<p><strong><u>Sicherheits\u00fcberpr\u00fcfung der Grabsteine<br \/>\n<\/u><\/strong>In Appersdorf und Haunsbach wird in den n\u00e4chsten Wochen die gesetzlich vorgeschriebene Standsicherheitspr\u00fcfung der Grabsteine stattfinden.<\/p>\n<hr \/>\n<p>Katholisches Pfarramt Elsendorf<br \/>\nMainburger Stra\u00dfe 1<br \/>\n84094 Elsendorf<br \/>\nTelefon: 08753\/245<br \/>\nFax: 08753\/910498<br \/>\ne-mail: pfarramt\u201cat\u201celsendorf.de<br \/>\nwww.pfarrei-elsendorf.de<br \/>\nB\u00fcrozeiten:<br \/>\nDienstag 8:30 Uhr \u2013 12:00 Uhr<br \/>\nFreitag 15:00 Uhr \u2013 17:00 Uhr<\/p>\n","protected":false},"excerpt":{"rendered":"<p>Kath. Frauenbund Der Frauenbund beteiligt sich an der Prozession anl\u00e4sslich des Br\u00fcnnlfestes am 06. Juli in Appersdorf Abfahrtszeiten f\u00fcr Frauenbundausflug vom 11. &#8211; 14. Juli nach Graz: Appersdorf: 5: 45 Uhr Elsendorf Kirchplatz: 6.00 Uhr Zum Anna-Fest in Haunsbach, am 20. Juli, wird sich um 13.30 Uhr beim Gasthof Baumeister getroffen. Beteiligung an der Prozesssion &hellip; <a href=\"https:\/\/www.pfarrei-elsendorf.de\/content\/messintentionen-und-mitteilungsblatt-bis-03-08-2025\/\" class=\"more-link\"><span class=\"screen-reader-text\">MESSINTENTIONEN UND MITTEILUNGSBLATT BIS 03.08.2025<\/span> weiterlesen <span class=\"meta-nav\">&rarr;<\/span><\/a><\/p>\n","protected":false},"author":1,"featured_media":0,"comment_status":"closed","ping_status":"closed","sticky":false,"template":"","format":"standard","meta":{"footnotes":""},"categories":[1,9],"tags":[],"class_list":["post-1392","post","type-post","status-publish","format-standard","hentry","category-allgemein","category-archiv"],"_links":{"self":[{"href":"https:\/\/www.pfarrei-elsendorf.de\/content\/wp-json\/wp\/v2\/posts\/1392","targetHints":{"allow":["GET"]}}],"collection":[{"href":"https:\/\/www.pfarrei-elsendorf.de\/content\/wp-json\/wp\/v2\/posts"}],"about":[{"href":"https:\/\/www.pfarrei-elsendorf.de\/content\/wp-json\/wp\/v2\/types\/post"}],"author":[{"embeddable":true,"href":"https:\/\/www.pfarrei-elsendorf.de\/content\/wp-json\/wp\/v2\/users\/1"}],"replies":[{"embeddable":true,"href":"https:\/\/www.pfarrei-elsendorf.de\/content\/wp-json\/wp\/v2\/comments?post=1392"}],"version-history":[{"count":1,"href":"https:\/\/www.pfarrei-elsendorf.de\/content\/wp-json\/wp\/v2\/posts\/1392\/revisions"}],"predecessor-version":[{"id":1393,"href":"https:\/\/www.pfarrei-elsendorf.de\/content\/wp-json\/wp\/v2\/posts\/1392\/revisions\/1393"}],"wp:attachment":[{"href":"https:\/\/www.pfarrei-elsendorf.de\/content\/wp-json\/wp\/v2\/media?parent=1392"}],"wp:term":[{"taxonomy":"category","embeddable":true,"href":"https:\/\/www.pfarrei-elsendorf.de\/content\/wp-json\/wp\/v2\/categories?post=1392"},{"taxonomy":"post_tag","embeddable":true,"href":"https:\/\/www.pfarrei-elsendorf.de\/content\/wp-json\/wp\/v2\/tags?post=1392"}],"curies":[{"name":"wp","href":"https:\/\/api.w.org\/{rel}","templated":true}]}}