{"id":1399,"date":"2025-08-06T21:52:51","date_gmt":"2025-08-06T19:52:51","guid":{"rendered":"https:\/\/www.pfarrei-elsendorf.de\/content\/?p=1399"},"modified":"2025-10-25T17:40:36","modified_gmt":"2025-10-25T15:40:36","slug":"gottesdienstordnung-vom-04-08-2025-bis-30-09-2025","status":"publish","type":"post","link":"https:\/\/www.pfarrei-elsendorf.de\/content\/gottesdienstordnung-vom-04-08-2025-bis-30-09-2025\/","title":{"rendered":"Gottesdienstordnung vom 04.08.2025 bis 30.09.2025"},"content":{"rendered":"<p><strong><u>Ab 01.09.2025\u00a0 <\/u><\/strong><strong>schlie\u00dft sich unser Pfarrverband zu einer neuen Pfarreiengemeinschaft zusammen.<br \/>\n<\/strong><strong>Diese besteht aus 7 Pfarreien:<br \/>\n<\/strong><strong>Volkenschwand, Gro\u00dfgundertshausen, Walkertshofen, Attenhofen, P\u00f6tzmes, Elsendorf und Appersdorf<br \/>\n<\/strong><strong><u>Herzlich willkommen\u00a0 <\/u><\/strong><strong><u>Pater Paul und Pater Darius<\/u><\/strong><\/p>\n<p>Samstag, 09.08.25\u00a0\u00a0\u00a0\u00a0\u00a0\u00a0\u00a0\u00a0\u00a0 HL. THERESIA BENEDICTA VOM KREUZ<br \/>\nBerghausen\u00a0\u00a0\u00a0\u00a0 10:00 Uhr\u00a0 <strong>Taufe von Vitus Niesl<\/strong><\/p>\n<p><strong>Sonntag, 10.08.25\u00a0\u00a0\u00a0\u00a0\u00a0\u00a0\u00a0\u00a0\u00a0 19. SONNTAG IM JAHRESKREIS <\/strong><br \/>\nL1: Weish 18, 6-9; L2: Hebr 11, 1-2.8-19; Ev: Lk 12, 32-48<br \/>\nElsendorf<br \/>\n09:00 Uhr\u00a0 <strong>Hl. Messe<\/strong>\u00a0 Stiftsmesse<br \/>\nKreszenz Zieglmeier f\u00fcr + Ehemann, Sohn, Geschwister u. Verwandte<br \/>\nMarianne Weichenrieder f\u00fcr + Vater<br \/>\nFam. Weichenrieder f\u00fcr + Schwiegermutter u. Oma<br \/>\nGeschwister M\u00fcller f\u00fcr + Bruder Alois M\u00fcller<\/p>\n<p>Maria Br\u00fcnnl<br \/>\n10:00 Uhr\u00a0 <strong>Hl. Messe<\/strong><br \/>\nGeschwister Hilz f\u00fcr + Eltern u. Gro\u00dfeltern<br \/>\nElfriede u. Siegfried Hunglinger f\u00fcr + Eltern, Gro\u00dfeltern,<br \/>\nOnkeln u. Tanten<br \/>\nGeschwister Gabelsberger f\u00fcr<br \/>\n+ Mutter Fanny Gabelsberger z.Geburtstag<\/p>\n<p>St. Anton<br \/>\n11:30 Uhr\u00a0 <strong>Taufe von\u00a0Peter Manfred Hausler<\/strong><\/p>\n<p>Donnerstag, 14.08.25\u00a0\u00a0\u00a0\u00a0\u00a0 Hl. Maximilian Maria Kolbe<br \/>\nSt. Anton<br \/>\n16:00 Uhr\u00a0 <strong>Taufe\u00a0von Katharina Alexandra Oberhofer<\/strong><\/p>\n<p>Elsendorf\u00a0\u00a0\u00a0\u00a0\u00a0\u00a0\u00a0\u00a0 19:00 Uhr\u00a0 <strong>Hl. Messe\u00a0Kr\u00e4uterweihe<\/strong><br \/>\n<em>musikalisch gestaltet vom Kirchenchor<\/em><br \/>\nHelga Weichenrieder f\u00fcr + Ehemann u. Vater Karl Weichenrieder<br \/>\nRita, Manuela, Magda u. Carolin Sedlmaier f\u00fcr<br \/>\n+ Erwin Sedlmaier jun. z. Stbtg.<br \/>\nFam. Heidi u. Ludwig Hartl f\u00fcr<br \/>\n+ Eltern Franz Xaver u. Gertraud Bielmeier<br \/>\nMarkus u. Aljona Gabelsberger f\u00fcr<br \/>\n+ Freund u.\u00a0 \u00a0Trauzeugen Erwin Sedlmaier jun. z. Stbtg.<br \/>\nClaudia Gebendorfer f\u00fcr + Mutter<br \/>\nFam. Max H\u00e4ckl f\u00fcr + Erwin Sedlmaier jun.<\/p>\n<p><strong>Freitag, 15.08.25\u00a0 MARI\u00c4 AUFNAHME IN DEN HIMMEL<br \/>\n<\/strong>Maria Br\u00fcnnl<br \/>\n10:00 Uhr\u00a0 <strong>Hl. Messe\u00a0Kr\u00e4uterweihe<\/strong><br \/>\nFam. Ewald Wagner, Elsendorf f\u00fcr<br \/>\n+ Gro\u00dfeltern Barbara u. Josef Wagner<br \/>\nRudolf Brachtel f\u00fcr + Eltern<\/p>\n<p>Samstag, 16.08.25\u00a0\u00a0\u00a0\u00a0\u00a0\u00a0\u00a0\u00a0\u00a0 Hl. Stephan, Marien-Samstag<br \/>\nMaria Br\u00fcnnl<br \/>\n11:00 Uhr\u00a0 <strong>Taufe\u00a0von Manuel Rene u. Mathilda Erna Harakenings<\/strong><br \/>\n14:00 Uhr\u00a0 <strong>Taufe\u00a0von Markus Anton Robert Gabelsberger<\/strong><\/p>\n<p><strong>Sonntag, 17.08.25\u00a0\u00a0\u00a0\u00a0\u00a0\u00a0\u00a0\u00a0\u00a0 20. SONNTAG IM JAHRESKREIS <\/strong><br \/>\nL1: Jer 38, 4-6.8-10; L2: Hebr 12, 1-4; Ev: Lk 12, 49-53<br \/>\nElsendorf<br \/>\n09:00 Uhr\u00a0 <strong>Hl. Messe<\/strong><br \/>\nFam. Rosi Niederhammer f\u00fcr + Ehemann u. Vater<br \/>\nFam. Brigitte Mirlach f\u00fcr + Hermann Mirlach<br \/>\nBrigitte Mirlach f\u00fcr + Angeh\u00f6rige<br \/>\nGeschwister Reithmair f\u00fcr + Vater Ernst<\/p>\n<p>Maria Br\u00fcnnl\u00a0\u00a0\u00a0 10:00 Uhr\u00a0 <strong>Hl. Messe<\/strong><br \/>\nRita Gabelsberger f\u00fcr + Ehemann<\/p>\n<p>Samstag, 23.08.25\u00a0\u00a0\u00a0\u00a0\u00a0\u00a0\u00a0\u00a0\u00a0 Hl. Rosa von Lima, Marien-Samstag<br \/>\nElsendorf<br \/>\n18:00 Uhr\u00a0 <strong>Hl. Messe<\/strong><br \/>\nStiftmesse Josefa Bauer f\u00fcr + Amalie Bauer<br \/>\nKarl Gallmeier f\u00fcr + Ehefrau z. Geburtstag<br \/>\nChrista Saule f\u00fcr + Ehemann Georg Saule<br \/>\nReinhold u. Rosi Singerl f\u00fcr + Richard Scheuerer<br \/>\nClaudia Gebendorfer f\u00fcr + Mutter<br \/>\nGeschwister Eisenschenk f\u00fcr + Vater z. Stbtg., Mutter\u00a0 u. Verwandtschaft<\/p>\n<p><strong>Sonntag, 24.08.25\u00a0\u00a0\u00a0\u00a0\u00a0\u00a0\u00a0\u00a0\u00a0 21. SONNTAG IM JAHRESKREIS <\/strong><br \/>\nL1: Jes 66, 18-21; L2: Hebr 12, 5-7.11-13; Ev: Lk 13, 22-30<br \/>\nMaria Br\u00fcnnl<br \/>\n10:00 Uhr\u00a0 <strong>Hl. Messe<\/strong><br \/>\nElfriede Hunglinger f\u00fcr + Mutter z. Stbtg., Bruder u. \u00a0\u00a0\u00a0 Angeh\u00f6rige<br \/>\nFam. Ginzinger f\u00fcr + Angeh\u00f6rige<\/p>\n<p>Maria Br\u00fcnnl<br \/>\n14:00 Uhr\u00a0 <strong>Taufe von\u00a0Liam Blume<\/strong><\/p>\n<p>Samstag, 30.08.25\u00a0\u00a0\u00a0\u00a0\u00a0\u00a0\u00a0\u00a0\u00a0 Marien-Samstag<br \/>\nElsendorf<br \/>\n18:00 Uhr\u00a0 <strong>Hl. Messe Verabschiedung Pfarrer Vogl<br \/>\n<\/strong><em>musikalisch gestaltet vom Kirchenchor<br \/>\n<\/em>Marianne Jungbauer f\u00fcr + Ehemann u. Geschwister<br \/>\nFam. Reiter f\u00fcr + Ehemann, Vater u. Opa Franz\u00a0 z. Stbtg.<\/p>\n<p><strong>Sonntag, 31.08.25\u00a0\u00a0\u00a0\u00a0\u00a0\u00a0\u00a0\u00a0\u00a0 22. SONNTAG IM JAHRESKREIS <\/strong><br \/>\nL1: Sir 3,17-18.20.28-29; L2: Hebr 12,18-19.22-24a; Ev: Lk 14,1.7-14<br \/>\nMaria Br\u00fcnnl<br \/>\n10:00 Uhr\u00a0 <strong>Hl. Messe<br \/>\n<\/strong>Familie Singerl zum Dank<br \/>\nFam. Singerl f\u00fcr Mutter Therese Spornraft z. Geburtstag<\/p>\n<p>Dienstag, 02.09.25\u00a0\u00a0\u00a0\u00a0\u00a0\u00a0\u00a0\u00a0\u00a0 Dienstag der 22. Woche im Jahreskreis<br \/>\nLeibersdorf<br \/>\n18:00 Uhr\u00a0 Hl. Messe<\/p>\n<p>Mittwoch, 03.09.25\u00a0\u00a0\u00a0\u00a0\u00a0\u00a0\u00a0\u00a0\u00a0 Hl. Gregor der Gro\u00dfe<br \/>\nMartinszell<br \/>\n19:00 Uhr\u00a0 Hl. Messe<\/p>\n<p>Freitag, 05.09.25\u00a0\u00a0\u00a0\u00a0\u00a0\u00a0\u00a0\u00a0\u00a0\u00a0\u00a0\u00a0 Freitag der 22. Woche im Jahreskreis<br \/>\nVolkenschw.<br \/>\n09:00 Uhr\u00a0 Hl. Messe\u00a0Hausfrauen- und Seniorengottesdienst<br \/>\nanschl. Krankenkommunion Volkenschwand, Gro\u00dfgundertshausen<\/p>\n<p>Samstag, 06.09.25\u00a0\u00a0\u00a0\u00a0\u00a0\u00a0\u00a0\u00a0\u00a0 Marien-Samstag<br \/>\nP\u00f6tzmes<br \/>\n18:30 Uhr\u00a0 Rosenkranz<br \/>\n19:00 Uhr\u00a0 Hl. Messe<\/p>\n<p><strong>Sonntag, 07.09.25\u00a0\u00a0\u00a0\u00a0\u00a0\u00a0\u00a0\u00a0\u00a0 23. SONNTAG IM JAHRESKREIS <\/strong><br \/>\nL1: Weish 9, 13-19; L2: Phlm 9b-10.12-17; Ev: Lk 14, 25-33<br \/>\nMaria Br\u00fcnnl<br \/>\n10:00 Uhr\u00a0 <strong>Hl. Messe<\/strong><br \/>\nGerlinde Fr\u00fchmorgen f\u00fcr + Mutter Ursula Wimmer<\/p>\n<p>Gro\u00dfgundertsh.<br \/>\n10:00 Uhr\u00a0 Hl. Messe<\/p>\n<p>Walkertshofen<br \/>\n11:30 Uhr\u00a0 Taufe von Ludwig Kraitmair<\/p>\n<p>Mittwoch, 10.09.25\u00a0\u00a0\u00a0\u00a0\u00a0\u00a0\u00a0\u00a0\u00a0 Mittwoch der 23. Woche im Jahreskreis<br \/>\nRachertsh.<br \/>\n18:30 Uhr\u00a0 Rosenkranz<br \/>\n19:00 Uhr\u00a0 Hl. Messe<\/p>\n<p>Donnerstag, 11.09.25\u00a0\u00a0\u00a0\u00a0\u00a0 Donnerstag der 23. Woche im Jahreskreis<br \/>\nAttenhofen<br \/>\n15:00 Uhr\u00a0 Krankenkommunion<br \/>\nP\u00f6tzmes<br \/>\nWalkertshofen<\/p>\n<p>Freitag, 12.09.25\u00a0\u00a0\u00a0\u00a0\u00a0\u00a0\u00a0\u00a0\u00a0\u00a0\u00a0\u00a0 Heiligster Name Mariens (Mari\u00e4 Namen)<br \/>\nMeilenhofen<br \/>\n19:00 Uhr\u00a0 <strong>Hl. Messe\u00a0Patrozinium Maria Namen 12.9.<\/strong><br \/>\nAlbert Kiel jun. f\u00fcr + Albert Kiel<br \/>\nIrmgard Hutter f\u00fcr + Eltern Josef u. Franziska<br \/>\nMonika u. Inge Bachmeier f\u00fcr + Eltern u. Verwandtschaft<\/p>\n<p>Gro\u00dfgundertsh.<br \/>\n19:00 Uhr\u00a0 Wortgottesdienst Feier zum Mari\u00e4 Namen<\/p>\n<p>Samstag, 13.09.25\u00a0\u00a0\u00a0\u00a0\u00a0\u00a0\u00a0\u00a0\u00a0 Hl. Johannes Chrysostomus<br \/>\nHaunsbach<br \/>\n19:00 Uhr\u00a0 <strong>Hl. Messe\u00a0Patrozinium Kreuzerh\u00f6hung<\/strong><br \/>\nHl. Anna Verein f\u00fcr + Georg Dettenhofer<\/p>\n<p>Volkenschwand<br \/>\n19:00 Uhr\u00a0 Hl. Messe<\/p>\n<p><strong>Sonntag, 14.09.25\u00a0\u00a0\u00a0\u00a0\u00a0\u00a0\u00a0\u00a0\u00a0 24. SONNTAG IM JAHRESKREIS<br \/>\nKollekte f. Kommunikationsmittel und Michaelsbund<\/strong><br \/>\nL1: Ex 32, 7-11.13-14; L2: 1 Tim 1, 12-17; Ev: Lk 15, 1-32<br \/>\nElsendorf<br \/>\n16:00 Uhr\u00a0 <strong>Hl. Messe Installation Pater Paul u. Pater Darius<br \/>\n<\/strong><em>anschlie\u00dfend Sektempfang im Pfarrheim<\/em><br \/>\nFam. Reiter f\u00fcr + Eltern u. Verwandte<br \/>\nMarika Amesreiter f\u00fcr + Anni Eccher<br \/>\nAdalbert Gallmaier f\u00fcr + Hermine Gallmaier<br \/>\nSilvia Fischer f\u00fcr + Mutter Maria Sch\u00f6ttl z. Stbtg.<\/p>\n<p>Attenhofen<br \/>\n10:00 Uhr\u00a0 Hl. Messe<\/p>\n<p>Dienstag, 16.09.25\u00a0\u00a0\u00a0\u00a0\u00a0\u00a0\u00a0\u00a0\u00a0 Hl. Kornelius, Papst, und hl. Cyprian<br \/>\nHerrenau<br \/>\n19:00 Uhr\u00a0 Hl. Messe<\/p>\n<p>Mittwoch, 17.09.25\u00a0\u00a0\u00a0\u00a0\u00a0\u00a0\u00a0\u00a0\u00a0 Hl. Hildegard von Bingen,<br \/>\nSt. Anton<br \/>\n19:00 Uhr\u00a0 <strong>Hl. Messe<\/strong><br \/>\nGeschwister M\u00fcller f\u00fcr + Mutter u. Schwester<\/p>\n<p>Volkenschw.<br \/>\n08:15 Uhr\u00a0 Sch\u00fclergottesdienst zum Schulanfang<\/p>\n<p>Freitag, 19.09.25\u00a0\u00a0\u00a0\u00a0\u00a0\u00a0\u00a0\u00a0\u00a0\u00a0\u00a0\u00a0 Hl. Januarius<br \/>\nElsendorf<br \/>\n08:15 Uhr<br \/>\n<strong>Wortgottesdienst\u00a0Schulanfangsgottesdienst<\/strong> in der Pfarrkirche<\/p>\n<p>Gro\u00dfgundertsh.<br \/>\n09:00 Uhr\u00a0 Hl. Messe\u00a0Hausfrauen- und Seniorengottesdienst<br \/>\nGro\u00dfgundertsh.<br \/>\n11:00 Uhr\u00a0 Taufe von Luis Jason Wheatley Kolmeder<\/p>\n<p>Samstag, 20.09.25<br \/>\nHl. Andreas Kim Taegon und hl. Paul Chong Hasang<br \/>\nBettbrunn<br \/>\n15:00 Uhr<strong><br \/>\nHl. Messe\u00a0In den Anliegen aller Wallfahrer<\/strong><\/p>\n<p>Elsendorf<br \/>\n17:30 Uhr<br \/>\n<strong>Festgottesdienst 150 Jahre Feuerwehr Elsendorf<\/strong><br \/>\n<em>am\u00a0 Schulsportplatz, bei Regen in der Turnhalle<br \/>\n<\/em>FFW Elsendorf f\u00fcr + Mitglieder<\/p>\n<p>Gro\u00dfgundertsh.<br \/>\n19:00 Uhr\u00a0 Hl. Messe<\/p>\n<p><strong>Sonntag, 21.09.25\u00a0\u00a0\u00a0\u00a0\u00a0\u00a0\u00a0\u00a0\u00a0 25. SONNTAG IM JAHRESKREIS <\/strong><br \/>\nL1: Am 8, 4-7; L2: 1 Tim 2, 1-8; Ev: Lk 16, 1-13<br \/>\nAppersdorf<br \/>\n08:30 Uhr\u00a0 <strong>Hl. Messe<\/strong><br \/>\nGerhard Zimmer u. Irmgard Gabelsberger f\u00fcr + Eltern<br \/>\nEveline Brachtel f\u00fcr + Eltern, Gro\u00dfeltern u. Verwandtschaft<br \/>\nGeschwister u. Enkel f\u00fcr + Papa u. Opa Erhard \u00a0\u00a0\u00a0\u00a0\u00a0\u00a0\u00a0\u00a0 Hunglinger z. Stbtg.<\/p>\n<p>P\u00f6tzmes<br \/>\n10:00 Uhr\u00a0 Hl. Messe<\/p>\n<p>Volkenschw.<br \/>\n10:00 Uhr\u00a0 Hl. Messe Familiengottesdienst f\u00fcr die Schulanf\u00e4nger\u00a0mit Schulranzensegnung<\/p>\n<p>Dienstag, 23.09.25\u00a0 Hl. Pius von Pietrelcina (Padre Pio)<br \/>\nHorneck<br \/>\n19:00 Uhr\u00a0 <strong>Hl. Messe<\/strong><br \/>\nMaria Moser f\u00fcr + Tanten Maria u. Theresia<br \/>\nElisabeth Kallm\u00fcnzer f\u00fcr + Eltern, Bruder u. Gro\u00dfeltern<br \/>\nGertrud Haltmeier f\u00fcr + Eltern u. Bruder Michael<\/p>\n<p>Mittwoch, 24.09.25\u00a0\u00a0\u00a0\u00a0\u00a0\u00a0\u00a0\u00a0\u00a0 Hl. Rupert und hl. Virgil<br \/>\nElsendorf<br \/>\n17:00 Uhr\u00a0 <strong>Hl. Messe\u00a0Sch\u00fclergottesdienst<br \/>\n<\/strong>Stiftsmesse Josefa Bauer f\u00fcr + Wally Bauer<\/p>\n<p>Neuhausen<br \/>\n19:00 Uhr\u00a0 Hl. Messe<\/p>\n<p>Donnerstag, 25.09.25\u00a0\u00a0\u00a0\u00a0\u00a0 Hl. Niklaus von Fl\u00fce<br \/>\nMeilenhofen<br \/>\n19:00 Uhr\u00a0 <strong>Hl. Messe<\/strong><br \/>\nGeschwister Gabelsberger f\u00fcr + Mutter Fanny Gabelsberger z. Stbtg.<br \/>\nWally Kellner f\u00fcr + Bruder Josef Zimmermann<\/p>\n<p>P\u00f6tzmes<br \/>\n19:00 Uhr\u00a0 Gebetstreffen in besonderen Zeiten<\/p>\n<p>Freitag, 26.09.25\u00a0\u00a0\u00a0\u00a0\u00a0\u00a0\u00a0\u00a0\u00a0\u00a0\u00a0\u00a0 Hl. Kosmas und hl. Damian<br \/>\nElsendorf<br \/>\n19:00 Uhr <strong>Frauenbundmesse <\/strong>a<em>nschlie\u00dfend Terminbesprechung im Pfarrheim<\/em><\/p>\n<p>Volkenschw.<br \/>\n09:00 Uhr\u00a0 Hl. Messe\u00a0Hausfrauen- und Seniorengottesdienst<\/p>\n<p>Samstag, 27.09.25\u00a0\u00a0\u00a0\u00a0\u00a0\u00a0\u00a0\u00a0\u00a0 Hl. Vinzenz von Paul<br \/>\nAppersdorf<br \/>\n19:00 Uhr\u00a0 <strong>Hl. Messe\u00a0Erntedank<\/strong><br \/>\nRosi Singerl f\u00fcr + Eltern Maria u. Paul Kapser<br \/>\nEine gewisse Person zum Dank<\/p>\n<p>Berghausen<br \/>\n19:00 Uhr\u00a0 <strong>Hl. Messe\u00a0Erntedank<\/strong><br \/>\nMaria Roithmeier f\u00fcr + beiderseitige Gro\u00dfeltern<br \/>\nGerlinde u. Sebastian Haltmaier f\u00fcr + Angeh\u00f6rige<br \/>\nFam. Holzner f\u00fcr + Angeh\u00f6rige<br \/>\nGertraud Burger f\u00fcr + Ehemann z. Geburtstag<br \/>\nAlbert Hofbauer f\u00fcr + Eltern u. Gro\u00dfeltern<\/p>\n<p><strong>Sonntag, 28.09.25\u00a0\u00a0\u00a0\u00a0\u00a0\u00a0\u00a0\u00a0\u00a0 26. SONNTAG IM JAHRESKREIS<br \/>\nCaritas-Kollekte<\/strong><br \/>\nL1: Am 6, 1a.4-7; L2: 1 Tim 6, 11-16; Ev: Lk 16, 19-31<br \/>\nAttenhofen<br \/>\n08:30 Uhr\u00a0 Hl. Messe<\/p>\n<p>Gro\u00dfgundertsh.<br \/>\n10:00 Uhr\u00a0 \u00a0\u00a0\u00a0\u00a0\u00a0\u00a0\u00a0\u00a0 Hl. Messe Bruderschaftsfest<\/p>\n<p>Walkertshofen<br \/>\n10:00 Uhr\u00a0 Hl. Messe Erntedankfest<\/p>\n","protected":false},"excerpt":{"rendered":"<p>Ab 01.09.2025\u00a0 schlie\u00dft sich unser Pfarrverband zu einer neuen Pfarreiengemeinschaft zusammen. Diese besteht aus 7 Pfarreien: Volkenschwand, Gro\u00dfgundertshausen, Walkertshofen, Attenhofen, P\u00f6tzmes, Elsendorf und Appersdorf Herzlich willkommen\u00a0 Pater Paul und Pater Darius Samstag, 09.08.25\u00a0\u00a0\u00a0\u00a0\u00a0\u00a0\u00a0\u00a0\u00a0 HL. THERESIA BENEDICTA VOM KREUZ Berghausen\u00a0\u00a0\u00a0\u00a0 10:00 Uhr\u00a0 Taufe von Vitus Niesl Sonntag, 10.08.25\u00a0\u00a0\u00a0\u00a0\u00a0\u00a0\u00a0\u00a0\u00a0 19. SONNTAG IM JAHRESKREIS L1: Weish 18, 6-9; &hellip; <a href=\"https:\/\/www.pfarrei-elsendorf.de\/content\/gottesdienstordnung-vom-04-08-2025-bis-30-09-2025\/\" class=\"more-link\"><span class=\"screen-reader-text\">Gottesdienstordnung vom 04.08.2025 bis 30.09.2025<\/span> weiterlesen <span class=\"meta-nav\">&rarr;<\/span><\/a><\/p>\n","protected":false},"author":1,"featured_media":0,"comment_status":"closed","ping_status":"closed","sticky":false,"template":"","format":"standard","meta":{"footnotes":""},"categories":[1,9],"tags":[],"class_list":["post-1399","post","type-post","status-publish","format-standard","hentry","category-allgemein","category-archiv"],"_links":{"self":[{"href":"https:\/\/www.pfarrei-elsendorf.de\/content\/wp-json\/wp\/v2\/posts\/1399","targetHints":{"allow":["GET"]}}],"collection":[{"href":"https:\/\/www.pfarrei-elsendorf.de\/content\/wp-json\/wp\/v2\/posts"}],"about":[{"href":"https:\/\/www.pfarrei-elsendorf.de\/content\/wp-json\/wp\/v2\/types\/post"}],"author":[{"embeddable":true,"href":"https:\/\/www.pfarrei-elsendorf.de\/content\/wp-json\/wp\/v2\/users\/1"}],"replies":[{"embeddable":true,"href":"https:\/\/www.pfarrei-elsendorf.de\/content\/wp-json\/wp\/v2\/comments?post=1399"}],"version-history":[{"count":2,"href":"https:\/\/www.pfarrei-elsendorf.de\/content\/wp-json\/wp\/v2\/posts\/1399\/revisions"}],"predecessor-version":[{"id":1401,"href":"https:\/\/www.pfarrei-elsendorf.de\/content\/wp-json\/wp\/v2\/posts\/1399\/revisions\/1401"}],"wp:attachment":[{"href":"https:\/\/www.pfarrei-elsendorf.de\/content\/wp-json\/wp\/v2\/media?parent=1399"}],"wp:term":[{"taxonomy":"category","embeddable":true,"href":"https:\/\/www.pfarrei-elsendorf.de\/content\/wp-json\/wp\/v2\/categories?post=1399"},{"taxonomy":"post_tag","embeddable":true,"href":"https:\/\/www.pfarrei-elsendorf.de\/content\/wp-json\/wp\/v2\/tags?post=1399"}],"curies":[{"name":"wp","href":"https:\/\/api.w.org\/{rel}","templated":true}]}}