{"id":1402,"date":"2025-08-06T22:59:19","date_gmt":"2025-08-06T20:59:19","guid":{"rendered":"https:\/\/www.pfarrei-elsendorf.de\/content\/?p=1402"},"modified":"2025-10-25T17:40:27","modified_gmt":"2025-10-25T15:40:27","slug":"messintentionen-und-mitteilungsblatt-bis-30-09-2025","status":"publish","type":"post","link":"https:\/\/www.pfarrei-elsendorf.de\/content\/messintentionen-und-mitteilungsblatt-bis-30-09-2025\/","title":{"rendered":"MESSINTENTIONEN UND MITTEILUNGSBLATT BIS 30.09.2025"},"content":{"rendered":"<p><strong><u>\u00d6ffnungszeiten Pfarrb\u00fcro<br \/>\n<\/u><\/strong><strong>Das Pfarrb\u00fcro ist von 04.08. bis 08.09. geschlossen.<br \/>\n<\/strong><strong>Ab 09.09.<\/strong> sind wir wieder zu den gewohnten \u00d6ffnungszeiten f\u00fcr sie da.<\/p>\n<p>Wir laden Sie herzlich <strong>zum feierlichen<\/strong> <strong>Einf\u00fchrungsgottesdienst<br \/>\n<\/strong><strong>von Pater Paul, Pater Darius und Pater Lukas<\/strong> ein.<br \/>\nDer Gottesdienst findet statt am:<br \/>\n<strong><u>Sonntag, den 14. September 2025, um 16.00 Uhr<br \/>\n<\/u><\/strong><strong><u>in der Pfarrkirche Elsendorf<br \/>\n<\/u><\/strong>Zelebrant ist <strong>Dekan, Georg Birner<\/strong>, der die Einf\u00fchrung im Rahmen der Eucharistiefeier vornimmt.<br \/>\nMit diesem Gottesdienst feiern wir zugleich die <strong>Zusammenlegung der beiden weiteren Pfarreien Elsendorf und Appersdorf<\/strong> mit unserem Seelsorgebereich. Dies ist ein bedeutender Schritt auf unserem gemeinsamen Weg als Glaubensgemeinschaft.<br \/>\n<strong>Im Anschluss<\/strong> <strong>an den Gottesdienst laden wir herzlich zu einer Begegnung und einem kleinen Stehempfang ein<\/strong>.<br \/>\nWir freuen uns auf Ihr Kommen und das gemeinsame Gebet f\u00fcr einen guten Neuanfang!<\/p>\n<p><strong>\u00a0 \u00a0 \u00a0 \u00a0 \u00a0 \u00a0 \u00a0 \u00a0 \u00a0 \u00a0 \u00a0 \u00a0\u00a0<\/strong><strong>Liebe Mitchristen<br \/>\n<\/strong><strong>\u00a0\u00a0\u00a0\u00a0\u00a0\u00a0\u00a0\u00a0 der Pfarreiengemeinschaft!<br \/>\n<\/strong>Mit gro\u00dfer Freude und Dankbarkeit darf<br \/>\nich mich Ihnen als neuer Pfarrer unserer<br \/>\n<strong>Pfarreiengemeinschaft mit sieben Pfarreien<br \/>\n<\/strong>vorstellen und Sie recht herzlich begr\u00fc\u00dfen.<br \/>\nGemeinsam mit dem Pfarrvikar <strong>P. Darius<\/strong>,<br \/>\nwerde ich k\u00fcnftig f\u00fcr das seelsorgliche Leben<br \/>\nin Elsendorf-Appersdorf und den f\u00fcnf bereits<br \/>\nverbundenen Pfarreien Verantwortung tragen.<br \/>\nDie Zusammenlegung zu einer gr\u00f6\u00dferen Pfarreiengemeinschaft ist eine gro\u00dfe Herausforderung, die uns alle vor neue Aufgaben stellt, besonders uns Seelsorger.<br \/>\nDie Wege werden weiter, die Aufgaben vielf\u00e4ltiger, und manches Gewohnte wird sich ver\u00e4ndern. Doch in allem liegt auch eine gro\u00dfe Chance. Wir d\u00fcrfen unseren Glauben <strong>miteinander<\/strong> und <strong>f\u00fcreinander<\/strong> leben \u00fcber bisherige Grenzen hinweg.<br \/>\nIch freue mich darauf, mit Ihnen allen <strong>den Glauben zu teilen, Gott zu loben und das Leben in unseren Pfarreien lebendig zu gestalten<\/strong><strong>.<\/strong> Unser gemeinsames Ziel ist es, Kirche als einen Ort der Begegnung, der Hoffnung und des Miteinanders zu erhalten und weiterzuentwickeln.<br \/>\nDazu braucht es <strong>Zusammenhalt und gute Zusammenarbeit<\/strong>. Jeder Beitrag z\u00e4hlt, ob gro\u00df oder klein. Ich bitte Sie herzlich, bringen Sie sich mit Ihren Talenten und Ideen ein. Lassen Sie uns aufeinander zugehen, einander zuh\u00f6ren und gemeinsam Schritte wagen im Vertrauen darauf, dass Gott mit uns geht.<\/p>\n<p>In diesem Sinne freue ich mich auf viele pers\u00f6nliche Begegnungen, auf ein lebendiges Glaubensleben in unseren Gemeinden und auf eine gute Zusammenarbeit mit Ihnen allen.<\/p>\n<p><strong>Mit herzlichem Gru\u00df und Gottes Segen<br \/>\n<\/strong><em>Ihr Pfarrer<\/em><em><br \/>\nPater Paul<br \/>\n<\/em>&#8212;&#8212;&#8212;&#8212;&#8212;&#8212;&#8212;<\/p>\n<p><strong><u>Information zur Feier der Taufen in unseren Pfarreien:<br \/>\n<\/u><\/strong>Ab dem <strong>01. September 2025<\/strong> k\u00f6nnen <strong>Taufen<\/strong> nur noch in bestimmten Kirchen innerhalb unserer Pfarreiengemeinschaft gefeiert werden. Diese Regelung dient der besseren Planung und seelsorglichen Begleitung der Tauffamilien angesichts der gewachsenen Zahl an Pfarreien und der damit verbundenen Aufgaben.<\/p>\n<p><strong><u>Taufen k\u00f6nnen k\u00fcnftig nur noch in folgenden <\/u><\/strong><strong><u>Kirchen gefeiert werden:<br \/>\n<\/u><\/strong><strong>Pfarrkirche St. Peter Appersdorf<br \/>\n<\/strong><strong>Pfarrkirche Maria Immaculata Elsendorf<br \/>\n<\/strong><strong>Pfarrkirche St. Nikolaus Attenhofen<br \/>\n<\/strong><strong>Pfarrkirche St. Georg P\u00f6tzmes<br \/>\n<\/strong><strong>Pfarrkirche St. Michael Walkertshofen<br \/>\n<\/strong><strong>Pfarrkirche Hl. Kreuz Gro\u00dfgundertshausen<br \/>\n<\/strong><strong>Pfarrkirche St. \u00c4gidius Volkenschwand<br \/>\n<\/strong><strong>Expositur St. Kolomann Berghausen<br \/>\n<\/strong><strong>Wallfahrtskirche St. Anton<br \/>\n<\/strong><strong>Wallfahrtskirche Maria Br\u00fcnnl<br \/>\n<\/strong><strong>Rannertshofen<\/strong> <em>(mit eigenem Taufrecht)<\/p>\n<p><\/em>Wir bitten um Ihr Verst\u00e4ndnis f\u00fcr diese Neuregelung und danken f\u00fcr Ihre Unterst\u00fctzung und Ihr Vertrauen.<br \/>\nBei Fragen wenden Sie sich bitte an das Pfarrb\u00fcro.<\/p>\n<p><strong><u>Einladung zur Krankenkommunion:<br \/>\n<\/u><\/strong>Liebe Schwestern und Br\u00fcder,<br \/>\nf\u00fcr viele kranke und \u00e4ltere Menschen ist es ein gro\u00dfer Trost, im Glauben und in der Gemeinschaft der Kirche gest\u00e4rkt zu werden \u2013 besonders dann, wenn der Besuch der Heiligen Messe nicht mehr m\u00f6glich ist.<br \/>\nWir m\u00f6chten allen, die krank oder gebrechlich sind und zu Hause leben, die M\u00f6glichkeit geben, regelm\u00e4\u00dfig die Hl. Kommunion zu empfangen.<\/p>\n<p><strong>Gerne kommen wir zu Ihnen nach Hause, <\/strong><strong>um Ihnen die Krankenkommunion zu bringen und Zeit f\u00fcr ein pers\u00f6nliches Gespr\u00e4ch zu haben.<br \/>\n<\/strong>Wenn Sie selbst den Wunsch haben, besucht zu werden, oder wenn Sie jemanden kennen, der sich dar\u00fcber freuen w\u00fcrde, melden Sie sich bitte im Pfarrb\u00fcro an.<\/p>\n<p><strong><u>Frauenbund bindet Kr\u00e4uterb\u00fcschel:<br \/>\n<\/u><\/strong>Alle interessierten Frauen sind herzlich eingeladen, beim Kr\u00e4uterb\u00fcschel binden am Donnerstag, 14. August, ab 14 Uhr vor dem Pfarrheim mitzuhelfen. Blumen\/Kr\u00e4uterspenden sind ausdr\u00fccklich erw\u00fcnscht und k\u00f6nnen vor dem Pfarrheim abgegeben werden. Die B\u00fcschel werden zum Preis von 3\u20ac nach den Gottesdiensten in Elsendorf und Appersdorf verkauft.<br \/>\n<strong>Am Freitag, 26. September findet die Frauenbundmesse um 19 Uhr<\/strong> in der Pfarrkirche statt. Anschlie\u00dfend Terminbesprechung im Pfarrheim.<\/p>\n<p><strong><u>Kirchenchor:<br \/>\n<\/u><\/strong>Montag, 04.08.; 11.08:<br \/>\n19.00 Uhr Singstunde in der Pfarrkirche<br \/>\nDonnerstag, 14.08.:<br \/>\n18.15 Uhr Einsingen VGO in der Pfarrkirche<br \/>\nSamstag, 30.8.:<br \/>\n17.15 Uhr Einsingen f\u00fcr Verabschiedung Pf. Vogl<br \/>\nMontag, 11.09.:<br \/>\n19.00 Uhr Singstunde in der Pfarrkirche<br \/>\nSonntag, 14.09:<br \/>\n15.15 Uhr Einsingen f\u00fcr Empfang der Patres<\/p>\n<p><strong><u>Kirchenspatzen:<br \/>\n<\/u><\/strong>Freitag, 19.09.:<br \/>\n16.00 \u2013 17.00 Uhr Singstunde im Pfarrheim<\/p>\n<p><strong><u>Herzliche Einladung an ALLE \u00dc-60 aus der Pfarrei zum Seniorennachmittag <\/u><\/strong>am <strong>Donnerstag, den<\/strong> <strong>21.08.2025 um 14 Uhr im Pfarrgarten <\/strong>(bei schlechtem Wetter im Pfarrheim).<br \/>\nFerienkinder bereiten den Senioren einen unterhaltsamen Nachmittag mit humorvollen und musikalischen Einlagen unter der Leitung von Silvia Fischer. \u00a0Damen vom KDFB \u00fcbernehmen die Bewirtung mit Getr\u00e4nken, Kaffee\/Tee und Kuchen.<br \/>\n<strong>Wer noch mitmachen m\u00f6chte kann sich jederzeit bei Frau Fischer unter Handy-Nr. <\/strong><strong>0151-50560400 anmelden.<br \/>\n<\/strong><strong><u><br \/>\nPfarrwallfahrt nach Bettbrunn:<br \/>\n<\/u><\/strong>Alle Pfarrangeh\u00f6rigen mit Kindern und Jugendlichen und gerne auch \u201eAusw\u00e4rtige\u201c sind eingeladen, miteinander <strong>am 20.09.25 nach Bettbrunn <\/strong>zu pilgern.<br \/>\n<strong>Auch an die Senioren der Pfarreiengemeinschaft ergeht die Einladung mit dem Bus nach Oberdolling zu fahren. Dort werden die Senioren mit Kuchen und Kaffee bewirtet. Anschlie\u00dfend Weiterfahrt nach Bettbrunn und Teilnahme am Gottesdienst.<br \/>\n<\/strong>Pater Paul und der Pfarrgemeinderat hoffen auf eine zahlreiche Beteiligung von Fu\u00dfwallfahrern.<br \/>\n<strong>Die Wallfahrt beginnt um 5.30 Uhr in Appersdorf und <\/strong><strong>um 5.35 Uhr in Elsendorf <\/strong><strong>mit dem Reisesegen jeweils in der Pfarrkirche.<br \/>\n<\/strong>Der gesamte Weg umfasst 33 km, l\u00e4ngere Pausen werden in<br \/>\nSchwaig (Fr\u00fchst\u00fcck) und Oberdolling (Mittagessen) eingelegt.<br \/>\nDie Wallfahrer werden vom Sanit\u00e4tsteam des Roten Kreuzes medizinisch betreut und mit einem Kleinbus begleitet, der auch Gep\u00e4ck bef\u00f6rdern kann.<br \/>\nWem die gesamte Strecke zu anstrengend ist, kann die letzten 7 km\u00a0\u00a0\u00a0\u00a0\u00a0\u00a0\u00a0\u00a0 ab Oberdolling, auf einem sch\u00f6nen Waldweg zu Fu\u00df mitpilgern.<br \/>\n<strong>Dorthin wird ein Bus mit folgenden Haltestellen eingesetzt:<br \/>\n<\/strong><strong>Meilenhofen<\/strong> Bushaltestelle Hauptstr.: <strong>11.50<\/strong> Uhr<br \/>\n<strong>Berghausen<\/strong> Gasthaus Gschl\u00f6\u00dfl:\u00a0\u00a0\u00a0\u00a0\u00a0\u00a0 \u00a0\u00a0\u00a0\u00a0<strong>12.00<\/strong> Uhr<br \/>\n<strong>Haunsbach<\/strong> Obere Bushaltestelle:\u00a0\u00a0\u00a0 <strong>\u00a0\u00a0\u00a0\u00a0 12.05<\/strong> Uhr<br \/>\n<strong>Appersdorf <\/strong>Bushaltestelle Hauptstr.: \u00a0\u00a0\u00a0<strong>12.10<\/strong> Uhr<br \/>\n<strong>Elsendorf<\/strong> Kirchplatz: \u00a0\u00a0\u00a0\u00a0\u00a0\u00a0\u00a0\u00a0\u00a0\u00a0\u00a0\u00a0\u00a0\u00a0\u00a0\u00a0\u00a0\u00a0\u00a0\u00a0\u00a0\u00a0\u00a0\u00a0\u00a0\u00a0\u00a0\u00a0\u00a0 \u00a0\u00a0\u00a0\u00a0\u00a0\u00a0<strong>12.15<\/strong> Uhr<br \/>\n<strong>Die R\u00fcckfahrt des Busses,<\/strong> den <strong><u>Alle<\/u><\/strong> nutzen k\u00f6nnen, erfolgt in<br \/>\nBettbrunn <strong>direkt nach dem Gottesdienst gegen 16.15 Uhr.<br \/>\n<\/strong>Der Fahrpreis betr\u00e4gt 7,00 \u20ac, Kinder sind frei.<br \/>\nEin herzliches \u201eVergelt`s Gott\u201c dem Organisator Tom Polz, den Kreuztr\u00e4gern, Lautsprechertr\u00e4gern und Vorbetern und dem Pfarrgemeinderat.<\/p>\n<p><strong>Gottes Segen f\u00fcr alle Teilnehmer!<\/p>\n<p><\/strong><strong><u>Bestellung von Hl. Messen:<br \/>\n<\/u><\/strong>In unseren Kirchen liegen ab August bedruckte Kuverts zur Bestellung \u00a0\u00a0\u00a0von Hl. Messen aus.<br \/>\n<u>Wir bitten Sie, bei der Bestellung folgende Punkte zu beachten:<br \/>\n<\/u><strong>&#8211; Bitte f\u00fcllen Sie das Kuvert vollst\u00e4ndig und gut leserlich aus.<br \/>\n<\/strong>&#8211; Besonders wichtig sind <strong>Ihre Telefonnummer f\u00fcr eventuelle <\/strong><strong><br \/>\nR\u00fcckfragen sowie Ihre Unterschrift<\/strong>.<br \/>\n&#8211;<strong>Benutzen Sie bitte <u>ab sofort<\/u> nur noch diese Kuverts f\u00fcr die<br \/>\n<\/strong><strong>Bestellung einer Hl. Messe!!!<br \/>\n<\/strong>Die ausgef\u00fcllten Kuverts k\u00f6nnen Sie:<br \/>\nin den Briefkasten (Elsendorf), <strong>in den Kollektenkorb bei den Gottesdiensten, <\/strong>in der Sakristei, oder direkt im Pfarrb\u00fcro abgeben.<\/p>\n<p>Herzlichen Dank f\u00fcr Ihr Verst\u00e4ndnis!<\/p>\n<p><strong><u>Ausflug des Frauenbundes:<br \/>\n<\/u><\/strong>Am Dienstag den 30. September Fahrt zu Fa. Hipp, Pfaffenhofen mit F\u00fchrung und Vortrag &#8222;Alte Wachszieherei &#8222;. Anschlie\u00dfend Kaffee und Kuchen im Caf\u00e9.\u00a0 Danach zur freien Verf\u00fcgung in Pfaffenhofen bis zur R\u00fcckfahrt um 18 Uhr.\u00a0 Abfahrt 13 Uhr am Kirchplatz in Elsendorf. Anmeldung bei Lonati mit Einzahlung des Reisepreises von 17 Euro.<\/p>\n<p>Redaktionsschluss n\u00e4chster Pfarrbrief:\u00a0\u00a0 \u00a0<strong>15.09.2025<\/p>\n<p><\/strong><strong>Pfarrer: Albert Vogl <\/strong>\u2013 Sprechstunde nach Vereinbarung bis 30.08.2025<br \/>\nTel.Nr. 08753 245<\/p>\n<p><strong>Pfarrer: Pater Paul Binkowski &#8211; <\/strong>Sprechstunde nach Vereinbarung <u>paul.binkowski@me.com<\/u> \u00a0Handy: 0160\/8008318, Kloster: 08751\/87260<\/p>\n<p><strong>Kaplan: Pater Darius Parzych &#8211; <\/strong>Sprechstunde nach Vereinbarung <u>incognavus@icloud.com<\/u> \u00a0Handy: 0160\/8390323, Kloster: 08751\/87260<\/p>\n<hr \/>\n<p>Katholisches Pfarramt Elsendorf<br \/>\nMainburger Stra\u00dfe 1<br \/>\n84094 Elsendorf<br \/>\nTelefon: 08753\/245<br \/>\nFax: 08753\/910498<br \/>\ne-mail: pfarramt\u201cat\u201celsendorf.de<br \/>\nwww.pfarrei-elsendorf.de<br \/>\nB\u00fcrozeiten:<br \/>\nDienstag 8:30 Uhr \u2013 12:00 Uhr<br \/>\nFreitag 15:00 Uhr \u2013 17:00 Uhr<\/p>\n","protected":false},"excerpt":{"rendered":"<p>\u00d6ffnungszeiten Pfarrb\u00fcro Das Pfarrb\u00fcro ist von 04.08. bis 08.09. geschlossen. Ab 09.09. sind wir wieder zu den gewohnten \u00d6ffnungszeiten f\u00fcr sie da. Wir laden Sie herzlich zum feierlichen Einf\u00fchrungsgottesdienst von Pater Paul, Pater Darius und Pater Lukas ein. Der Gottesdienst findet statt am: Sonntag, den 14. September 2025, um 16.00 Uhr in der Pfarrkirche Elsendorf &hellip; <a href=\"https:\/\/www.pfarrei-elsendorf.de\/content\/messintentionen-und-mitteilungsblatt-bis-30-09-2025\/\" class=\"more-link\"><span class=\"screen-reader-text\">MESSINTENTIONEN UND MITTEILUNGSBLATT BIS 30.09.2025<\/span> weiterlesen <span class=\"meta-nav\">&rarr;<\/span><\/a><\/p>\n","protected":false},"author":1,"featured_media":0,"comment_status":"closed","ping_status":"closed","sticky":false,"template":"","format":"standard","meta":{"footnotes":""},"categories":[1,9],"tags":[],"class_list":["post-1402","post","type-post","status-publish","format-standard","hentry","category-allgemein","category-archiv"],"_links":{"self":[{"href":"https:\/\/www.pfarrei-elsendorf.de\/content\/wp-json\/wp\/v2\/posts\/1402","targetHints":{"allow":["GET"]}}],"collection":[{"href":"https:\/\/www.pfarrei-elsendorf.de\/content\/wp-json\/wp\/v2\/posts"}],"about":[{"href":"https:\/\/www.pfarrei-elsendorf.de\/content\/wp-json\/wp\/v2\/types\/post"}],"author":[{"embeddable":true,"href":"https:\/\/www.pfarrei-elsendorf.de\/content\/wp-json\/wp\/v2\/users\/1"}],"replies":[{"embeddable":true,"href":"https:\/\/www.pfarrei-elsendorf.de\/content\/wp-json\/wp\/v2\/comments?post=1402"}],"version-history":[{"count":1,"href":"https:\/\/www.pfarrei-elsendorf.de\/content\/wp-json\/wp\/v2\/posts\/1402\/revisions"}],"predecessor-version":[{"id":1403,"href":"https:\/\/www.pfarrei-elsendorf.de\/content\/wp-json\/wp\/v2\/posts\/1402\/revisions\/1403"}],"wp:attachment":[{"href":"https:\/\/www.pfarrei-elsendorf.de\/content\/wp-json\/wp\/v2\/media?parent=1402"}],"wp:term":[{"taxonomy":"category","embeddable":true,"href":"https:\/\/www.pfarrei-elsendorf.de\/content\/wp-json\/wp\/v2\/categories?post=1402"},{"taxonomy":"post_tag","embeddable":true,"href":"https:\/\/www.pfarrei-elsendorf.de\/content\/wp-json\/wp\/v2\/tags?post=1402"}],"curies":[{"name":"wp","href":"https:\/\/api.w.org\/{rel}","templated":true}]}}