{"id":168,"date":"2016-07-03T19:48:52","date_gmt":"2016-07-03T17:48:52","guid":{"rendered":"http:\/\/www.pfarrei-elsendorf.de\/content\/?p=168"},"modified":"2016-10-22T19:29:16","modified_gmt":"2016-10-22T17:29:16","slug":"messintentionen-und-mitteilungsblatt-vom-05-07-17-09-2016","status":"publish","type":"post","link":"https:\/\/www.pfarrei-elsendorf.de\/content\/messintentionen-und-mitteilungsblatt-vom-05-07-17-09-2016\/","title":{"rendered":"Messintentionen und Mitteilungsblatt vom 05.07. \u2013 17.09.2016"},"content":{"rendered":"<p style=\"text-align: center;\">Messintentionen und Mitteilungsblatt<br \/>\nf\u00fcr die Pfarreiengemeinschaft<br \/>\nElsendorf \uf0a7 Appersdorf \uf0a7 Berghausen Nr. 10 bis 17.09.2016<\/p>\n<p style=\"text-align: justify;\"><!-- [if lt IE 9]>\n<script src=\"http:\/\/www.pfarrei-elsendorf.de\/content\/wp-content\/themes\/twentyfourteen\/js\/html5.js\"><\/script>\n\t<![endif]--><script type=\"text\/javascript\">\/\/ <![CDATA[\nwindow._wpemojiSettings = {\"baseUrl\":\"https:\\\/\\\/s.w.org\\\/images\\\/core\\\/emoji\\\/72x72\\\/\",\"ext\":\".png\",\"source\":{\"concatemoji\":\"http:\\\/\\\/www.pfarrei-elsendorf.de\\\/content\\\/wp-includes\\\/js\\\/wp-emoji-release.min.js?ver=a76160b6405b4dc9fc890a7c5c1bb991\"}}; !function(a,b,c){function d(a){var c,d,e,f=b.createElement(\"canvas\"),g=f.getContext&#038;&#038;f.getContext(\"2d\"),h=String.fromCharCode;if(!g||!g.fillText)return!1;switch(g.textBaseline=\"top\",g.font=\"600 32px Arial\",a){case\"flag\":return g.fillText(h(55356,56806,55356,56826),0,0),f.toDataURL().length>3e3;case\"diversity\":return g.fillText(h(55356,57221),0,0),c=g.getImageData(16,16,1,1).data,d=c[0]+\",\"+c[1]+\",\"+c[2]+\",\"+c[3],g.fillText(h(55356,57221,55356,57343),0,0),c=g.getImageData(16,16,1,1).data,e=c[0]+\",\"+c[1]+\",\"+c[2]+\",\"+c[3],d!==e;case\"simple\":return g.fillText(h(55357,56835),0,0),0!==g.getImageData(16,16,1,1).data[0];case\"unicode8\":return g.fillText(h(55356,57135),0,0),0!==g.getImageData(16,16,1,1).data[0]}return!1}function e(a){var c=b.createElement(\"script\");c.src=a,c.type=\"text\/javascript\",b.getElementsByTagName(\"head\")[0].appendChild(c)}var f,g,h,i;for(i=Array(\"simple\",\"flag\",\"unicode8\",\"diversity\"),c.supports={everything:!0,everythingExceptFlag:!0},h=0;h<i.length;h++)c.supports[i[h]]=d(i[h]),c.supports.everything=c.supports.everything&#038;&#038;c.supports[i[h]],\"flag\"!==i[h]&#038;&#038;(c.supports.everythingExceptFlag=c.supports.everythingExceptFlag&#038;&#038;c.supports[i[h]]);c.supports.everythingExceptFlag=c.supports.everythingExceptFlag&#038;&#038;!c.supports.flag,c.DOMReady=!1,c.readyCallback=function(){c.DOMReady=!0},c.supports.everything||(g=function(){c.readyCallback()},b.addEventListener?(b.addEventListener(\"DOMContentLoaded\",g,!1),a.addEventListener(\"load\",g,!1)):(a.attachEvent(\"onload\",g),b.attachEvent(\"onreadystatechange\",function(){\"complete\"===b.readyState&#038;&#038;c.readyCallback()})),f=c.source||{},f.concatemoji?e(f.concatemoji):f.wpemoji&#038;&#038;f.twemoji&#038;&#038;(e(f.twemoji),e(f.wpemoji)))}(window,document,window._wpemojiSettings);\n\/\/ ]]><\/script><script src=\"http:\/\/www.pfarrei-elsendorf.de\/content\/wp-includes\/js\/wp-emoji-release.min.js?ver=a76160b6405b4dc9fc890a7c5c1bb991\" type=\"text\/javascript\"><\/script><!-- [if lt IE 9]>\n \t \t \t \t \t \t \t<link rel='stylesheet' id='twentyfourteen-ie-css' href='http:\/\/www.pfarrei-elsendorf.de\/content\/wp-content\/themes\/twentyfourteen\/css\/ie.css?ver=20131205' type='text\/css' media='all' \/>\n<![endif]--><script src=\"http:\/\/www.pfarrei-elsendorf.de\/content\/wp-includes\/js\/jquery\/jquery.js?ver=1.12.4\" type=\"text\/javascript\"><\/script><script src=\"http:\/\/www.pfarrei-elsendorf.de\/content\/wp-includes\/js\/jquery\/jquery-migrate.min.js?ver=1.4.1\" type=\"text\/javascript\"><\/script><script type=\"text\/javascript\">\/\/ <![CDATA[\n(function(url){\n\tif(\/(?:Chrome\\\/26\\.0\\.1410\\.63 Safari\\\/537\\.31|WordfenceTestMonBot)\/.test(navigator.userAgent)){ return; }\n\tvar addEvent = function(evt, handler) {\n\t\tif (window.addEventListener) {\n\t\t\tdocument.addEventListener(evt, handler, false);\n\t\t} else if (window.attachEvent) {\n\t\t\tdocument.attachEvent('on' + evt, handler);\n\t\t}\n\t};\n\tvar removeEvent = function(evt, handler) {\n\t\tif (window.removeEventListener) {\n\t\t\tdocument.removeEventListener(evt, handler, false);\n\t\t} else if (window.detachEvent) {\n\t\t\tdocument.detachEvent('on' + evt, handler);\n\t\t}\n\t};\n\tvar evts = 'contextmenu dblclick drag dragend dragenter dragleave dragover dragstart drop keydown keypress keyup mousedown mousemove mouseout mouseover mouseup mousewheel scroll'.split(' ');\n\tvar logHuman = function() {\n\t\tvar wfscr = document.createElement('script');\n\t\twfscr.type = 'text\/javascript';\n\t\twfscr.async = true;\n\t\twfscr.src = url + '&#038;r=' + Math.random();\n\t\t(document.getElementsByTagName('head')[0]||document.getElementsByTagName('body')[0]).appendChild(wfscr);\n\t\tfor (var i = 0; i < evts.length; i++) {\n\t\t\tremoveEvent(evts[i], logHuman);\n\t\t}\n\t};\n\tfor (var i = 0; i < evts.length; i++) { addEvent(evts[i], logHuman); } })('\/\/www.pfarrei-elsendorf.de\/content\/?wordfence_logHuman=1&#038;hid=B38CDC17ED18CAF45D5513F9712B584F');\n\/\/ ]]><\/script><script src=\"\/\/www.pfarrei-elsendorf.de\/content\/?wordfence_logHuman=1&amp;hid=B38CDC17ED18CAF45D5513F9712B584F&amp;r=0.17675864699162302\" async=\"\" type=\"text\/javascript\"><\/script><script src=\"\/\/www.pfarrei-elsendorf.de\/content\/?wordfence_logHuman=1&amp;#038;hid=439FF4E0310A61F405999C5420B8A33D&amp;#038;r=0.7964168441600519\" async=\"\" type=\"text\/javascript\"><\/script><\/p>\n<div id=\"page\" style=\"text-align: justify;\">\n<div id=\"main\">\n<div id=\"primary\">\n<div id=\"content\">\n<article id=\"post-155\">\n<div>\n<p>lsendorfer Kirchenspatzen<br \/>\nFreitag, 15.7. 16.15 \u2013 17.15 Uhr Singstunde im Pfarrheim<br \/>\nSonntag, 17.7. 9.45 Uhr Einsingen f\u00fcr Gottesdienst beim TV Meilenhofen<br \/>\nFreitag, 29.7. 16.15 \u2013 17.15 Uhr Singstunde im Pfarrheim<br \/>\nSonntag, 31.7. 9.15 Uhr Einsingen f\u00fcr FamGO beim Sportplatz TSV Elsendorf<br \/>\nFreitag, 16.9. 16.15 \u2013 17.15 Uhr Singstunde im Pfarrheim<\/p>\n<\/div>\n<\/article>\n<\/div>\n<\/div>\n<\/div>\n<\/div>\n<p style=\"text-align: justify;\">Terra Nova<br \/>\nFreitag, 15.7. 19.30 Uhr Probe im Pfarrheim<br \/>\nFreitag 26.8. 19.30 Uhr Probe im Pfarrheim<br \/>\nSamstag, 27.8. 12.00 Uhr Einsingen Hochzeit Hirsch in St. Anton<br \/>\nFreitag, 9.9. 19.30 Uhr Probe im Pfarrheim<br \/>\nFreitag, 23.9. 19.30 Uhr Probe im Pfarrheim<\/p>\n<p style=\"text-align: justify;\">Kirchenchor<br \/>\nMontag, 18.7. 19.30 Uhr Singstunde in der Pfarrkirche<\/p>\n<p style=\"text-align: justify;\">KDFB Elsendorf \u2013 Appersdorf \u2013 Mallmersdorf<br \/>\nAm Freitag, den 8 Juli startet der Frauenbund mit Pfarrer Albert Vogl seinen 3-Tage-Ausflug, diesmal in den Schwarzwald.<\/p>\n<p style=\"text-align: justify;\">Vor Maria Himmelfahrt werden wieder Kr\u00e4uterbuschen gefertigt, Kr\u00e4uter- und Blumenspenden sind sehr willkommen. Bei den Gottesdiensten am 14. und 15. August werden sie gesegnet und nach der hl. Messe zum Preis von 3 \u20ac pro St\u00fcck verkauft.<\/p>\n<p style=\"text-align: justify;\">Gesamtpfarrgemeinderat<br \/>\nZur Sitzung am Mittwoch, 13.7. um 19.45 Uhr im Pfarrheim sind alle Mitglieder geladen.<\/p>\n<p style=\"text-align: justify;\">Ausflug der Ministranten der Pfarreiengemeinschaft<br \/>\nAm Samstag, den 16. Juli startet die Jugend mit Pfarrer Albert Vogl um 9 Uhr am Kirchplatz in Elsendorf. Die R\u00fcckkehr ist noch offen und wird durch Aushang und Vermeldung bekannt gegeben. Bitte bilden Sie Fahrgemeinschaften. Festes Schuhwerk, Rucksack mit einer Brotzeit und Getr\u00e4nk, Regenschutz und ein kleines Taschengeld mitnehmen. Zuerst wird die Burg Wolfsegg besichtigt. Zum anschlie\u00dfenden Mittagessen sind die Teilnehmer eingeladen. Das weitere Programm wird noch bekannt gegeben.<\/p>\n<p style=\"text-align: justify;\">\u00dc-60<br \/>\nZum sommerlichen Grillfest im Pfarrgarten am 28. Juli sind alle &#8222;\u00dcber&#8220;-60 (Jahre) herzlich willkommen. Die Organisatorinnen bitten wieder um das Mitbringen eines Salates, wenn m\u00f6glich telefonische R\u00fccksprache mit Martha Forster.<\/p>\n<p style=\"text-align: justify;\">Gratulation<br \/>\nPfarrer i. R. Siegfried Felber am 29. Juli und Pfarrer i. R. Josef Schinagl am 12. August begehen dieses Jahr ihren 80. Geburtstag. Wir freuen uns immer, wenn sie bei uns einen Gottesdienst feiern und gratulieren zu diesem Jubil\u00e4um und w\u00fcnschen ihnen Gottes Segen f\u00fcr die weiteren Lebensjahre.<\/p>\n<p style=\"text-align: justify;\">Pfarrbrief<br \/>\nWir danken allen unseren ehrenamtlichen Pfarrbriefaustr\u00e4gern, die Ihnen p\u00fcnktlich den neuen Pfarrbrief ausliefern. Zum Schuljahresende verabschieden wir aus diesen Reihen die Br\u00fcder Christoph und Markus Fischer, die den Bereich Weinberg und G\u00e4nsdr\u00fcssel betreut haben. Jonas und Simon Jungbauer werden dieses Gebiet \u00fcbernehmen. In Appersdorf \u00fcbergibt Anneliese Sturm ihren Bereich an Luise Inderst.<\/p>\n<p>Falls jemand, der daran Interesse hat, noch keinen Pfarrbrief erh\u00e4lt, oder wenn ihn jemand in Zukunft nicht mehr braucht, melden Sie sich bitte im Pfarrb\u00fcro.<br \/>\nDie Erstellung des Pfarrbriefs ist auch mit einem gewissen finanziellen Aufwand f\u00fcr Papier und Drucker verbunden. Deshalb bitten wir alle Leser um ihren Beitrag. Sie k\u00f6nnen diesen bei den Kollekten am 16. und 17. Juli im Gottesdienst abgeben, oder wie das viele tun direkt im Pfarrb\u00fcro oder durch eine \u00dcberweisung auf eines der Konten der Kirchenstiftungen.<\/p>\n<p>Elsendorf:<br \/>\nSparkasse Mainburg IBAN DE46 7505 1565 0000 3100 03<br \/>\nRaiba Hallertau IBAN DE27 7016 9693 0001 1113 02<\/p>\n<p style=\"text-align: justify;\">Appersdorf:<br \/>\nSparkasse Mainburg IBAN DE20 7505 1565 0000 0294 62<\/p>\n<p style=\"text-align: justify;\">Berghausen<br \/>\nSparkasse Mainburg IBAN DE39 7505 1565 0000 3124 47<\/p>\n<p style=\"text-align: justify;\">Raiba Hallertau IBAN DE97 7016 9693 0001 1106 24<\/p>\n<p style=\"text-align: justify;\">Am Sonntag, 28.8. findet in St. Anton um 13 Uhr und um 15 Uhr eine halbst\u00fcndige Klangmeditation statt. Weitere Infos unter<br \/>\nwww.Klang-K\u00f6rper-Kunst.<\/p>\n<p style=\"text-align: justify;\" align=\"CENTER\">Herzliche Einladung zum Ferienprogramm<br \/>\n&#8222;Pfeiferl, Trepperl und Guckerl&#8220;<br \/>\nauf Entdeckungstour durch die Pfarrkirche Elsendorf<br \/>\nmit Pfarrer Albert Vogl und den Organisten<br \/>\nf\u00fcr Kinder ab 8 Jahren am Montag, 29.8.16 10 \u2013 12.30 Uhr<br \/>\nEinzelheiten im Ferienprogramm 2016<\/p>\n<p style=\"text-align: justify;\">Pfarramt \/ Pfarrb\u00fcro<br \/>\nIn dringenden seelsorglichen Angelegenheiten, wie Krankensalbung oder einem Todesfall setzen Sie sich w\u00e4hrend der Abwesenheit von Pfarrer Albert Vogl , 17. Juli \u2013 15. August, bitte direkt mit dem Kloster in Mainburg in Verbindung, Tel. 08751 \u2013 87 26 0.<\/p>\n<p style=\"text-align: justify;\">F\u00fcr einen Sterbefall h\u00e4ngt im Schaukasten Elsendorf eine Info mit allen relevanten Namen und Daten.<\/p>\n<p style=\"text-align: justify;\">Das Pfarrb\u00fcro ist im August nur dienstags ge\u00f6ffnet.<\/p>\n<p style=\"text-align: justify;\">Von 22. August \u2013 11. September ist das Pfarrb\u00fcro nicht besetzt.<\/p>\n<p style=\"text-align: justify;\">Das Pfarramt hat unter der Nummer 245 einen Anrufbeantworter. Bitte nutzen Sie diese M\u00f6glichkeit Ihr Anliegen mitzuteilen. Vergessen Sie vor allem nicht dabei Ihre Telefonnummer zu nennen, damit wir Sie zur\u00fcckrufen k\u00f6nnen.<\/p>\n<p style=\"text-align: justify;\">Pfarrwallfahrt nach Bettbrunn am 3. Samstag im September<br \/>\nAlle Pfarrangeh\u00f6rigen mit Kindern und Jugendlichen und gerne auch \u201eAusw\u00e4rtige\u201c sind eingeladen miteinander nach Bettbrunn zu pilgern.<br \/>\nDie Organisation der Wallfahrt liegt in den bew\u00e4hrten H\u00e4nden von Tom Polz. Abgang mit dem Reisesegen ist in Appersdorf um 5.30 Uhr, in Elsendorf um 5.35 Uhr, jeweils in der Pfarrkirche. Die gesamte Strecke betr\u00e4gt<br \/>\n33 km, l\u00e4ngere Pausen werden in Schwaig (Fr\u00fchst\u00fcck) und Oberdolling (Mittagessen) eingelegt.<br \/>\nDie Wallfahrer werden vom Sanit\u00e4tsteam des Roten Kreuzes medizinisch betreut und mit einem Kleinbus begleitet, der auch das Gep\u00e4ck bef\u00f6rdern kann. Wer nicht den gesamten Weg gehen kann, f\u00e4hrt mit einem Bus bis zu einer Zwischenstation: der erste Bus f\u00e4hrt nach Oberdolling, von dort aus kann man die letzten 7 km auf einem sch\u00f6nen Waldweg zu Fu\u00df mitpilgern. Der zweite Bus f\u00e4hrt direkt nach Bettbrunn zum Gottesdienst um 15 Uhr.<br \/>\nEs gelten folgende Zusteigem\u00f6glichkeiten:<br \/>\nMeilenhofen Bushaltestelle Hauptstr.: 1.Bus 11.50 Uhr 2.Bus 13.35 Uhr<br \/>\nBerghausen Gasthaus Gschl\u00f6\u00dfl: 1.Bus 12.00 Uhr 2.Bus 13.45 Uhr<br \/>\nHaunsbach Obere Bushaltest. (Maier): 1.Bus 12.05 Uhr 2.Bus 13.50 Uhr<br \/>\nAppersdorf Bushaltestelle Hauptstr.: 1.Bus 12.10 Uhr 2.Bus 13.55 Uhr<br \/>\nElsendorf Kirchplatz: 1.Bus 12.15 Uhr 2.Bus 14.00 Uhr<br \/>\nDie R\u00fcckfahrt der Busse erfolgt direkt nach dem Gottesdienst gegen 15.45 Uhr. Der Fahrpreis betr\u00e4gt 5 \u20ac, Kinder sind frei. Es besteht die M\u00f6glichkeit in Bettbrunn einzukehren. Da jedoch in den letzten Jahren die Nachfrage sehr gering war, kann daf\u00fcr kein Bus eingesetzt werden.<br \/>\nEin herzliches Vergelt\u00b4s Gott unserem Cheforganisator Tom Polz, den Kreuztr\u00e4gern, Lautsprechertr\u00e4gern und Vorbetern und dem Pfarrgemeinderat f\u00fcr die Erwirtschaftung des Buszuschusses beim Pfarrfest. Gottes Segen f\u00fcr alle Teilnehmer!<\/p>\n<p style=\"text-align: justify;\"><!-- [if lt IE 9]>\n<script src=\"http:\/\/www.pfarrei-elsendorf.de\/content\/wp-content\/themes\/twentyfourteen\/js\/html5.js\"><\/script>\n\t<![endif]--><script type=\"text\/javascript\">\/\/ <![CDATA[\nwindow._wpemojiSettings = {\"baseUrl\":\"https:\\\/\\\/s.w.org\\\/images\\\/core\\\/emoji\\\/72x72\\\/\",\"ext\":\".png\",\"source\":{\"concatemoji\":\"http:\\\/\\\/www.pfarrei-elsendorf.de\\\/content\\\/wp-includes\\\/js\\\/wp-emoji-release.min.js?ver=a76160b6405b4dc9fc890a7c5c1bb991\"}}; !function(a,b,c){function d(a){var c,d,e,f=b.createElement(\"canvas\"),g=f.getContext&#038;&#038;f.getContext(\"2d\"),h=String.fromCharCode;if(!g||!g.fillText)return!1;switch(g.textBaseline=\"top\",g.font=\"600 32px Arial\",a){case\"flag\":return g.fillText(h(55356,56806,55356,56826),0,0),f.toDataURL().length>3e3;case\"diversity\":return g.fillText(h(55356,57221),0,0),c=g.getImageData(16,16,1,1).data,d=c[0]+\",\"+c[1]+\",\"+c[2]+\",\"+c[3],g.fillText(h(55356,57221,55356,57343),0,0),c=g.getImageData(16,16,1,1).data,e=c[0]+\",\"+c[1]+\",\"+c[2]+\",\"+c[3],d!==e;case\"simple\":return g.fillText(h(55357,56835),0,0),0!==g.getImageData(16,16,1,1).data[0];case\"unicode8\":return g.fillText(h(55356,57135),0,0),0!==g.getImageData(16,16,1,1).data[0]}return!1}function e(a){var c=b.createElement(\"script\");c.src=a,c.type=\"text\/javascript\",b.getElementsByTagName(\"head\")[0].appendChild(c)}var f,g,h,i;for(i=Array(\"simple\",\"flag\",\"unicode8\",\"diversity\"),c.supports={everything:!0,everythingExceptFlag:!0},h=0;h<i.length;h++)c.supports[i[h]]=d(i[h]),c.supports.everything=c.supports.everything&#038;&#038;c.supports[i[h]],\"flag\"!==i[h]&#038;&#038;(c.supports.everythingExceptFlag=c.supports.everythingExceptFlag&#038;&#038;c.supports[i[h]]);c.supports.everythingExceptFlag=c.supports.everythingExceptFlag&#038;&#038;!c.supports.flag,c.DOMReady=!1,c.readyCallback=function(){c.DOMReady=!0},c.supports.everything||(g=function(){c.readyCallback()},b.addEventListener?(b.addEventListener(\"DOMContentLoaded\",g,!1),a.addEventListener(\"load\",g,!1)):(a.attachEvent(\"onload\",g),b.attachEvent(\"onreadystatechange\",function(){\"complete\"===b.readyState&#038;&#038;c.readyCallback()})),f=c.source||{},f.concatemoji?e(f.concatemoji):f.wpemoji&#038;&#038;f.twemoji&#038;&#038;(e(f.twemoji),e(f.wpemoji)))}(window,document,window._wpemojiSettings);\n\/\/ ]]><\/script><script src=\"http:\/\/www.pfarrei-elsendorf.de\/content\/wp-includes\/js\/wp-emoji-release.min.js?ver=a76160b6405b4dc9fc890a7c5c1bb991\" type=\"text\/javascript\"><\/script><!-- [if lt IE 9]>\n \t \t \t \t \t \t \t<link rel='stylesheet' id='twentyfourteen-ie-css' href='http:\/\/www.pfarrei-elsendorf.de\/content\/wp-content\/themes\/twentyfourteen\/css\/ie.css?ver=20131205' type='text\/css' media='all' \/>\n<![endif]--><script src=\"http:\/\/www.pfarrei-elsendorf.de\/content\/wp-includes\/js\/jquery\/jquery.js?ver=1.12.4\" type=\"text\/javascript\"><\/script><script src=\"http:\/\/www.pfarrei-elsendorf.de\/content\/wp-includes\/js\/jquery\/jquery-migrate.min.js?ver=1.4.1\" type=\"text\/javascript\"><\/script><script type=\"text\/javascript\">\/\/ <![CDATA[\n(function(url){\n\tif(\/(?:Chrome\\\/26\\.0\\.1410\\.63 Safari\\\/537\\.31|WordfenceTestMonBot)\/.test(navigator.userAgent)){ return; }\n\tvar addEvent = function(evt, handler) {\n\t\tif (window.addEventListener) {\n\t\t\tdocument.addEventListener(evt, handler, false);\n\t\t} else if (window.attachEvent) {\n\t\t\tdocument.attachEvent('on' + evt, handler);\n\t\t}\n\t};\n\tvar removeEvent = function(evt, handler) {\n\t\tif (window.removeEventListener) {\n\t\t\tdocument.removeEventListener(evt, handler, false);\n\t\t} else if (window.detachEvent) {\n\t\t\tdocument.detachEvent('on' + evt, handler);\n\t\t}\n\t};\n\tvar evts = 'contextmenu dblclick drag dragend dragenter dragleave dragover dragstart drop keydown keypress keyup mousedown mousemove mouseout mouseover mouseup mousewheel scroll'.split(' ');\n\tvar logHuman = function() {\n\t\tvar wfscr = document.createElement('script');\n\t\twfscr.type = 'text\/javascript';\n\t\twfscr.async = true;\n\t\twfscr.src = url + '&#038;r=' + Math.random();\n\t\t(document.getElementsByTagName('head')[0]||document.getElementsByTagName('body')[0]).appendChild(wfscr);\n\t\tfor (var i = 0; i < evts.length; i++) {\n\t\t\tremoveEvent(evts[i], logHuman);\n\t\t}\n\t};\n\tfor (var i = 0; i < evts.length; i++) { addEvent(evts[i], logHuman); } })('\/\/www.pfarrei-elsendorf.de\/content\/?wordfence_logHuman=1&#038;hid=B38CDC17ED18CAF45D5513F9712B584F');\n\/\/ ]]><\/script><script src=\"\/\/www.pfarrei-elsendorf.de\/content\/?wordfence_logHuman=1&amp;hid=B38CDC17ED18CAF45D5513F9712B584F&amp;r=0.17675864699162302\" async=\"\" type=\"text\/javascript\"><\/script><script src=\"\/\/www.pfarrei-elsendorf.de\/content\/?wordfence_logHuman=1&amp;#038;hid=439FF4E0310A61F405999C5420B8A33D&amp;#038;r=0.7964168441600519\" async=\"\" type=\"text\/javascript\"><\/script><\/p>\n<div id=\"page\">\n<div id=\"main\">\n<div id=\"primary\">\n<div id=\"content\">\n<article id=\"post-155\">\n<div style=\"text-align: justify;\">\n<p>\u00a0Nachbarschaftshilfe 0151 \u2013 701 575 43<\/p>\n<pre>Katholisches Pfarramt Elsendorf\r\n\u00a0Mainburger Stra\u00dfe 1\r\n\u00a084094 Elsendorf\r\n\u00a0Telefon: 08753\/245\r\n\u00a0Fax: 08753\/910498\r\n\u00a0e-mail: pfarramt\u201cAT\u201celsendorf.de\r\n\u00a0www.pfarrei-elsendorf.de\r\n\u00a0B\u00fcrozeiten :\r\n\u00a0Dienstag 9 Uhr \u2013 12 Uhr\r\n\u00a0Freitag\u00a0 15 Uhr \u2013 17 Uhr<\/pre>\n<\/div>\n<\/article>\n<\/div>\n<\/div>\n<\/div>\n<\/div>\n","protected":false},"excerpt":{"rendered":"<p>Messintentionen und Mitteilungsblatt f\u00fcr die Pfarreiengemeinschaft Elsendorf \uf0a7 Appersdorf \uf0a7 Berghausen Nr. 10 bis 17.09.2016 lsendorfer Kirchenspatzen Freitag, 15.7. 16.15 \u2013 17.15 Uhr Singstunde im Pfarrheim Sonntag, 17.7. 9.45 Uhr Einsingen f\u00fcr Gottesdienst beim TV Meilenhofen Freitag, 29.7. 16.15 \u2013 17.15 Uhr Singstunde im Pfarrheim Sonntag, 31.7. 9.15 Uhr Einsingen f\u00fcr FamGO beim Sportplatz TSV &hellip; <a href=\"https:\/\/www.pfarrei-elsendorf.de\/content\/messintentionen-und-mitteilungsblatt-vom-05-07-17-09-2016\/\" class=\"more-link\"><span class=\"screen-reader-text\">Messintentionen und Mitteilungsblatt vom 05.07. \u2013 17.09.2016<\/span> weiterlesen <span class=\"meta-nav\">&rarr;<\/span><\/a><\/p>\n","protected":false},"author":1,"featured_media":0,"comment_status":"closed","ping_status":"closed","sticky":false,"template":"","format":"standard","meta":{"footnotes":""},"categories":[9],"tags":[],"class_list":["post-168","post","type-post","status-publish","format-standard","hentry","category-archiv"],"_links":{"self":[{"href":"https:\/\/www.pfarrei-elsendorf.de\/content\/wp-json\/wp\/v2\/posts\/168","targetHints":{"allow":["GET"]}}],"collection":[{"href":"https:\/\/www.pfarrei-elsendorf.de\/content\/wp-json\/wp\/v2\/posts"}],"about":[{"href":"https:\/\/www.pfarrei-elsendorf.de\/content\/wp-json\/wp\/v2\/types\/post"}],"author":[{"embeddable":true,"href":"https:\/\/www.pfarrei-elsendorf.de\/content\/wp-json\/wp\/v2\/users\/1"}],"replies":[{"embeddable":true,"href":"https:\/\/www.pfarrei-elsendorf.de\/content\/wp-json\/wp\/v2\/comments?post=168"}],"version-history":[{"count":7,"href":"https:\/\/www.pfarrei-elsendorf.de\/content\/wp-json\/wp\/v2\/posts\/168\/revisions"}],"predecessor-version":[{"id":175,"href":"https:\/\/www.pfarrei-elsendorf.de\/content\/wp-json\/wp\/v2\/posts\/168\/revisions\/175"}],"wp:attachment":[{"href":"https:\/\/www.pfarrei-elsendorf.de\/content\/wp-json\/wp\/v2\/media?parent=168"}],"wp:term":[{"taxonomy":"category","embeddable":true,"href":"https:\/\/www.pfarrei-elsendorf.de\/content\/wp-json\/wp\/v2\/categories?post=168"},{"taxonomy":"post_tag","embeddable":true,"href":"https:\/\/www.pfarrei-elsendorf.de\/content\/wp-json\/wp\/v2\/tags?post=168"}],"curies":[{"name":"wp","href":"https:\/\/api.w.org\/{rel}","templated":true}]}}