{"id":177,"date":"2016-10-16T09:17:25","date_gmt":"2016-10-16T07:17:25","guid":{"rendered":"http:\/\/www.pfarrei-elsendorf.de\/content\/?p=177"},"modified":"2016-12-20T13:01:08","modified_gmt":"2016-12-20T12:01:08","slug":"gottesdienstordnung-vom-18-10-13-11-2016","status":"publish","type":"post","link":"https:\/\/www.pfarrei-elsendorf.de\/content\/gottesdienstordnung-vom-18-10-13-11-2016\/","title":{"rendered":"Gottesdienstordnung vom 18.10. &#8211; 13.11.2016"},"content":{"rendered":"<p lang=\"de-DE\"><strong>Dienstag, 18.10. Hl. Lukas, Evangelist<\/strong><br \/>\nElsendorf 17.50 Uhr Rosenkranzandacht<br \/>\nElsendorf 18.00 Uhr Hilde Sp\u00e4th f\u00fcr + Mathilde und Katharina Br\u00fccklmaier<br \/>\nFamilie Kallm\u00fcnzer f\u00fcr + Maria und Eduard Wagner<\/p>\n<p lang=\"de-DE\"><strong>Mittwoch, 19.10.<\/strong><br \/>\nHaunsbach 18.00 Uhr Ida Wagner f\u00fcr + Ehemann<br \/>\nMartha K\u00f6nig f\u00fcr Gertraud Aumann<br \/>\nJosef Thalmair f\u00fcr Vater z. Sttg. und + Mutter<br \/>\nErhard Huber und Sonya H\u00f6fling f\u00fcr + Vater Erhard Huber<br \/>\nAndreas und Maria Krojer f\u00fcr + Eltern und Geschwister<\/p>\n<p lang=\"de-DE\"><strong>Donnerstag, 20.10. Hl. Wendelin, Einsiedler im Saarland<\/strong><br \/>\nMeilenhofen 19.00 Uhr Familie Carmen Zeilbeck f\u00fcr + Ehemann und Vater<br \/>\nSophie Weinberger f\u00fcr + Eltern und + Bruder<br \/>\nFamilie Scharl f\u00fcr + Inge Sommerer<br \/>\nGeschwister Haindl f\u00fcr + Eltern<br \/>\nFamilie Emmi Huber f\u00fcr + Lukas Hierl<\/p>\n<p><strong>Samstag, 22.10. V o r a b e n d g o t t e s d i e n s t<\/strong><br \/>\nElsendorf 18.00 Uhr Helga Schwarz f\u00fcr + Eltern<br \/>\nFamilie Georg Brunner f\u00fcr + Eltern<br \/>\nFamilie Daser f\u00fcr + Mutter und + Neffen<br \/>\nGeschwister Eisenschenk f\u00fcr Mutter z. Geb. u. Sttg.<br \/>\nMondscheinbr\u00fcder Appersdorf f\u00fcr + Mitglieder<\/p>\n<p lang=\"de-DE\"><strong>Sonntag, 23.10. 30. SONNTAG IM JAHRESKREIS Missi<\/strong><br \/>\nBerghausen 9.00 Uhr Familie Haas f\u00fcr + Gro\u00dfeltern bds. und Verwandte<br \/>\nLudwig Gschl\u00f6\u00dfl f\u00fcr + Mutter Magdalena z. Sttg.<br \/>\nCenta Haltmaier f\u00fcr + Eltern und Schwiegereltern<br \/>\nFam. Thomas Kramschuster zu Ehren d. Rosenkranzk\u00f6nigin<br \/>\nAnna Liedl f\u00fcr + Eltern<br \/>\n2. leb. Rosenkranz f\u00fcr + Mitglied Maria Maier<\/p>\n<p>Appersdorf 10.00 Uhr P f a r r g o t t e s d i e n s t<br \/>\nFamilie Bachmeier f\u00fcr + Josef Bachmeier<br \/>\nLeonhard Br\u00fccklmaier f\u00fcr + Ehefrau<br \/>\nFamilie Georg Karber f\u00fcr + Eltern<br \/>\nmusik. Gestaltung Terra Nova am Weltmissionssonntag<\/p>\n<p lang=\"de-DE\"><strong>Mittwoch, 26.10.<\/strong><br \/>\nSchlo\u00dfkapelle 18.00 Uhr Familie Hannelore Hausler f\u00fcr + Ehemann<\/p>\n<p lang=\"de-DE\"><strong>Donnerstag, 27.10.<\/strong><br \/>\nMeilenhofen 19.00 Uhr Familie Johann Deindl f\u00fcr + Eltern<br \/>\nAntonia Plank f\u00fcr + Christa und Ludwig Zierer<br \/>\nFamilie Regina Necker f\u00fcr Mutter z. Sttg.<br \/>\nFam. Olga Gr\u00fcnberger f\u00fcr + Johann u. Franziska Deindl<br \/>\nMaria Niedermeier f\u00fcr + Anna und Andreas Limmer<\/p>\n<p lang=\"de-DE\"><strong>Freitag, 28.10. Hl. Simon u. Hl. Judas Thadd\u00e4us, Apostel<\/strong><br \/>\nElsendorf 15.30 Uhr S c h \u00fc l e r g o t t e s d i e n s t<br \/>\nStiftsmesse f\u00fcr + Familie Holzapfel<\/p>\n<p lang=\"de-DE\"><strong>Samstag, 29.10. V o r a b e n d g o t t e s d i e n s t<\/strong><br \/>\nElsendorf 14.00 Uhr T a u f e Julia Friedl<br \/>\n18.00 Uhr Franz und Gerda Meister f\u00fcr + Vater Franz Meister<br \/>\nL\u00f6wenfreunde Elsendorf f\u00fcr die + Mitglieder<br \/>\nFranz Hirmer f\u00fcr + Arbeitskollegen Franz Wagner<br \/>\nFrieda Weiher f\u00fcr + Margot Wagner und Hilde Br\u00fccklmaier<\/p>\n<p>S<strong>onntag, 30.10. 31. SONNTAG IM JAHRESKREIS<\/strong><br \/>\nElsendorf 9.00 Uhr P f a r r g o t t e s d i e n s t<br \/>\nF. Raab u. Hohmann f\u00fcr + Regina und Edmund Hohmann<br \/>\nGeschwister Mayer f\u00fcr Vater Josef z. 15. Sttg.<br \/>\nWilli u. Inge Hofbauer f\u00fcr + Schwiegersohn Wolfgang Inderst<\/p>\n<p>Appersdorf 10.00 Uhr Ursula Weingartner f\u00fcr + Vater, Bruder und Verwandte<br \/>\nElfriede Hunglinger f\u00fcr + Bruder Alfons Oberndorfer<\/p>\n<p><strong>Montag, 31.10. <\/strong><strong>V o r a b e n d g o t t e s d i e n s t Allerheiligen<\/strong><br \/>\nElsendorf 18.00 Uhr Familie Anna Lanzl f\u00fcr + Ehemann und Vater<br \/>\nFamilie Karl Lanzl f\u00fcr + Eltern und Angeh\u00f6rige<br \/>\nBernd Huber f\u00fcr + Ehefrau Karin<br \/>\nAnton Haindl f\u00fcr + Eltern<\/p>\n<p lang=\"de-DE\"><strong>Dienstag, 01.11. HOCHFEST ALLERHEILIGEN<\/strong><br \/>\nElsendorf 9.00 Uhr A n d a c h t mit Totengedenken<br \/>\nSegnung der Gr\u00e4ber<br \/>\nmusik. Gestaltung: Kirchenchor<\/p>\n<p>Appersdorf 10.00 Uhr Familie Ginzinger f\u00fcr + Angeh\u00f6rige<br \/>\nLeonhard Br\u00fccklmaier f\u00fcr + Schwiegermutter zum Geb.<br \/>\nFamilie Renate Hartl f\u00fcr + Eltern<br \/>\nElisabeth Chiesla f\u00fcr + Vater Ludwig Polz<br \/>\nTotengedenken und Segnung der Gr\u00e4ber<\/p>\n<p lang=\"de-DE\">Berghausen 10.30 Uhr Christa Amberger f\u00fcr + Eltern und Tante Ursula<br \/>\nFamilie Maier f\u00fcr + Maria Maier<br \/>\nFamilie Schw\u00e4rzer f\u00fcr die armen Seelen<br \/>\nBerta Sedlmeier f\u00fcr + Eltern und + Bruder<br \/>\nGeorg Burger f\u00fcr + Eltern<br \/>\n1. leb. Rosenkranz f\u00fcr + Maria Maier<br \/>\nTotengedenken und Segnung der Gr\u00e4ber<\/p>\n<p lang=\"de-DE\">Meilenhofen 12.30 Uhr A n d a c h t mit Totengedenken<br \/>\nSegnung der Gr\u00e4ber<\/p>\n<p lang=\"de-DE\"><strong>Mittwoch, 02.11. Allerseelen<\/strong><br \/>\nMeilenhofen 9.00 Uhr Anna Frank f\u00fcr + Ehemann und Angeh\u00f6rige<br \/>\nRoswitha Milde f\u00fcr + Oma und + Schw.vater Familie Weinberger zu Ehren der Muttergottes<br \/>\nMaria Niedermeier f\u00fcr + Eltern und Geschwister<br \/>\nSegnung der Gr\u00e4ber<\/p>\n<p>Haunsbach 18.00 Uhr Ida Wagner f\u00fcr + Eltern und Schwestern<br \/>\nRosa Weiher f\u00fcr + Eltern und Verwandte<br \/>\nMaria Mirlach f\u00fcr + Bruder Xaver<br \/>\nAndreas und Maria Krojer f\u00fcr + 3 Schw\u00e4ger<br \/>\nTotengedenken und Segnung der Gr\u00e4ber<\/p>\n<p><strong>Samstag, 05.11. V o r a b e n d g o t t e s d i e n s t<\/strong><br \/>\nElsendorf 18.00 Uhr e. g. P f\u00fcr die armen Seelen<br \/>\nMaria Kratzer f\u00fcr + Mutter Maria Brunner<br \/>\nHilde Sp\u00e4th f\u00fcr + Eltern und Schwiegereltern<br \/>\nFamilie Johann Friedl f\u00fcr + Elisabeth Friedl<\/p>\n<p lang=\"de-DE\"><strong>Sonntag, 06.11. 32. SONNTAG IM JAHRESKREIS Diaspora<\/strong><br \/>\nElsendorf 9.00 Uhr Stiftsmesse Josef Stempfhuber f\u00fcr + Ludwig Donaubauer<br \/>\n11.30 Uhr T a u f e Hanna Schiller<\/p>\n<p>Appersdorf 10.00 Uhr Kriegerjahrtag<br \/>\nKriegerverein f\u00fcr + Mitglieder<br \/>\nP f a r r g o t t e s d i e n s t<br \/>\nSiegfried Hunglinger f\u00fcr + Eltern und Gro\u00dfeltern<br \/>\nLeonhard Br\u00fccklmaier f\u00fcr + Ehefrau<\/p>\n<p lang=\"de-DE\"><strong>Dienstag, 08.11.<\/strong><br \/>\nElsendorf 18.00 Uhr Familie Adalbert Gallmaier f\u00fcr + Eltern und Schwiegereltern<br \/>\nAnna Lanzl f\u00fcr + Eltern und Geschwister<\/p>\n<p><strong>Donnerstag, 10.11.<\/strong><br \/>\nHorneck 18.00 Uhr M o n a t s m e s s e des Frauenbundes<br \/>\nKDFB f\u00fcr + Mitglied Maria Brunner<br \/>\nFamilie Kr\u00f6pfl f\u00fcr + Schwester Severa, M\u00fcnchen<br \/>\nRita Inderst f\u00fcr + Ehemann<\/p>\n<p><strong>Freitag, 11.11. Hl. Martin, Bischof v. Tours<\/strong><br \/>\nElsendorf 16.30 Uhr A n d a c h t zu Ehren des hl. Martin<br \/>\nSamstag, 12.11. mit Z\u00e4hlung der Gottesdienstbesucher<br \/>\nElsendorf 17.00 Uhr Festgottesdienst f\u00fcr 125 Jahre Krieger- und Reservistenverein Elsendorf<br \/>\nKrieger- und Reservistenkameradschaft f\u00fcr + Mitglieder<br \/>\nSibylle W\u00fcrfl f\u00fcr + Eltern<br \/>\nSimon und Jonas Jungbauer f\u00fcr + Oma<br \/>\nmit Kollekte Kriegsgr\u00e4berf\u00fcrsorge<\/p>\n<p>Berghausen 17.00 Uhr V o r a b e n d g o t t e s d i e n s t<br \/>\nFamilie Schinagl f\u00fcr die armen Seelen<br \/>\nMagdalena Amberger f\u00fcr die armen Seelen<br \/>\nMaria Gschl\u00f6\u00dfl f\u00fcr Vater Johann Brunner z. Sttg.<br \/>\nGeorg Burger f\u00fcr Vater z. Sttg.<\/p>\n<p lang=\"de-DE\"><strong>Sonntag, 13.11. 33. SONNTAG IM JAHRESKREIS<\/strong><br \/>\n<em>mit Z\u00e4hlung der Gottesdienstbesucher<\/em><br \/>\nElsendorf 9.00 Uhr Stiftsmesse Zieglmaier f\u00fcr + Angeh\u00f6rige<\/p>\n<p lang=\"de-DE\">Appersdorf 10.00 Uhr P f a r r g o t t e s d i e n s t<br \/>\nThomas Bachmaier f\u00fcr + Bruder Franz<br \/>\nFamilie Sigl \/ Huber f\u00fcr + Andreas Sigl<br \/>\nElisabeth Ciesla f\u00fcr + Vater Ludwig Polz<br \/>\nLeonhard Br\u00fccklmaier f\u00fcr + Vater z. Geb.<br \/>\nmit Kollekte Kriegsgr\u00e4berf\u00fcrsorge<\/p>\n","protected":false},"excerpt":{"rendered":"<p>Dienstag, 18.10. Hl. Lukas, Evangelist Elsendorf 17.50 Uhr Rosenkranzandacht Elsendorf 18.00 Uhr Hilde Sp\u00e4th f\u00fcr + Mathilde und Katharina Br\u00fccklmaier Familie Kallm\u00fcnzer f\u00fcr + Maria und Eduard Wagner Mittwoch, 19.10. Haunsbach 18.00 Uhr Ida Wagner f\u00fcr + Ehemann Martha K\u00f6nig f\u00fcr Gertraud Aumann Josef Thalmair f\u00fcr Vater z. Sttg. und + Mutter Erhard Huber und &hellip; <a href=\"https:\/\/www.pfarrei-elsendorf.de\/content\/gottesdienstordnung-vom-18-10-13-11-2016\/\" class=\"more-link\"><span class=\"screen-reader-text\">Gottesdienstordnung vom 18.10. &#8211; 13.11.2016<\/span> weiterlesen <span class=\"meta-nav\">&rarr;<\/span><\/a><\/p>\n","protected":false},"author":1,"featured_media":0,"comment_status":"closed","ping_status":"closed","sticky":false,"template":"","format":"standard","meta":{"footnotes":""},"categories":[9],"tags":[],"class_list":["post-177","post","type-post","status-publish","format-standard","hentry","category-archiv"],"_links":{"self":[{"href":"https:\/\/www.pfarrei-elsendorf.de\/content\/wp-json\/wp\/v2\/posts\/177","targetHints":{"allow":["GET"]}}],"collection":[{"href":"https:\/\/www.pfarrei-elsendorf.de\/content\/wp-json\/wp\/v2\/posts"}],"about":[{"href":"https:\/\/www.pfarrei-elsendorf.de\/content\/wp-json\/wp\/v2\/types\/post"}],"author":[{"embeddable":true,"href":"https:\/\/www.pfarrei-elsendorf.de\/content\/wp-json\/wp\/v2\/users\/1"}],"replies":[{"embeddable":true,"href":"https:\/\/www.pfarrei-elsendorf.de\/content\/wp-json\/wp\/v2\/comments?post=177"}],"version-history":[{"count":2,"href":"https:\/\/www.pfarrei-elsendorf.de\/content\/wp-json\/wp\/v2\/posts\/177\/revisions"}],"predecessor-version":[{"id":208,"href":"https:\/\/www.pfarrei-elsendorf.de\/content\/wp-json\/wp\/v2\/posts\/177\/revisions\/208"}],"wp:attachment":[{"href":"https:\/\/www.pfarrei-elsendorf.de\/content\/wp-json\/wp\/v2\/media?parent=177"}],"wp:term":[{"taxonomy":"category","embeddable":true,"href":"https:\/\/www.pfarrei-elsendorf.de\/content\/wp-json\/wp\/v2\/categories?post=177"},{"taxonomy":"post_tag","embeddable":true,"href":"https:\/\/www.pfarrei-elsendorf.de\/content\/wp-json\/wp\/v2\/tags?post=177"}],"curies":[{"name":"wp","href":"https:\/\/api.w.org\/{rel}","templated":true}]}}