{"id":179,"date":"2016-10-16T09:46:56","date_gmt":"2016-10-16T07:46:56","guid":{"rendered":"http:\/\/www.pfarrei-elsendorf.de\/content\/?p=179"},"modified":"2016-12-20T13:02:30","modified_gmt":"2016-12-20T12:02:30","slug":"messintentionen-und-mitteilungsblatt-vom-18-10-13-11-2016","status":"publish","type":"post","link":"https:\/\/www.pfarrei-elsendorf.de\/content\/messintentionen-und-mitteilungsblatt-vom-18-10-13-11-2016\/","title":{"rendered":"Messintentionen und Mitteilungsblatt vom 18.10. \u2013 13.11.2016"},"content":{"rendered":"<p style=\"text-align: center;\"><span style=\"color: #000000;\"><em><strong>Messintentionen und Mitteilungsblatt<\/strong><\/em><\/span><br \/>\n<span style=\"color: #000000;\"><em><strong> f\u00fcr die Pfarreiengemeinschaft<\/strong><\/em><\/span><br \/>\n<span style=\"color: #000000;\"><em><strong> Elsendorf \uf0a7 Appersdorf \uf0a7 Berghausen Nr. 13 bis 13.11.2016<\/strong><\/em><\/span><\/p>\n<p style=\"text-align: justify;\"><strong>Elsendorfer Kirchenspatzen<\/strong><br \/>\nFreitag, 21.10. 16.15 -17.15 Uhr Singstunde im Pfarrheim<br \/>\nFreitag, 28.10. Singstunde nach dem SGO, ca. 16.10 &#8211; 17.15 im Pfarrheim<br \/>\nFreitag, 11.11. 15.15 &#8211; 16.15 Uhr Singstunde im Pfarrheim<br \/>\n\u2013 fr\u00fcherer Beginn wegen Martinsfest<\/p>\n<p><strong>Terra Nova<\/strong><br \/>\nFreitag, 21.10. 19.30 Uhr Singstunde im Pfarrheim<br \/>\nSonntag, 23.10. 9.00 Uhr Einsingen in der Pfarrkirche Appersdorf<\/p>\n<p><strong>Kirchenchor<\/strong><br \/>\nMontag, 24.10. Singstunde in der Pfarrkirche<br \/>\nDienstag, 1.11. 9.00 Uhr musik. Gestaltung der Andacht an Allerheiligen<br \/>\nMontag, 7.11. Singstunde im Pfarrheim<\/p>\n<p><strong>\u00dc-60 &#8211; Treffen<\/strong><br \/>\nAm Donnerstag, 20.10. treffen sich alle \u00dcber-60 im Pfarrheim zu einer gem\u00fctlichen Unterhaltung bei Kaffee und Kuchen oder auch auf ein Bier. Es kommt Frau Utz vom Landratsamt Kelheim und kl\u00e4rt \u00fcber Patientenverf\u00fcgung und Vorsorgevollmacht auf und beantwortet Ihre Fragen (Dauer eine knappe Stunde) .<\/p>\n<p><strong>KDFB<\/strong><br \/>\nAlle Mitglieder des Frauenbundes sind zur Feier der Monatsmesse am Mittwoch, den 9.11. in Horneck eingeladen.<br \/>\nAm Samstag, 12.11. sind die Jubilarinnen dieses Jahres, die eine pers\u00f6nliche Einladung erhalten (70, 75, \u2026), um 14 Uhr zu einem Beisammensein im Pfarrheim eingeladen.<\/p>\n<p>Die <strong>Krankenkommunion im November<\/strong> bringt Pfarrer Albert Vogl am Donnerstag, den 10.11.<\/p>\n<p><strong>Pfarrwallfahrt nach Lourdes vom 29.05. \u2013 01.06.2017<br \/>\n<\/strong>Das bayerische Pilgerb\u00fcro bietet f\u00fcr das Jahr 2017 eine Pilgerwallfahrt nach Lourdes an. F\u00fcr unsere Pfarreiengemeinschaft sind daf\u00fcr 30 Pl\u00e4tze reserviert. Um in Erfahrung zu bringen, ob aus unserer Mitte Interesse besteht, bitten wir um kurze R\u00fcckmeldung unter Tel.Nr. 910 329. Der Reisepreis betr\u00e4gt f\u00fcr Flug und Vollpension 689,&#8211; Euro pro Person im Doppelzimmer. Die geistliche Betreuung w\u00fcrde Pfarrer Albert Vogl mit \u00fcbernehmen. Das Motto dieser Wallfahrt lautet:\u00a0\u00a0\u00a0<em><strong> &#8211; \u201eLicht f\u00fcr die Menschen\u201c &#8211;<\/strong><\/em><\/p>\n<p>In der Pfarreiengemeinschaft Elsendorf \u2013 Appersdorf und Berghausen wurden die <strong>Erntedankalt\u00e4re<\/strong> von flei\u00dfigen Helfern liebevoll <strong>geschm\u00fcckt.<br \/>\n<\/strong>Daf\u00fcr sei ihnen und den Spendern der Erntegaben herzlich gedankt.<br \/>\nIhr Pfarrer Albert Vogl<\/p>\n<p style=\"text-align: center;\"><em><strong>Liebe Christen!<\/strong><\/em><\/p>\n<p><em><strong>Wie oft singen wir im Gottesdienst: \u201eIn wie viel Not hat nicht der gn\u00e4dige Gott \u00fcber dir Fl\u00fcgel gebreitet!\u201c Wie ein roter Faden zieht sich die Vorsehung Gottes durch unser Leben. Gott ist \u201eeiner, der f\u00fchrt\u201c, sagt der j\u00fcdische Religionsphilosoph Martin Buber (1878 \u2013 1965). Er hat bei allem, was er tut, \u201eetwas im Auge\u201c. In Gottes Hand sind wir geborgen, absolut sicher.<\/strong><\/em><\/p>\n<p><em><strong>Als der Philosoph Peter Wust (1884 \u2013 1940) w\u00e4hrend des Zweiten Weltkrieges einen Freund besuchte, wurden sie von einem Fliegerangriff \u00fcberrascht. Der Freund des Professors dr\u00e4ngte den kranken Philosophen, schnell einen Luftschutzbunker aufzusuchen. Wust lehnte energisch ab. Auf ein Zettelchen (sprechen konnte er nicht, da er an Zungenkrebs litt) schrieb er: \u201eKeine Sorge, lieber Freund. Ich befinde mich in absoluter Sicherheit!\u201c<\/strong><\/em><br \/>\n<em><strong>In diesen Tagen feiern wir \u201eAllerheiligen\u201c und \u201eAllerseelen\u201c.<\/strong><\/em><br \/>\n<em><strong>Gilt diese \u00f6sterliche Hoffnung und Verhei\u00dfung auch f\u00fcr unser pers\u00f6nliches Leben?<\/strong><\/em><\/p>\n<p><em><strong>Pfarrer Albert Vogl<\/strong><\/em><\/p>\n<p style=\"text-align: justify;\">W\u00e4hrend der <strong>Exerzitien von Pfarrer Albert Vogl vom 14. \u2013 18.11<\/strong>. wenden Sie sich in dringenden seelsorglichen Angelegenheiten bitte an das Paulinerkloster in Mainburg.<\/p>\n<p><strong>Verstorbenen der Pfarreiengemeinschaft<\/strong><br \/>\nWir gedenken an Allerheiligen \/ Allerseelen der Verstorbenen der Pfarreiengemeinschaft<\/p>\n<p><strong>in Elsendorf<\/strong><\/p>\n<p>Oktober 2015<br \/>\nHuber Karin, 53, Elsendorf<\/p>\n<p>November 2015<br \/>\nGmeinwieser Therese, 87, Ratzenhofen<br \/>\nJung Josef, 87, Train<\/p>\n<p>Dezember 2015<br \/>\nSternecker Ludwig, 58, Malmersdorf<\/p>\n<p>Januar 2016<br \/>\nM\u00fcller Josef, 77, Elsendorf<\/p>\n<p>Februar 2016<br \/>\nDettenhofer Alois, 97, Ratzenhofen<\/p>\n<p>April 2016<br \/>\nBrunner Maria, 90, Horneck<\/p>\n<p>Juni 2016<br \/>\nInderst Wolfgang, 54, Ratzenhofen<\/p>\n<p>Wagner Franz, 63, Elsendorf<\/p>\n<p>September 2016<br \/>\nBeer Christina, 69, Neustadt \/Do.<\/p>\n<p><strong>in Appersdorf<\/strong><\/p>\n<p>November 2015<br \/>\nBr\u00fccklmaier Mathilde, 78, Appersdorf<\/p>\n<p>Dezember 2015<br \/>\nFrank Ida, 76, Meilenhofen<\/p>\n<p>Januar 2016<br \/>\nMilde Detlev, 78, Meilenhofen, ev<\/p>\n<p>Juni 2016<br \/>\nWagner Xaver, 84, Meilenhofen<\/p>\n<p>September 2016<br \/>\nEnglisch Theres, 91, Appersdorf<\/p>\n<p><strong>in Berghausen im<\/strong><\/p>\n<p>Oktober 2015<br \/>\nKammerer Walburga,<br \/>\nAugust 2016 Maier Maria, 81, Gerblh\u00e4user<\/p>\n<p><em><strong>O Herr, schenke Ihnen die ewige Ruhe!<\/strong><\/em><\/p>\n","protected":false},"excerpt":{"rendered":"<p>Messintentionen und Mitteilungsblatt f\u00fcr die Pfarreiengemeinschaft Elsendorf \uf0a7 Appersdorf \uf0a7 Berghausen Nr. 13 bis 13.11.2016 Elsendorfer Kirchenspatzen Freitag, 21.10. 16.15 -17.15 Uhr Singstunde im Pfarrheim Freitag, 28.10. Singstunde nach dem SGO, ca. 16.10 &#8211; 17.15 im Pfarrheim Freitag, 11.11. 15.15 &#8211; 16.15 Uhr Singstunde im Pfarrheim \u2013 fr\u00fcherer Beginn wegen Martinsfest Terra Nova Freitag, 21.10. &hellip; <a href=\"https:\/\/www.pfarrei-elsendorf.de\/content\/messintentionen-und-mitteilungsblatt-vom-18-10-13-11-2016\/\" class=\"more-link\"><span class=\"screen-reader-text\">Messintentionen und Mitteilungsblatt vom 18.10. \u2013 13.11.2016<\/span> weiterlesen <span class=\"meta-nav\">&rarr;<\/span><\/a><\/p>\n","protected":false},"author":1,"featured_media":0,"comment_status":"closed","ping_status":"closed","sticky":false,"template":"","format":"standard","meta":{"footnotes":""},"categories":[9],"tags":[],"class_list":["post-179","post","type-post","status-publish","format-standard","hentry","category-archiv"],"_links":{"self":[{"href":"https:\/\/www.pfarrei-elsendorf.de\/content\/wp-json\/wp\/v2\/posts\/179","targetHints":{"allow":["GET"]}}],"collection":[{"href":"https:\/\/www.pfarrei-elsendorf.de\/content\/wp-json\/wp\/v2\/posts"}],"about":[{"href":"https:\/\/www.pfarrei-elsendorf.de\/content\/wp-json\/wp\/v2\/types\/post"}],"author":[{"embeddable":true,"href":"https:\/\/www.pfarrei-elsendorf.de\/content\/wp-json\/wp\/v2\/users\/1"}],"replies":[{"embeddable":true,"href":"https:\/\/www.pfarrei-elsendorf.de\/content\/wp-json\/wp\/v2\/comments?post=179"}],"version-history":[{"count":3,"href":"https:\/\/www.pfarrei-elsendorf.de\/content\/wp-json\/wp\/v2\/posts\/179\/revisions"}],"predecessor-version":[{"id":182,"href":"https:\/\/www.pfarrei-elsendorf.de\/content\/wp-json\/wp\/v2\/posts\/179\/revisions\/182"}],"wp:attachment":[{"href":"https:\/\/www.pfarrei-elsendorf.de\/content\/wp-json\/wp\/v2\/media?parent=179"}],"wp:term":[{"taxonomy":"category","embeddable":true,"href":"https:\/\/www.pfarrei-elsendorf.de\/content\/wp-json\/wp\/v2\/categories?post=179"},{"taxonomy":"post_tag","embeddable":true,"href":"https:\/\/www.pfarrei-elsendorf.de\/content\/wp-json\/wp\/v2\/tags?post=179"}],"curies":[{"name":"wp","href":"https:\/\/api.w.org\/{rel}","templated":true}]}}