{"id":379,"date":"2018-03-11T06:22:57","date_gmt":"2018-03-11T05:22:57","guid":{"rendered":"http:\/\/www.pfarrei-elsendorf.de\/content\/?p=379"},"modified":"2018-05-23T15:29:20","modified_gmt":"2018-05-23T13:29:20","slug":"gottesdienstordnung-vom-12-03-2018-25-03-2018","status":"publish","type":"post","link":"https:\/\/www.pfarrei-elsendorf.de\/content\/gottesdienstordnung-vom-12-03-2018-25-03-2018\/","title":{"rendered":"Gottesdienstordnung vom 12.03.2018 \u2013 25.03.2018"},"content":{"rendered":"<p>Dienstag, 13.03.<br \/>\nElsendorf\u00a0\u00a0\u00a0\u00a0\u00a0\u00a0\u00a0\u00a0 18.00 Uhr\u00a0\u00a0\u00a0\u00a0\u00a0\u00a0 Stiftsmesse Josefa Bauer f\u00fcr + Wally Bauer<br \/>\nFamilie Meyer f\u00fcr + Vater<\/p>\n<p>Mittwoch, 14.03.\u00a0\u00a0\u00a0\u00a0\u00a0\u00a0\u00a0\u00a0\u00a0\u00a0\u00a0\u00a0\u00a0\u00a0\u00a0\u00a0\u00a0\u00a0\u00a0 Hl. Mathilde, K\u00f6nigin<br \/>\nSchlo\u00dfkapelle\u00a0 18.00 Uhr\u00a0\u00a0\u00a0\u00a0\u00a0\u00a0 Familie Zierer f\u00fcr + Anton Haindl<br \/>\nG\u00fcnter Lehner f\u00fcr Eltern Irmgard und Josef z. Sttg.<br \/>\nFamilie Rainer Pietsch f\u00fcr + Anton Wagner<\/p>\n<p>Donnerstag, 15.03.\u00a0\u00a0\u00a0\u00a0\u00a0\u00a0\u00a0\u00a0\u00a0\u00a0\u00a0\u00a0\u00a0\u00a0\u00a0 Hl. Klemens Maria Hofbauer, Ordenspriester<br \/>\nMeilenhofen\u00a0\u00a0\u00a0\u00a0\u00a0 19.00 Uhr\u00a0\u00a0\u00a0\u00a0\u00a0\u00a0 Familie Konrad und Hermann Neppl f\u00fcr + Tante Maria Kremser<br \/>\nMonika und Inge Bachmeier f\u00fcr + Josef und Maria Bachmeier<br \/>\nMaria Deindl f\u00fcr + Ehemann Josef z. Nam.<br \/>\nGeschwister Gr\u00fcnberger f\u00fcr + Mutter Katharina<\/p>\n<p>Freitag, 16.03.<br \/>\nElsendorf\u00a0\u00a0\u00a0\u00a0\u00a0\u00a0\u00a0\u00a0 17.00 Uhr\u00a0\u00a0\u00a0\u00a0\u00a0\u00a0 Kreuzwegandacht<br \/>\nGestaltung mit den Kommunionkindern<\/p>\n<p>Samstag, 17.03.\u00a0\u00a0\u00a0\u00a0\u00a0\u00a0\u00a0\u00a0\u00a0\u00a0\u00a0\u00a0\u00a0\u00a0\u00a0\u00a0\u00a0\u00a0\u00a0 V o r a b e n d g o t t e s d i e n s t \u00a0\u00a0\u00a0\u00a0\u00a0\u00a0\u00a0\u00a0\u00a0\u00a0 Misereor<br \/>\nElsendorf\u00a0\u00a0\u00a0\u00a0\u00a0\u00a0\u00a0\u00a0 18.00 Uhr\u00a0\u00a0\u00a0\u00a0\u00a0\u00a0 Helmut Prummer f\u00fcr + Ehefrau<br \/>\nAnneliese Prummer f\u00fcr + Eltern<\/p>\n<p>Sonntag, 18.03.\u00a0\u00a0\u00a0\u00a0\u00a0\u00a0\u00a0\u00a0\u00a0\u00a0\u00a0\u00a0\u00a0\u00a0\u00a0\u00a0\u00a0\u00a0\u00a0\u00a0 5. FASTENSONNTAG\u00a0\u00a0\u00a0\u00a0\u00a0\u00a0\u00a0\u00a0\u00a0\u00a0\u00a0\u00a0\u00a0\u00a0\u00a0\u00a0\u00a0\u00a0\u00a0\u00a0\u00a0\u00a0\u00a0\u00a0\u00a0\u00a0\u00a0\u00a0\u00a0 Misereor<br \/>\nAppersdorf\u00a0\u00a0\u00a0\u00a0\u00a0\u00a0 \u00a0 9.00 Uhr\u00a0\u00a0\u00a0\u00a0\u00a0 Familie Siegfried Hunglinger f\u00fcr Mutter z. Sttg.<br \/>\nLeonhard Br\u00fccklmaier f\u00fcr + Ehefrau<br \/>\nFamilie Erhard Baumeister f\u00fcr + Eltern und + Onkel Andreas<br \/>\nMaria Prix f\u00fcr Ehemann z. Sttg und + Sohn Helmut<\/p>\n<p>Elsendorf\u00a0\u00a0\u00a0\u00a0\u00a0\u00a0\u00a0\u00a0 10.00 Uhr\u00a0\u00a0\u00a0\u00a0\u00a0 F a m i l i e n g o t t e s d i e n s t<br \/>\nAdelheid Ecker f\u00fcr + Mutter<br \/>\nRita Wagner f\u00fcr + Angeh\u00f6rige<br \/>\nFamilie Huber, R f\u00fcr + Verwandte<br \/>\nLeni Jofer f\u00fcr + Eltern und + Bruder Hans<br \/>\nHermine Fellner f\u00fcr + Eltern und Schwiegereltern<br \/>\nmusik. Gestaltung: Kirchenspatzen<\/p>\n<p>gemeinsames Fastensuppenessen im Pfarrheim<\/p>\n<p>13.30 Uhr\u00a0\u00a0\u00a0\u00a0\u00a0\u00a0 Kreuzwegandacht:<br \/>\nGestaltung KDFB<\/p>\n<p>Dienstag, 20.03.<br \/>\nElsendorf\u00a0\u00a0\u00a0\u00a0\u00a0\u00a0\u00a0\u00a0 18.00 Uhr\u00a0\u00a0\u00a0\u00a0\u00a0\u00a0 Elfriede Faltermeier f\u00fcr + Tante Anni<br \/>\nLeni Jofer f\u00fcr + Sepp Maier sen.<br \/>\nFreundinnen f\u00fcr Klara Kallenbach<\/p>\n<p>Mittwoch, 21.03.<br \/>\nPfarrheim\u00a0\u00a0\u00a0\u00a0\u00a0\u00a0\u00a0\u00a0 16.30 Uhr\u00a0\u00a0\u00a0\u00a0\u00a0\u00a0 K l e i n k i n d e r g o t t e s d i e n s t &#8222;Ostern&#8220;<\/p>\n<p>Haunsbach\u00a0\u00a0\u00a0\u00a0\u00a0\u00a0 19.00 Uhr\u00a0\u00a0\u00a0\u00a0\u00a0\u00a0 Agnes Schlemmer f\u00fcr + Eltern und + Geschwister<br \/>\nFamilie Sebastian Krojer f\u00fcr +Onkel Josef Gra\u00dfl z. Sttg.<\/p>\n<p>Donnerstag, 22.03.<br \/>\nHorneck\u00a0\u00a0\u00a0\u00a0\u00a0\u00a0\u00a0\u00a0\u00a0\u00a0 18.00 Uhr\u00a0\u00a0\u00a0\u00a0\u00a0\u00a0 Franz Brunner f\u00fcr + Schwester Pia<br \/>\nFamilie Sachsenhauser f\u00fcr Leonhard Sachsenhauser z. Sttg.<br \/>\nLeni Neubauer f\u00fcr + Schwestern, Schwagern und Verwandte<br \/>\nFamilie Josef Moser f\u00fcr + Eltern, Geschwister und Schw\u00e4ger<br \/>\nFamilie Stempfhuber f\u00fcr + Robert Kr\u00f6pfl<\/p>\n<p>Freitag, 23.03.<br \/>\nElsendorf\u00a0\u00a0\u00a0\u00a0\u00a0\u00a0\u00a0\u00a0 \u00a0 8.15 Uhr\u00a0\u00a0\u00a0\u00a0\u00a0\u00a0 Wortgottesdienst mit der Grundschule<\/p>\n<p>19.00 Uhr\u00a0\u00a0\u00a0\u00a0\u00a0\u00a0 Bu\u00dfandacht vor Ostern<\/p>\n<p>Samstag, 24.03.<br \/>\nElsendorf\u00a0\u00a0\u00a0\u00a0\u00a0\u00a0\u00a0\u00a0 16 \u2013 17 Uhr\u00a0\u00a0\u00a0 B e i c h t g e l e g e n h e i t<\/p>\n<p>Berghausen\u00a0\u00a0\u00a0\u00a0\u00a0 17.00 Uhr\u00a0\u00a0\u00a0\u00a0\u00a0\u00a0 B e i c h t g e l e g e n h e i t<\/p>\n<p>17.30 Uhr\u00a0\u00a0\u00a0\u00a0\u00a0\u00a0 F. Gerlinde Haltmaier f\u00fcr + Vater und Opa Konrad Roithmayr<br \/>\nJosef Neppl f\u00fcr Vater z. Sttg.<br \/>\nMagdalena Amberger zu Ehren des hl. Josef<br \/>\nLudwig Gschl\u00f6\u00dfl f\u00fcr + Cousin Franz Bachmaier<\/p>\n<p>Sonntag, 25.03.\u00a0\u00a0\u00a0\u00a0\u00a0\u00a0\u00a0\u00a0\u00a0\u00a0\u00a0\u00a0\u00a0\u00a0\u00a0\u00a0\u00a0\u00a0\u00a0\u00a0 PALMSONNTAG<br \/>\nElsendorf\u00a0\u00a0\u00a0\u00a0\u00a0\u00a0\u00a0\u00a0 \u00a0 8.45 Uhr\u00a0\u00a0\u00a0\u00a0\u00a0 Segnung der Palmbuschen im Pfarrgarten<br \/>\nanschl. Gottesdienst mit Aussendung des Palmesels<br \/>\nStiftsmesse Kreszenz Zieglmaier f\u00fcr + Angeh\u00f6rige<br \/>\nFamilie Weichenrieder, E f\u00fcr Schwiegervater und Opa<br \/>\nmusik. Gestaltung: Kirchenchor<\/p>\n<p>Appersdorf\u00a0\u00a0\u00a0\u00a0\u00a0\u00a0 10.00 Uhr\u00a0\u00a0\u00a0\u00a0\u00a0\u00a0 Segnung der Palmbuschen am Brunnen<br \/>\nFamilie Martha Frank f\u00fcr + G\u00fcnther Frank<br \/>\nFamilie Karber f\u00fcr + Eltern<br \/>\nFamilie Franziska Bauer f\u00fcr + Alois Bauer<\/p>\n<p>Kreuzwegandacht\u00a0\u00a0 12.30 Uhr in der Schlosskapelle, in Horneck<br \/>\nund in\u00a0 Meilenhofen<\/p>\n<p>13.00 Uhr in Haunsbach und in Berghausen<\/p>\n","protected":false},"excerpt":{"rendered":"<p>Dienstag, 13.03. Elsendorf\u00a0\u00a0\u00a0\u00a0\u00a0\u00a0\u00a0\u00a0 18.00 Uhr\u00a0\u00a0\u00a0\u00a0\u00a0\u00a0 Stiftsmesse Josefa Bauer f\u00fcr + Wally Bauer Familie Meyer f\u00fcr + Vater Mittwoch, 14.03.\u00a0\u00a0\u00a0\u00a0\u00a0\u00a0\u00a0\u00a0\u00a0\u00a0\u00a0\u00a0\u00a0\u00a0\u00a0\u00a0\u00a0\u00a0\u00a0 Hl. Mathilde, K\u00f6nigin Schlo\u00dfkapelle\u00a0 18.00 Uhr\u00a0\u00a0\u00a0\u00a0\u00a0\u00a0 Familie Zierer f\u00fcr + Anton Haindl G\u00fcnter Lehner f\u00fcr Eltern Irmgard und Josef z. Sttg. Familie Rainer Pietsch f\u00fcr + Anton Wagner Donnerstag, 15.03.\u00a0\u00a0\u00a0\u00a0\u00a0\u00a0\u00a0\u00a0\u00a0\u00a0\u00a0\u00a0\u00a0\u00a0\u00a0 Hl. Klemens Maria Hofbauer, Ordenspriester Meilenhofen\u00a0\u00a0\u00a0\u00a0\u00a0 &hellip; <a href=\"https:\/\/www.pfarrei-elsendorf.de\/content\/gottesdienstordnung-vom-12-03-2018-25-03-2018\/\" class=\"more-link\"><span class=\"screen-reader-text\">Gottesdienstordnung vom 12.03.2018 \u2013 25.03.2018<\/span> weiterlesen <span class=\"meta-nav\">&rarr;<\/span><\/a><\/p>\n","protected":false},"author":1,"featured_media":0,"comment_status":"closed","ping_status":"closed","sticky":false,"template":"","format":"standard","meta":{"footnotes":""},"categories":[9],"tags":[],"class_list":["post-379","post","type-post","status-publish","format-standard","hentry","category-archiv"],"_links":{"self":[{"href":"https:\/\/www.pfarrei-elsendorf.de\/content\/wp-json\/wp\/v2\/posts\/379","targetHints":{"allow":["GET"]}}],"collection":[{"href":"https:\/\/www.pfarrei-elsendorf.de\/content\/wp-json\/wp\/v2\/posts"}],"about":[{"href":"https:\/\/www.pfarrei-elsendorf.de\/content\/wp-json\/wp\/v2\/types\/post"}],"author":[{"embeddable":true,"href":"https:\/\/www.pfarrei-elsendorf.de\/content\/wp-json\/wp\/v2\/users\/1"}],"replies":[{"embeddable":true,"href":"https:\/\/www.pfarrei-elsendorf.de\/content\/wp-json\/wp\/v2\/comments?post=379"}],"version-history":[{"count":1,"href":"https:\/\/www.pfarrei-elsendorf.de\/content\/wp-json\/wp\/v2\/posts\/379\/revisions"}],"predecessor-version":[{"id":380,"href":"https:\/\/www.pfarrei-elsendorf.de\/content\/wp-json\/wp\/v2\/posts\/379\/revisions\/380"}],"wp:attachment":[{"href":"https:\/\/www.pfarrei-elsendorf.de\/content\/wp-json\/wp\/v2\/media?parent=379"}],"wp:term":[{"taxonomy":"category","embeddable":true,"href":"https:\/\/www.pfarrei-elsendorf.de\/content\/wp-json\/wp\/v2\/categories?post=379"},{"taxonomy":"post_tag","embeddable":true,"href":"https:\/\/www.pfarrei-elsendorf.de\/content\/wp-json\/wp\/v2\/tags?post=379"}],"curies":[{"name":"wp","href":"https:\/\/api.w.org\/{rel}","templated":true}]}}