{"id":381,"date":"2018-03-11T07:24:54","date_gmt":"2018-03-11T06:24:54","guid":{"rendered":"http:\/\/www.pfarrei-elsendorf.de\/content\/?p=381"},"modified":"2018-05-23T15:28:26","modified_gmt":"2018-05-23T13:28:26","slug":"messintentionen-und-mitteilungsblatt-bis-25-03-2018","status":"publish","type":"post","link":"https:\/\/www.pfarrei-elsendorf.de\/content\/messintentionen-und-mitteilungsblatt-bis-25-03-2018\/","title":{"rendered":"Messintentionen und Mitteilungsblatt bis 25.03.2018"},"content":{"rendered":"<p><strong><em>Elsendorfer Kirchenspatzen<br \/>\n<\/em><\/strong>Freitag, 16.3.\u00a0\u00a0\u00a0 <strong>15.30 \u00a0<\/strong><strong>&#8211; 16.45<\/strong> Uhr \u00a0Singstunde im Pfarrheim<br \/>\nSonntag, 18.3.\u00a0 9.15\u00a0\u00a0\u00a0 \u00a0Einsingen in der Pfarrkirche<br \/>\nFreitag, 23.3.\u00a0\u00a0\u00a0\u00a0 16.00 &#8211; \u00a017.15 Uhr Singstunde im Pfarrheim<strong><em><\/p>\n<p>Terra Nova<br \/>\n<\/em><\/strong>Freitag, 23.3. \u00a0\u00a0\u00a0\u00a0\u00a0\u00a0 19.30 Uhr Singstunde im Pfarrheim<\/p>\n<p><strong><em>Kirchenchor<br \/>\n<\/em><\/strong>Montag, 12.3.\u00a0\u00a0\u00a0\u00a0\u00a0\u00a0 19.00 \u00a0Uhr Singstunde in der Kirche<br \/>\nSonntag, 25.3.\u00a0\u00a0\u00a0\u00a0\u00a0 10 Uhr Palmweihe im Pfarrgarten; 9.30 Einsingen im Pfarrheim<\/p>\n<p>Am Dienstag, 13.3. ist die <strong>konstituierende Sitzung des Pfarrgemeinderates<\/strong>.<br \/>\nSie haben folgende Mitglieder gew\u00e4hlt: Brigitte Amberger, Johanna Bachmaier, Katharina Dasch, Marianne Dettenhofer, Lothar Fischer, Karl-Heinz Kiesl, Irmgard Landgraf und Brigitte Raith.<\/p>\n<p><strong>Alle \u00dc-60 sind am Donnerstag, 15.3.<\/strong> zum gem\u00fctlichen Nachmittag im Pfarrheim eingeladen.<\/p>\n<p><strong>Erstkommunion 2018\u00a0\u00a0\u00a0 <\/strong><em>mitzubringen: siehe Infoblatt Zusatztermine<br \/>\n<\/em>16.3. Kreuzwegandacht der Kommunionkinder<br \/>\n17.3. Vorbereiten der Fastensuppe (M\u00fctter und Kinder)<br \/>\nanschl. Kirchenf\u00fchrung f\u00fcr die Kinder mit Pfarrer Vogl<br \/>\nund Isabell Biebl<br \/>\n24.3. Palmbuschenbinden (Eltern und Kinder)<\/p>\n<p>Der <strong>KDFB <\/strong>bietet am 17.3. und \u00a018.3. Palmb\u00fcscherl f\u00fcr 2,50 \u20ac an.<\/p>\n<p>Sonntag, 18.3. Kreuzwegandacht des Frauenbundes.<\/p>\n<p>Die <strong>Ministranten von Elsendorf <\/strong>schm\u00fccken am Samstag, 24.3. den Palmesel (Dank an die Familie Hofbauer, die ihn wieder zur Verf\u00fcgung stellt) und ziehen mit ihm am Palmsonntag durch Elsendorf, am Dienstag durch Ratzenhofen, \u00a0am Mittwoch durch Mitterstetten und Horneck und freuen sich \u00fcber eine Gabe f\u00fcr ihren treuen Dienst, f\u00fcr den man sie nur loben kann.<\/p>\n<p>Am Montag, 26.3. besucht eine Gruppe den U!14-Tag in Regensburg<\/p>\n<p>Der Pfarrgemeinderat l\u00e4dt alle zum gemeinsamen Fastensuppenessen am Misereorsonntag im Pfarrheim ein.<br \/>\nSchmalzgeb\u00e4ckspenden sind sehr willkommen!<\/p>\n<hr \/>\n<p>Nachbarschaftshilfe 0151\u20137015754<\/p>\n<hr \/>\n<p>Katholisches Pfarramt Elsendorf<br \/>\nMainburger Stra\u00dfe 1<br \/>\n84094 Elsendorf<br \/>\nTelefon: 08753\/245<br \/>\nFax: 08753\/910498<br \/>\ne-mail: pfarramt\u201cAT\u201celsendorf.de<br \/>\nInternet: www.pfarrei-elsendorf.de<br \/>\nB\u00fcrozeiten :<br \/>\nDienstag 8:00 Uhr \u2013 12:00 Uhr<br \/>\nFreitag 15:00 Uhr \u2013 17:00 Uhr<\/p>\n","protected":false},"excerpt":{"rendered":"<p>Elsendorfer Kirchenspatzen Freitag, 16.3.\u00a0\u00a0\u00a0 15.30 \u00a0&#8211; 16.45 Uhr \u00a0Singstunde im Pfarrheim Sonntag, 18.3.\u00a0 9.15\u00a0\u00a0\u00a0 \u00a0Einsingen in der Pfarrkirche Freitag, 23.3.\u00a0\u00a0\u00a0\u00a0 16.00 &#8211; \u00a017.15 Uhr Singstunde im Pfarrheim Terra Nova Freitag, 23.3. \u00a0\u00a0\u00a0\u00a0\u00a0\u00a0 19.30 Uhr Singstunde im Pfarrheim Kirchenchor Montag, 12.3.\u00a0\u00a0\u00a0\u00a0\u00a0\u00a0 19.00 \u00a0Uhr Singstunde in der Kirche Sonntag, 25.3.\u00a0\u00a0\u00a0\u00a0\u00a0 10 Uhr Palmweihe im Pfarrgarten; 9.30 Einsingen &hellip; <a href=\"https:\/\/www.pfarrei-elsendorf.de\/content\/messintentionen-und-mitteilungsblatt-bis-25-03-2018\/\" class=\"more-link\"><span class=\"screen-reader-text\">Messintentionen und Mitteilungsblatt bis 25.03.2018<\/span> weiterlesen <span class=\"meta-nav\">&rarr;<\/span><\/a><\/p>\n","protected":false},"author":1,"featured_media":0,"comment_status":"closed","ping_status":"closed","sticky":false,"template":"","format":"standard","meta":{"footnotes":""},"categories":[9],"tags":[],"class_list":["post-381","post","type-post","status-publish","format-standard","hentry","category-archiv"],"_links":{"self":[{"href":"https:\/\/www.pfarrei-elsendorf.de\/content\/wp-json\/wp\/v2\/posts\/381","targetHints":{"allow":["GET"]}}],"collection":[{"href":"https:\/\/www.pfarrei-elsendorf.de\/content\/wp-json\/wp\/v2\/posts"}],"about":[{"href":"https:\/\/www.pfarrei-elsendorf.de\/content\/wp-json\/wp\/v2\/types\/post"}],"author":[{"embeddable":true,"href":"https:\/\/www.pfarrei-elsendorf.de\/content\/wp-json\/wp\/v2\/users\/1"}],"replies":[{"embeddable":true,"href":"https:\/\/www.pfarrei-elsendorf.de\/content\/wp-json\/wp\/v2\/comments?post=381"}],"version-history":[{"count":1,"href":"https:\/\/www.pfarrei-elsendorf.de\/content\/wp-json\/wp\/v2\/posts\/381\/revisions"}],"predecessor-version":[{"id":382,"href":"https:\/\/www.pfarrei-elsendorf.de\/content\/wp-json\/wp\/v2\/posts\/381\/revisions\/382"}],"wp:attachment":[{"href":"https:\/\/www.pfarrei-elsendorf.de\/content\/wp-json\/wp\/v2\/media?parent=381"}],"wp:term":[{"taxonomy":"category","embeddable":true,"href":"https:\/\/www.pfarrei-elsendorf.de\/content\/wp-json\/wp\/v2\/categories?post=381"},{"taxonomy":"post_tag","embeddable":true,"href":"https:\/\/www.pfarrei-elsendorf.de\/content\/wp-json\/wp\/v2\/tags?post=381"}],"curies":[{"name":"wp","href":"https:\/\/api.w.org\/{rel}","templated":true}]}}