{"id":384,"date":"2018-03-25T09:21:36","date_gmt":"2018-03-25T07:21:36","guid":{"rendered":"http:\/\/www.pfarrei-elsendorf.de\/content\/?p=384"},"modified":"2018-07-22T19:35:28","modified_gmt":"2018-07-22T17:35:28","slug":"gottesdienstordnung-vom-27-03-2018-16-04-2018","status":"publish","type":"post","link":"https:\/\/www.pfarrei-elsendorf.de\/content\/gottesdienstordnung-vom-27-03-2018-16-04-2018\/","title":{"rendered":"Gottesdienstordnung vom 27.03.2018 \u2013 16.04.2018"},"content":{"rendered":"<p><em>Wir feiern Gottesdienst:<\/em><\/p>\n<p>Dienstag, 27.03.\u00a0\u00a0\u00a0\u00a0\u00a0\u00a0\u00a0\u00a0\u00a0\u00a0\u00a0\u00a0\u00a0\u00a0\u00a0\u00a0\u00a0\u00a0\u00a0 Dienstag der Karwoche<\/p>\n<p>Elsendorf\u00a0\u00a0\u00a0\u00a0\u00a0\u00a0\u00a0\u00a0 19.00 Uhr\u00a0\u00a0\u00a0\u00a0\u00a0\u00a0 Familie Kellerer f\u00fcr + Leonhard Weingartner<br \/>\nStiftsmesse Josefa Bauer f\u00fcr + Amalie Bauer<br \/>\nKlassenkameraden Realschule Abensberg f\u00fcr + Rupert Kr\u00f6pfl<\/p>\n<p>Donnerstag, 29.03.\u00a0\u00a0\u00a0\u00a0\u00a0\u00a0\u00a0\u00a0\u00a0\u00a0\u00a0\u00a0\u00a0\u00a0\u00a0 <strong>Gr\u00fcndonnerstag<\/strong><\/p>\n<p>Elsendorf\u00a0\u00a0\u00a0\u00a0\u00a0\u00a0\u00a0\u00a0 19.00 Uhr\u00a0\u00a0\u00a0\u00a0\u00a0\u00a0 f\u00fcr die Priester und Ordensleute aus den Pfarreien Elsendorf, Appersdorf und der Expositur Berghausen<br \/>\n<em>musik. Gestaltung: Terra Nova<\/em><\/p>\n<p><em>\u00a0<\/em><\/p>\n<p><em>Wer in stillem Gedenken in dieser Nacht eine Stunde in der Pfarrkirche Elsendorf <\/em><\/p>\n<p><em>zubringen will, trage sich bitte in die aufliegende Liste ein.<\/em><\/p>\n<p>&nbsp;<\/p>\n<p>Freitag, 30.03.\u00a0 \u00a0\u00a0\u00a0\u00a0\u00a0\u00a0\u00a0\u00a0\u00a0\u00a0\u00a0\u00a0\u00a0\u00a0\u00a0\u00a0\u00a0\u00a0\u00a0\u00a0 <strong>KARFREITAG<\/strong><\/p>\n<p>Elsendorf\u00a0\u00a0\u00a0\u00a0\u00a0\u00a0\u00a0\u00a0 \u00a0 9.00 Uhr\u00a0\u00a0\u00a0\u00a0\u00a0\u00a0 Kreuzwegandacht<\/p>\n<p>15.00 Uhr\u00a0\u00a0\u00a0\u00a0\u00a0\u00a0 Die Feier vom Leiden und Sterben Christi<br \/>\n<em>musik. Gestaltung: Kirchenchor<\/em><\/p>\n<p>Appersdorf\u00a0\u00a0\u00a0\u00a0\u00a0\u00a0 16.00 Uhr\u00a0\u00a0\u00a0\u00a0\u00a0\u00a0 Die Feier vom Leiden und Sterben Christi<\/p>\n<p>Samstag, 31.03.<\/p>\n<p>Elsendorf\u00a0\u00a0\u00a0\u00a0\u00a0\u00a0\u00a0\u00a0 <strong>20.00 Uhr<\/strong>\u00a0\u00a0\u00a0\u00a0\u00a0 <strong>O s t e r n a c h t f e i e r<br \/>\n<\/strong>Kathrin und Markus f\u00fcr + Opa Anton Wagner<br \/>\nStiftsmesse Elisabeth Gerzer f\u00fcr + Angeh\u00f6rige<br \/>\nIsidori-Bruderschaft f\u00fcr + Anton Wagner<br \/>\nMaria Werner f\u00fcr + Eltern und Verwandte<br \/>\nFamilie Marlene und Georg Hofbauer f\u00fcr + Eltern Krojer und Hofbauer<br \/>\n<em>musik. Gestaltung: Terra Nova<\/em><\/p>\n<p>&nbsp;<\/p>\n<p>Sonntag, 01.04.\u00a0\u00a0\u00a0\u00a0\u00a0\u00a0\u00a0 <strong>HOCHFEST DER AUFERSTEHUNG DES HERRN<\/strong><\/p>\n<p>Appersdorf\u00a0\u00a0\u00a0\u00a0\u00a0\u00a0 \u00a0 6.00 Uhr\u00a0\u00a0\u00a0\u00a0\u00a0\u00a0 <strong>O s t e r n a c h t f e i e r<br \/>\n<\/strong>Familie Ginzinger f\u00fcr + Wenzel und Helmut Prix<br \/>\nFamilie Singerl f\u00fcr + Nachbarn und Freunde<br \/>\nManfred Vogt f\u00fcr + Eltern Wally und Erwin Vogt<br \/>\nAnna Bachmaier f\u00fcr + Katharina Gr\u00fcnberger<\/p>\n<p>&nbsp;<\/p>\n<p>Elsendorf\u00a0\u00a0\u00a0\u00a0\u00a0\u00a0\u00a0\u00a0 <strong>11.00 Uhr<\/strong>\u00a0\u00a0\u00a0\u00a0\u00a0 P f a r r g o t t e s d i e n s t<br \/>\nElfriede Faltermeier f\u00fcr Ehemann z. Sttg.<br \/>\nLiselotte Spagert f\u00fcr + Vater Josef Scheuenpflug<br \/>\nFam. Marlene Hofbauer f\u00fcr + Vater und Opa Andreas Krojer<br \/>\nWalburga Greis f\u00fcr + Ehemann und Sohn<\/p>\n<p>Montag, 02.04.\u00a0\u00a0\u00a0\u00a0\u00a0\u00a0\u00a0\u00a0\u00a0\u00a0\u00a0\u00a0\u00a0\u00a0\u00a0\u00a0\u00a0\u00a0\u00a0\u00a0\u00a0 <strong>OSTERMONTAG<\/strong><\/p>\n<p>Appersdorf\u00a0\u00a0\u00a0\u00a0\u00a0\u00a0 <strong>\u00a0 9.00 Uhr<\/strong>\u00a0\u00a0\u00a0\u00a0\u00a0 Harald Wagner f\u00fcr + Mutter<br \/>\nMarlene\u00a0 Senger f\u00fcr Vater z. Sttg.<br \/>\nGeschwister Hilz f\u00fcr + Eltern und Gro\u00dfeltern<br \/>\nGeorg Sigl f\u00fcr + Theres Englisch<br \/>\nElsendorf\u00a0\u00a0\u00a0\u00a0\u00a0\u00a0\u00a0\u00a0 <strong>10.00 Uhr<\/strong>\u00a0\u00a0\u00a0\u00a0\u00a0 <strong>F a m i l i e n g o t t e s d i e n s t<\/strong><br \/>\n<em>mit Abgabe der Opferk\u00e4stchen<\/em><br \/>\nFamilie Reiter f\u00fcr + Eltern und Geschwister<br \/>\nFamilie Rosa Fischer f\u00fcr + Eltern, Sohn Reinhold und Enkel Daniel<br \/>\nFamilie Max H\u00e4ckl f\u00fcr + Eltern und + Bruder<br \/>\nFamilie Georg Kr\u00f6pfl f\u00fcr + Bruder Rupert<br \/>\nFamilie Wagner und Verwandte f\u00fcr + Klara Wagner<\/p>\n<p>&nbsp;<\/p>\n<p>Berghausen\u00a0\u00a0\u00a0\u00a0\u00a0 <strong>10.30 Uhr<\/strong>\u00a0\u00a0\u00a0\u00a0\u00a0 Franziska Dasch f\u00fcr + Schwiegervater, Schwager Lorenz und Schw\u00e4gerinnen<br \/>\nFamilie Wilhelmine Kramschuster f\u00fcr + Eltern<br \/>\nW. und M. Haberl<br \/>\nFamilie Liedl f\u00fcr + Ehemann und Vater<br \/>\nFamilie Ludwig Gschl\u00f6\u00dfl f\u00fcr + Josef und Leni Amberger<br \/>\nLudwig und Helga Niesl f\u00fcr + Onkel Norbert Niesl<br \/>\n+Berta Sedlmeier f\u00fcr + Ehemann und + Sohn<br \/>\nGertraud Burger f\u00fcr + Eltern und Geschwister<br \/>\nCenta Haltmaier f\u00fcr + Berta Sedlmeier<\/p>\n<p>Samstag, 07.04.\u00a0\u00a0\u00a0\u00a0\u00a0\u00a0\u00a0\u00a0\u00a0\u00a0\u00a0\u00a0\u00a0\u00a0\u00a0\u00a0\u00a0\u00a0\u00a0 Samstag der Osteroktav<\/p>\n<p>Elsendorf\u00a0\u00a0\u00a0\u00a0\u00a0\u00a0\u00a0\u00a0 19.00 Uhr\u00a0\u00a0\u00a0\u00a0\u00a0\u00a0 Familie Kufer f\u00fcr + Wilhelm Kufer<br \/>\nGeschwister M\u00fcller f\u00fcr + Vater<br \/>\nLidwina Amesreiter f\u00fcr + Margarete Klar<br \/>\nFamilie Alfons Kirzinger f\u00fcr + Kaspar Spornraft<br \/>\nMarlene Hofbauer f\u00fcr + Oma Baumeister<\/p>\n<p>Sonntag, 08.04.\u00a0\u00a0\u00a0\u00a0\u00a0\u00a0\u00a0\u00a0\u00a0\u00a0\u00a0\u00a0\u00a0\u00a0\u00a0\u00a0\u00a0\u00a0\u00a0\u00a0 2. SONNTAG DER OSTERZEIT &#8211; Wei\u00dfer Sonntag<\/p>\n<p>Elsendorf\u00a0\u00a0\u00a0\u00a0\u00a0\u00a0\u00a0\u00a0 \u00a0 9.00 Uhr\u00a0\u00a0\u00a0\u00a0\u00a0\u00a0 e. g. P. f\u00fcr + Therese Geck und + Anton Haindl<br \/>\nMitarbeiter Raiffeisenbank Aiglsbach f\u00fcr + Rupert Kr\u00f6pfl<br \/>\nNichte und Neffen f\u00fcr + Rupert Kr\u00f6pfl<br \/>\nMaria Weindler f\u00fcr\u00a0 + Ehemann, Vater und Opa<br \/>\nLeni Jofer f\u00fcr + Sepp Maier sen.<\/p>\n<p>Appersdorf\u00a0\u00a0\u00a0\u00a0\u00a0\u00a0 10.00 Uhr\u00a0\u00a0\u00a0\u00a0\u00a0\u00a0 P f a r r g o t t e s d i e n s t<br \/>\nFamilie Erich Kelbel f\u00fcr + Elisabeth und Rudolf Stehr<br \/>\nLeonhard Br\u00fccklmaier f\u00fcr + Ehefrau z. Geb.<br \/>\nAnna Hilz f\u00fcr + Vater<br \/>\nHermine Fellner f\u00fcr + Alois Bauer<\/p>\n<p>&nbsp;<\/p>\n<p>&nbsp;<\/p>\n<p>Dienstag, 10.04.<\/p>\n<p>Schlo\u00dfkapelle\u00a0 19.00 Uhr\u00a0\u00a0\u00a0\u00a0\u00a0\u00a0 Hannelore Hausler f\u00fcr + Regina Weiher<br \/>\nFamilie Schmidtner f\u00fcr + Anton Wagner<br \/>\nAlois Dettenhofer f\u00fcr + Peter Hausler<br \/>\nJosef Kappelmeier f\u00fcr + Anton Wagner<\/p>\n<p>Mittwoch, 11.04.<\/p>\n<p>Elsendorf\u00a0\u00a0\u00a0\u00a0\u00a0\u00a0\u00a0\u00a0 19.00 Uhr\u00a0\u00a0\u00a0\u00a0\u00a0\u00a0 Stiftsmesse f\u00fcr + Barbara und Xaver Harrieder<br \/>\nMaria Werner f\u00fcr + Leonhard Weingartner<\/p>\n<p>&nbsp;<\/p>\n<p>Donnerstag, 12.04.<\/p>\n<p>Meilenhofen\u00a0\u00a0\u00a0\u00a0\u00a0 19.00 Uhr\u00a0\u00a0\u00a0\u00a0\u00a0\u00a0 Irmgard Hutter f\u00fcr + Vater<br \/>\nFamilie Josepha Frank f\u00fcr Vinzenz Frank z. Sttg.<br \/>\nFamilien Huber \/ Sigl f\u00fcr + Andreas Sigl<br \/>\nFamilie Schretzlmeier f\u00fcr + Verwandte bds.<\/p>\n<p>&nbsp;<\/p>\n<p>Samstag, 14.04.<\/p>\n<p>Elsendorf\u00a0\u00a0\u00a0\u00a0\u00a0\u00a0\u00a0\u00a0 19.00 Uhr\u00a0\u00a0\u00a0\u00a0\u00a0\u00a0 Kinder f\u00fcr + Eltern Anna und Theodor Hofbauer<br \/>\nKrieger- und Reservistenverein Elsendorf f\u00fcr + Mitglied Anton Wagner<br \/>\nFamilie Glatt, Unterwangenbach f\u00fcr + Anton Wagner<br \/>\nFamilie H\u00e4tscher, Aignerhof f\u00fcr + Anton Wagner<\/p>\n<p>Berghausen\u00a0\u00a0\u00a0\u00a0\u00a0 <strong>19.30 Uhr<\/strong>\u00a0\u00a0\u00a0\u00a0\u00a0 Familie Haas f\u00fcr + Norbert Niesl<br \/>\nChrista Amberger f\u00fcr Mutter z. Sterbezeit<br \/>\nFranziska Schreiner f\u00fcr + Norbert Niesl<br \/>\nFamilie Josef Gschl\u00f6\u00dfl f\u00fcr + Berta und Lorenz Sedlmeier<br \/>\n+Berta Sedlmeier f\u00fcr + Gro\u00dfeltern, Onkeln und Tanten<br \/>\nFamilie Holzner f\u00fcr + Norbert Niesl<br \/>\nFamilie Reinhard Haltmaier f\u00fcr + Vater und Opa Sebastian Haltmaier<br \/>\nFamilie Konrad Gschl\u00f6\u00dfl f\u00fcr + Tante Katharina<br \/>\nSonntag, 15.04.\u00a0\u00a0\u00a0\u00a0\u00a0\u00a0\u00a0\u00a0\u00a0\u00a0\u00a0\u00a0\u00a0\u00a0\u00a0\u00a0\u00a0\u00a0\u00a0\u00a0 3. SONNTAG DER OSTERZEIT<\/p>\n<p>Elsendorf\u00a0\u00a0\u00a0\u00a0\u00a0\u00a0\u00a0\u00a0 \u00a0 9.00 Uhr\u00a0\u00a0\u00a0\u00a0\u00a0\u00a0 P f a r r g o t t e s d i e n s t<br \/>\nFamilie Brunner, Mit. f\u00fcr + Ehemann und Vater<br \/>\nMaria Enzmann f\u00fcr + Schwester<br \/>\nFamilie M\u00fcller f\u00fcr + Eltern und Schwiegereltern<br \/>\nIsidori-Bruderschaft f\u00fcr + Franz Xaver Ziegler<\/p>\n<p>Appersdorf\u00a0\u00a0\u00a0\u00a0\u00a0\u00a0 10.00 Uhr\u00a0\u00a0\u00a0\u00a0\u00a0\u00a0 Leonhard Br\u00fccklmaier f\u00fcr Mutter z. Sttg.<br \/>\nGartenbauverein f\u00fcr + Mitglied Katharina Gr\u00fcnberger<br \/>\nTherese Gabelsberger f\u00fcr Vater z. Sttg.<br \/>\nRosi Vogt f\u00fcr + Ludwig Polz<\/p>\n","protected":false},"excerpt":{"rendered":"<p>Wir feiern Gottesdienst: Dienstag, 27.03.\u00a0\u00a0\u00a0\u00a0\u00a0\u00a0\u00a0\u00a0\u00a0\u00a0\u00a0\u00a0\u00a0\u00a0\u00a0\u00a0\u00a0\u00a0\u00a0 Dienstag der Karwoche Elsendorf\u00a0\u00a0\u00a0\u00a0\u00a0\u00a0\u00a0\u00a0 19.00 Uhr\u00a0\u00a0\u00a0\u00a0\u00a0\u00a0 Familie Kellerer f\u00fcr + Leonhard Weingartner Stiftsmesse Josefa Bauer f\u00fcr + Amalie Bauer Klassenkameraden Realschule Abensberg f\u00fcr + Rupert Kr\u00f6pfl Donnerstag, 29.03.\u00a0\u00a0\u00a0\u00a0\u00a0\u00a0\u00a0\u00a0\u00a0\u00a0\u00a0\u00a0\u00a0\u00a0\u00a0 Gr\u00fcndonnerstag Elsendorf\u00a0\u00a0\u00a0\u00a0\u00a0\u00a0\u00a0\u00a0 19.00 Uhr\u00a0\u00a0\u00a0\u00a0\u00a0\u00a0 f\u00fcr die Priester und Ordensleute aus den Pfarreien Elsendorf, Appersdorf und der Expositur Berghausen musik. Gestaltung: Terra Nova &hellip; <a href=\"https:\/\/www.pfarrei-elsendorf.de\/content\/gottesdienstordnung-vom-27-03-2018-16-04-2018\/\" class=\"more-link\"><span class=\"screen-reader-text\">Gottesdienstordnung vom 27.03.2018 \u2013 16.04.2018<\/span> weiterlesen <span class=\"meta-nav\">&rarr;<\/span><\/a><\/p>\n","protected":false},"author":1,"featured_media":0,"comment_status":"closed","ping_status":"closed","sticky":false,"template":"","format":"standard","meta":{"footnotes":""},"categories":[1,9],"tags":[],"class_list":["post-384","post","type-post","status-publish","format-standard","hentry","category-allgemein","category-archiv"],"_links":{"self":[{"href":"https:\/\/www.pfarrei-elsendorf.de\/content\/wp-json\/wp\/v2\/posts\/384","targetHints":{"allow":["GET"]}}],"collection":[{"href":"https:\/\/www.pfarrei-elsendorf.de\/content\/wp-json\/wp\/v2\/posts"}],"about":[{"href":"https:\/\/www.pfarrei-elsendorf.de\/content\/wp-json\/wp\/v2\/types\/post"}],"author":[{"embeddable":true,"href":"https:\/\/www.pfarrei-elsendorf.de\/content\/wp-json\/wp\/v2\/users\/1"}],"replies":[{"embeddable":true,"href":"https:\/\/www.pfarrei-elsendorf.de\/content\/wp-json\/wp\/v2\/comments?post=384"}],"version-history":[{"count":2,"href":"https:\/\/www.pfarrei-elsendorf.de\/content\/wp-json\/wp\/v2\/posts\/384\/revisions"}],"predecessor-version":[{"id":430,"href":"https:\/\/www.pfarrei-elsendorf.de\/content\/wp-json\/wp\/v2\/posts\/384\/revisions\/430"}],"wp:attachment":[{"href":"https:\/\/www.pfarrei-elsendorf.de\/content\/wp-json\/wp\/v2\/media?parent=384"}],"wp:term":[{"taxonomy":"category","embeddable":true,"href":"https:\/\/www.pfarrei-elsendorf.de\/content\/wp-json\/wp\/v2\/categories?post=384"},{"taxonomy":"post_tag","embeddable":true,"href":"https:\/\/www.pfarrei-elsendorf.de\/content\/wp-json\/wp\/v2\/tags?post=384"}],"curies":[{"name":"wp","href":"https:\/\/api.w.org\/{rel}","templated":true}]}}