{"id":386,"date":"2018-03-25T09:17:42","date_gmt":"2018-03-25T07:17:42","guid":{"rendered":"http:\/\/www.pfarrei-elsendorf.de\/content\/?p=386"},"modified":"2018-07-22T19:37:21","modified_gmt":"2018-07-22T17:37:21","slug":"messintentionen-und-mitteilungsblatt-bis-16-04-2018","status":"publish","type":"post","link":"https:\/\/www.pfarrei-elsendorf.de\/content\/messintentionen-und-mitteilungsblatt-bis-16-04-2018\/","title":{"rendered":"Messintentionen und Mitteilungsblatt bis 16.04.2018"},"content":{"rendered":"<p><strong><em>Elsendorfer Kirchenspatzen<br \/>\n<\/em><\/strong>Montag, 2.4.\u00a0\u00a0\u00a0\u00a0 9.15 Einsingen in der Pfarrkirche<br \/>\nFreitag, 13.4.\u00a0\u00a0\u00a0\u00a0 16.15 \u2013 17.15 Uhr Singstunde im Pfarrheim<\/p>\n<p><strong><em>Kirchenchor<br \/>\n<\/em><\/strong>Freitag, 30.3.\u00a0\u00a0\u00a0\u00a0 14.30 \u00a0Uhr Einsingen im Pfarrheim<\/p>\n<p><strong><em>Terra Nova<br \/>\n<\/em><\/strong>Donnerstag, 29.3. \u00a0\u00a0\u00a0\u00a0\u00a0\u00a0\u00a0\u00a0 18 Uhr Einsingen in der Pfarrkirche<br \/>\nSamstag, 31.3.\u00a0\u00a0\u00a0\u00a0\u00a0\u00a0\u00a0\u00a0\u00a0\u00a0\u00a0\u00a0\u00a0\u00a0\u00a0\u00a0 19 Uhr Einsingen im Pfarrheim<br \/>\nFreitag, 13.4. \u00a0\u00a0\u00a0 \u00a0\u00a0\u00a0\u00a0\u00a0\u00a0\u00a0\u00a0\u00a0\u00a0\u00a0\u00a0\u00a0\u00a0\u00a0 19.30 Uhr Singstunde im Pfarrheim<\/p>\n<p>Die <strong>Krankenkommunion <\/strong>bringt Pfarrer Albert Vogl am 12. April.<\/p>\n<p>Am Montag, 26.3. besuchen einige unserer Kommunionkinder und Ministranten mit Ihren Eltern die <strong>Chrisammesse <\/strong>im Dom zu Regensburg, in der die hl. \u00d6le Chrisam, Infirmorum und Katechumenen\u00a0 vom Bischof geweiht werden. Die \u00d6le ben\u00f6tigt man bei den Sakramenten\u00a0 Taufe, Firmung und Krankensalbung.<\/p>\n<p><strong>Ministranten<br \/>\n<\/strong>Vor den Gottesdiensten der Ostertage sind f\u00fcr die <u>eingeteilten <\/u>Ministranten Probentermine festgesetzt:<br \/>\nf\u00fcr Gr\u00fcndonnerstag in Elsendorf am 29.3. um 10 Uhr;<br \/>\nf\u00fcr Karfreitag in Elsendorf am 30.3. nach dem Kreuzweg,<br \/>\nin Appersdorf am 29.3. um 17 Uhr;<br \/>\nf\u00fcr die Osternacht in Elsendorf am 31.3. um 10 Uhr,<br \/>\nin Appersdorf am 31.3. um 11 Uhr;<\/p>\n<p>Die Ministranten der Pfarrei Appersdorf und Berghausen ziehen am Karfreitag mit den Ratschen (&#8222;die Glocken sind nach Rom geflogen&#8220;) zu den H\u00e4usern und bitten um eine Gabe, mit der Sie den treuen Dienst unserer Ministranten belohnen sollten.<\/p>\n<p><strong>Familiengottesdienst am Ostermontag<br \/>\n<\/strong>Bei der Gestaltung dieses Gottesdienstes wirken\u00a0 das Team Silvia Fischer und Hildegard Lanzl mit Pfarrer Albert Vogl zusammen und selbstverst\u00e4ndlich auch unsere Kirchenspatzen. So ein Familiengottesdienst ist f\u00fcr alle Gl\u00e4ubigen, er l\u00e4dt aber auch speziell die jungen Familien zur Teilnahme ein \u2013 durch die Gestaltung und durch die moderneren Lieder.<\/p>\n<p>N\u00e4chste Gruppenstunde der <strong>Kommunionkinder <\/strong>ist am 14.4. von 14 \u2013 16 Uhr im Pfarrheim.<\/p>\n<p><strong>\u00dc-60<br \/>\n<\/strong>Der erste Tagesausflug in diesem Jahr am 17. April f\u00fchrt nach Maria Br\u00fcnnlein bei Wemding, in den Schaugarten der Firma Dehner in Rain am Lech zur abschlie\u00dfenden Einkehr nach Lindach. Abfahrt um 9 Uhr am Kirchplatz Elsendorf, Zusteigem\u00f6glichkeiten wie immer. Wir danken Theres Gabelsberger, dass sie wieder die Organisation der Ausfl\u00fcge \u00fcbernommen hat. Alle sind beim Ausflug willkommen! Anmeldungen sind ab sofort im Pfarrb\u00fcro m\u00f6glich.<\/p>\n<p><strong>KDFB<br \/>\n<\/strong>Der Frauenbund \u00fcbernimmt wieder den <strong>Osterputz <\/strong>in den Pfarrkirchen. In Elsendorf ist daf\u00fcr Mittwoch, 28.3. ab 9 Uhr angesetzt.<br \/>\nAllen Frauen gilt ein dankbares Vergelt\u00b4s Gott!<\/p>\n<p>Der KDFB bietet f\u00fcr seine Mitglieder wieder eine M\u00f6glichkeit zum <strong>T\u00f6pfern<\/strong> an.<br \/>\nDer erste Kursabend ist am Dienstag, 17. April ab 18 Uhr im Werkraum der Grundschule Elsendorf geplant. Folgetermine werden im Kurs abgesprochen. Anmeldung bei Irmgard Graf unter Telefonnummer 1675. Die Materialkosten werden am Ende des Kurses abgerechnet. Die Teilnehmerzahl ist aus Platzgr\u00fcnden leider begrenzt.<\/p>\n<p><strong>Dank<br \/>\n<\/strong>Als erstes danken wir dem Pfarrgemeinderat f\u00fcr die Durchf\u00fchrung des Fastensuppenessens, den Kommunionkindern und ihren Eltern f\u00fcr die Vorbereitung der Suppe, dem Koch Karl \u00a0K\u00f6nig und den Spendern der Zutaten Resi Heindl, der B\u00e4ckerei Brunner, der Metzgerei Br\u00fccklmeier und des Geb\u00e4cks Rita Wagner , Silvia Fischer und aus den B\u00e4ckerinnen aus den Reihen des PGR. Die Verwendung des Erl\u00f6ses wird noch bestimmt.<\/p>\n<p>Wir danken allen aus den Pfarreien, die sich um die w\u00fcrdige Gestaltung der Ostertage m\u00fchen: Kirchenputz, Kirchenschmuck, Musik und Gesang, f\u00fcr die Palmbuschen, der Schreinerei Archus Neumayer, Palmesel, den liturgischen Diensten, dem Familiengottesdienstteam. Es ist f\u00fcr alle eine zus\u00e4tzliche Anstrengung &#8211; aber an Ostern kann dann Pfarrer Albert Vogl \u00a0allen Gl\u00e4ubigen ein wirklich frohes Osterfest w\u00fcnschen.<\/p>\n<p><strong>Gesamtpfarrgemeinderat<br \/>\n<\/strong>Der Pfarrgemeinderat der Periode 2018 \u2013 2022 hatte die konsistuierende Sitzung und w\u00e4hlte Lothar Fischer aus Elsendorf zum Sprecher, Katharina Dasch aus Berghausen zur Schriftf\u00fchrerin. Die Verabschiedung der ausgeschiedenen Mitglieder erfolgt beim Vorabendgottesdienst am 21. 4. in Elsendorf.<\/p>\n<hr \/>\n<p>Nachbarschaftshilfe 0151\u20137015754<\/p>\n<hr \/>\n<p>Katholisches Pfarramt Elsendorf<br \/>\nMainburger Stra\u00dfe 1<br \/>\n84094 Elsendorf<br \/>\nTelefon: 08753\/245<br \/>\nFax: 08753\/910498<br \/>\ne-mail: pfarramt\u201cAT\u201celsendorf.de<br \/>\nInternet: www.pfarrei-elsendorf.de<br \/>\nB\u00fcrozeiten :<br \/>\nDienstag 8:00 Uhr \u2013 12:00 Uhr<br \/>\nFreitag 15:00 Uhr \u2013 17:00 Uhr<\/p>\n","protected":false},"excerpt":{"rendered":"<p>Elsendorfer Kirchenspatzen Montag, 2.4.\u00a0\u00a0\u00a0\u00a0 9.15 Einsingen in der Pfarrkirche Freitag, 13.4.\u00a0\u00a0\u00a0\u00a0 16.15 \u2013 17.15 Uhr Singstunde im Pfarrheim Kirchenchor Freitag, 30.3.\u00a0\u00a0\u00a0\u00a0 14.30 \u00a0Uhr Einsingen im Pfarrheim Terra Nova Donnerstag, 29.3. \u00a0\u00a0\u00a0\u00a0\u00a0\u00a0\u00a0\u00a0 18 Uhr Einsingen in der Pfarrkirche Samstag, 31.3.\u00a0\u00a0\u00a0\u00a0\u00a0\u00a0\u00a0\u00a0\u00a0\u00a0\u00a0\u00a0\u00a0\u00a0\u00a0\u00a0 19 Uhr Einsingen im Pfarrheim Freitag, 13.4. \u00a0\u00a0\u00a0 \u00a0\u00a0\u00a0\u00a0\u00a0\u00a0\u00a0\u00a0\u00a0\u00a0\u00a0\u00a0\u00a0\u00a0\u00a0 19.30 Uhr Singstunde im Pfarrheim Die Krankenkommunion &hellip; <a href=\"https:\/\/www.pfarrei-elsendorf.de\/content\/messintentionen-und-mitteilungsblatt-bis-16-04-2018\/\" class=\"more-link\"><span class=\"screen-reader-text\">Messintentionen und Mitteilungsblatt bis 16.04.2018<\/span> weiterlesen <span class=\"meta-nav\">&rarr;<\/span><\/a><\/p>\n","protected":false},"author":1,"featured_media":0,"comment_status":"closed","ping_status":"closed","sticky":false,"template":"","format":"standard","meta":{"footnotes":""},"categories":[1,9],"tags":[],"class_list":["post-386","post","type-post","status-publish","format-standard","hentry","category-allgemein","category-archiv"],"_links":{"self":[{"href":"https:\/\/www.pfarrei-elsendorf.de\/content\/wp-json\/wp\/v2\/posts\/386","targetHints":{"allow":["GET"]}}],"collection":[{"href":"https:\/\/www.pfarrei-elsendorf.de\/content\/wp-json\/wp\/v2\/posts"}],"about":[{"href":"https:\/\/www.pfarrei-elsendorf.de\/content\/wp-json\/wp\/v2\/types\/post"}],"author":[{"embeddable":true,"href":"https:\/\/www.pfarrei-elsendorf.de\/content\/wp-json\/wp\/v2\/users\/1"}],"replies":[{"embeddable":true,"href":"https:\/\/www.pfarrei-elsendorf.de\/content\/wp-json\/wp\/v2\/comments?post=386"}],"version-history":[{"count":3,"href":"https:\/\/www.pfarrei-elsendorf.de\/content\/wp-json\/wp\/v2\/posts\/386\/revisions"}],"predecessor-version":[{"id":389,"href":"https:\/\/www.pfarrei-elsendorf.de\/content\/wp-json\/wp\/v2\/posts\/386\/revisions\/389"}],"wp:attachment":[{"href":"https:\/\/www.pfarrei-elsendorf.de\/content\/wp-json\/wp\/v2\/media?parent=386"}],"wp:term":[{"taxonomy":"category","embeddable":true,"href":"https:\/\/www.pfarrei-elsendorf.de\/content\/wp-json\/wp\/v2\/categories?post=386"},{"taxonomy":"post_tag","embeddable":true,"href":"https:\/\/www.pfarrei-elsendorf.de\/content\/wp-json\/wp\/v2\/tags?post=386"}],"curies":[{"name":"wp","href":"https:\/\/api.w.org\/{rel}","templated":true}]}}