{"id":391,"date":"2018-05-12T20:24:10","date_gmt":"2018-05-12T18:24:10","guid":{"rendered":"http:\/\/www.pfarrei-elsendorf.de\/content\/?p=391"},"modified":"2018-07-22T19:36:41","modified_gmt":"2018-07-22T17:36:41","slug":"gottesdienstordnung-vom-15-05-2018-10-06-2018","status":"publish","type":"post","link":"https:\/\/www.pfarrei-elsendorf.de\/content\/gottesdienstordnung-vom-15-05-2018-10-06-2018\/","title":{"rendered":"Gottesdienstordnung vom 15.05.2018 \u2013 10.06.2018"},"content":{"rendered":"<p>Wir feiern Gottesdienst:<\/p>\n<p><strong>Dienstag, 15.05.<\/strong><br \/>\nElsendorf<br \/>\n19.00 Uhr\u00a0\u00a0\u00a0\u00a0\u00a0\u00a0 Familie Weiher f\u00fcr + Xaver Weiher und Katharina Gr\u00fcnberger, Familie Andreas Weingartner f\u00fcr + Leonhard Weingartner<\/p>\n<p><strong>Mittwoch, 16.05.\u00a0\u00a0\u00a0\u00a0\u00a0\u00a0\u00a0\u00a0\u00a0\u00a0\u00a0\u00a0\u00a0\u00a0\u00a0\u00a0\u00a0\u00a0\u00a0 Hl. Johannes Nepomuk, Priester, M\u00e4rtyrer<\/strong><br \/>\nMaria Br\u00fcnnl<br \/>\n16.30 Uhr\u00a0\u00a0\u00a0\u00a0\u00a0\u00a0 KiGO Maiandacht<\/p>\n<p>Haunsbach<br \/>\n19.00 Uhr\u00a0\u00a0\u00a0\u00a0\u00a0\u00a0 Katharina Gra\u00dfl f\u00fcr + Rosa Woschek<br \/>\nBerthilde, Stefanie und Christian Krojer f\u00fcr + Oma und Opa Andreas und Maria Krojer<br \/>\nTheresia Lindner f\u00fcr + Eltern und Geschwister<br \/>\nMaria Mirlach f\u00fcr + 2 Br\u00fcder<br \/>\nLeonhard Limmer f\u00fcr + Andreas und Maria Krojer<\/p>\n<p><strong>Donnerstag, 17.05.\u00a0\u00a0\u00a0\u00a0<\/strong><br \/>\nMeilenhofen<br \/>\n18.00 Uhr\u00a0\u00a0\u00a0\u00a0\u00a0 Sieglinde K\u00fcfner f\u00fcr + Schwester Katharina Gr\u00fcnberger<br \/>\nAntonia Sommerer f\u00fcr + Ehemann Josef, Sohn Anton und Lebenspartner Edi<br \/>\nAnna Frank f\u00fcr Ehemann z. Sttg.<br \/>\nElisabeth Fertl f\u00fcr + Johanna und Benno K\u00f6nig<br \/>\nAntonia Plank f\u00fcr + Eltern und Gro\u00dfeltern<br \/>\nMarianne Frank f\u00fcr + Onkel Richard Huber<\/p>\n<p><strong>Freitag, 18.05.\u00a0\u00a0\u00a0\u00a0\u00a0\u00a0\u00a0\u00a0\u00a0\u00a0\u00a0\u00a0\u00a0\u00a0\u00a0\u00a0\u00a0\u00a0\u00a0\u00a0\u00a0\u00a0 Hl. Johannes I., Papst, M\u00e4rtyrer<\/strong><br \/>\nSt. Anton<br \/>\n13.00 Uhr\u00a0\u00a0\u00a0\u00a0\u00a0\u00a0 T r a u u n g \u00a0Hermann und Petra B\u00f6ckler<br \/>\n<strong>Samstag, 19.05.\u00a0\u00a0\u00a0\u00a0\u00a0\u00a0\u00a0\u00a0\u00a0\u00a0\u00a0\u00a0\u00a0\u00a0\u00a0\u00a0\u00a0\u00a0\u00a0 V o r a b e n d g o t t e s d i e n s t<\/strong><br \/>\nHaunsbach<br \/>\n13.00 Uhr\u00a0\u00a0\u00a0\u00a0\u00a0\u00a0 T r a u u n g\u00a0\u00a0 Josef und Maria Decker<\/p>\n<p>Elsendorf<br \/>\n19.00 Uhr\u00a0\u00a0\u00a0\u00a0\u00a0\u00a0 Familie Lidwina Amesreiter f\u00fcr\u00a0 Ehemann z. Sttg.<br \/>\nFamilie B\u00f6sl f\u00fcr Ehemann u. Vater z Sttg<br \/>\nFamilie Haage sen. f\u00fcr beide + Eltern<br \/>\nFamilie Haage sen. f\u00fcr + Sepp Hierl, Mainburg<br \/>\nChristine Schwanner f\u00fcr + Mutter Maria Hofbauer<br \/>\nAlfred Hofbauer f\u00fcr + Tante Zenta Hofbauer<br \/>\nmusik. Gestaltung: Terra Nova<\/p>\n<p>Berghausen<br \/>\n19.30 Uhr\u00a0\u00a0\u00a0\u00a0\u00a0\u00a0 Georg Sirl zu Ehren der Maienk\u00f6nigin und f\u00fcr + Eltern<br \/>\nFamilie Burger f\u00fcr + Verwandte<br \/>\nFamilie Helmut Kramschuster f\u00fcr + Eltern bds.<br \/>\nFamilie Holzner f\u00fcr + Angeh\u00f6rige<br \/>\nCenta Haltmaier f\u00fcr + Ehemann<br \/>\nWalburga Weiher f\u00fcr + Eltern und Schwiegereltern<\/p>\n<p><strong>Sonntag, 20.05.\u00a0\u00a0\u00a0\u00a0\u00a0\u00a0\u00a0\u00a0\u00a0\u00a0<\/strong><br \/>\n<strong>\u00a0\u00a0\u00a0\u00a0\u00a0\u00a0\u00a0\u00a0\u00a0\u00a0\u00a0\u00a0\u00a0\u00a0\u00a0\u00a0\u00a0\u00a0\u00a0\u00a0\u00a0\u00a0 PFINGSTEN &#8211; HOCHFEST DES HEILIGEN GEISTES<\/strong><br \/>\nElsendorf<br \/>\n9.00 Uhr\u00a0\u00a0\u00a0\u00a0\u00a0\u00a0 P f a r r g o t t e s d i e n s t<br \/>\nStiftsmesse Kreszenz Zieglmaier f\u00fcr + Angeh\u00f6rige<br \/>\nFamilie Josef Fellner f\u00fcr + Schwester Gertraud Feigl<br \/>\nWalburga Greis f\u00fcr + Verwandte<\/p>\n<p>Appersdorf<br \/>\n10.00 Uhr\u00a0\u00a0\u00a0\u00a0\u00a0\u00a0 FFW Appersdorf f\u00fcr + Mitglied Alois Bauer<br \/>\nFamilie Wittmann f\u00fcr + Maria Bachmeier<br \/>\nKatharina Gra\u00dfl f\u00fcr + Alois Bauer und + Johann Hilz<br \/>\nEgid Senger f\u00fcr + Vater<br \/>\n14.00 Uhr\u00a0\u00a0\u00a0\u00a0\u00a0\u00a0 T a u f e \u00a0Felicitas Donatien Braford<br \/>\nund Maximilian Klitzsch<\/p>\n<p><strong>Montag, 21.05.\u00a0\u00a0\u00a0\u00a0\u00a0\u00a0\u00a0\u00a0\u00a0\u00a0\u00a0\u00a0\u00a0\u00a0\u00a0\u00a0\u00a0\u00a0\u00a0\u00a0\u00a0 PFINGSTMONTAG<\/strong><br \/>\nSt. Anton<br \/>\n9.00 Uhr\u00a0\u00a0\u00a0\u00a0\u00a0\u00a0 Aufstellug zum Festzug<br \/>\n9.30 Uhr\u00a0\u00a0\u00a0\u00a0\u00a0 Festgottesdienst zelebriert und Festpredigt von ehem. Milit\u00e4rpfarrer Karl-Dieter Schmidt<br \/>\nBauverein St. Anton f\u00fcr + Mitglieder<br \/>\nIsolde Lanzl f\u00fcr + Elmar Weichenrieder<br \/>\nAnna Lanzl f\u00fcr + Ehemann und Vater<br \/>\nJagdgenossenschaft Ratzenhofen f\u00fcr + Anton Wagner<\/p>\n<p><strong>Sonntag, 27.05.\u00a0\u00a0\u00a0\u00a0\u00a0\u00a0\u00a0\u00a0\u00a0\u00a0\u00a0\u00a0\u00a0\u00a0\u00a0\u00a0\u00a0 HOCHFEST DER HEILIGSTEN<\/strong> <strong>DREIFALTIGKEIT<\/strong><br \/>\nElsendorf<br \/>\n9.00 Uhr\u00a0\u00a0\u00a0\u00a0\u00a0\u00a0 e. g. P. zum Dank<br \/>\nErika Rainer f\u00fcr + Schwiegereltern<br \/>\nFamilie Erwin Prummer f\u00fcr + Eltern<br \/>\nHermann Sch\u00f6ttl f\u00fcr + Taufpaten Josef Sch\u00f6ttl<br \/>\nJosef Mayerhofer f\u00fcr + Eltern und Tante<\/p>\n<p>Appersdorf<br \/>\n10.00 Uhr\u00a0\u00a0\u00a0\u00a0\u00a0\u00a0 P f a r r g o t t e s d i e n s t<br \/>\nKrieger- und Soldatenkameradschaft f\u00fcr + Andreas Krojer<br \/>\nFFW Appersdorf f\u00fcr + Mitglied Helmut Prix<br \/>\nFamilie Singerl f\u00fcr + Vater<br \/>\nFamilie Stehr f\u00fcr + Nachbarn Helmut Prix<\/p>\n<p>Berghausen<br \/>\n11.00 Uhr\u00a0\u00a0\u00a0\u00a0\u00a0\u00a0 Familie Haas f\u00fcr + Norbert Niesl<br \/>\nChrista Amberger f\u00fcr Mutter z. Sterbezeit<br \/>\nFamilie Reinhard Haltmaier f\u00fcr + Vater und Opa Sebastian Haltmaier<br \/>\nFamilie Holzner f\u00fcr + Norbert Niesl<br \/>\n+ Berta Sedlmeier f\u00fcr + Gro\u00dfeltern, Onkeln und Tanten<br \/>\nFamilie Josef Gschl\u00f6\u00dfl f\u00fcr + Berta und Lorenz Sedlmeier<br \/>\nFamilie Schinagl f\u00fcr + Berta Sedlmeier<br \/>\nFamilie Burger f\u00fcr + Berta Sedlmeier<\/p>\n<p>Maria-Hilf-Kapelle<br \/>\n18.00 Uhr\u00a0 Maiandacht (bei Regen in der Pfarrkirche)<br \/>\ngestaltet von der B\u00fcrgergemeinschaft der Gemeinde Elsendorf<\/p>\n<p><strong>Mittwoch, 30.05.\u00a0\u00a0\u00a0\u00a0\u00a0\u00a0\u00a0\u00a0\u00a0\u00a0\u00a0\u00a0\u00a0\u00a0\u00a0\u00a0\u00a0\u00a0\u00a0 V o r a b e n d g o t t e s d i e n s t<\/strong><br \/>\nAppersdorf<br \/>\n19.00 Uhr\u00a0\u00a0\u00a0\u00a0\u00a0\u00a0 Familie Andreas Weingartner f\u00fcr + Eltern und Verwandte<br \/>\nRudolf Rupp f\u00fcr + Pfarrer Otto Baumgartner<\/p>\n<p><strong>Donnerstag, 31.05.\u00a0\u00a0\u00a0\u00a0\u00a0\u00a0\u00a0\u00a0\u00a0 HOCHFEST DES LEIBES UND BLUTES CHRISTI &#8211; Fronleichnam<\/strong><br \/>\nElsendorf<br \/>\n9.00 Uhr\u00a0\u00a0\u00a0\u00a0\u00a0\u00a0 Leni Jofer f\u00fcr + Thomas und Kathi Heindl<br \/>\nGundi Weingartner f\u00fcr + Ehemann Leonhard<br \/>\nanschl. Fronleichnamsprozession<br \/>\nmusik Gestaltung: Kirchenchor<\/p>\n<p><strong>Samstag, 02.06.\u00a0\u00a0\u00a0\u00a0\u00a0\u00a0\u00a0\u00a0\u00a0\u00a0\u00a0\u00a0\u00a0\u00a0\u00a0\u00a0\u00a0\u00a0\u00a0<\/strong><br \/>\nSt. Anton<br \/>\n14.00 Uhr\u00a0\u00a0\u00a0\u00a0\u00a0\u00a0 T r a u u n g\u00a0 Ralf und Monika Kroneisen<\/p>\n<p>Berghausen<br \/>\n18.00 Uhr\u00a0\u00a0\u00a0\u00a0\u00a0 Familie Wilhelmine Kramschuster f\u00fcr + Eltern<br \/>\nW. und M.\u00a0 Haberl<br \/>\nElisabeth Neppl f\u00fcr + Berta Sedlmeier<br \/>\nMagdalena Amberger f\u00fcr + Angeh\u00f6rige<br \/>\nFamilie Josef Gschl\u00f6\u00dfl sen. f\u00fcr + Eltern und Bruder<br \/>\nFamilie Prummer f\u00fcr + Norbert Niesl<br \/>\nanschl. Fronleichnamsprozession<\/p>\n<p><strong>Sonntag, 03.06.\u00a0\u00a0\u00a0\u00a0\u00a0\u00a0\u00a0\u00a0\u00a0\u00a0\u00a0\u00a0\u00a0\u00a0\u00a0\u00a0\u00a0\u00a0\u00a0\u00a0 9. SONNTAG IM JAHRESKREIS<\/strong><br \/>\nAppersdorf<br \/>\n9.00 Uhr\u00a0\u00a0\u00a0\u00a0\u00a0 Ursula Fellner f\u00fcr Mutter z. Sttg.<br \/>\nLeonhard Br\u00fccklmaier f\u00fcr + Ehefrau<br \/>\nanschl. Fronleichnamsprozession<\/p>\n<p>Elsendorf<br \/>\n14.00 Uhr\u00a0\u00a0\u00a0\u00a0\u00a0 P f a r r g o t t e s d i e n s t<br \/>\nResi Heindl f\u00fcr + Eltern und Gro\u00dfeltern<br \/>\nFranz Meister f\u00fcr + Bruder Helmuth<br \/>\nPeter Weindler f\u00fcr\u00a0 + Bruder Max<\/p>\n<p><strong>15.00 Uhr\u00a0 Pfarrfest<\/strong><\/p>\n<p>Dienstag, 05.06.\u00a0\u00a0\u00a0\u00a0\u00a0\u00a0\u00a0\u00a0\u00a0\u00a0\u00a0\u00a0\u00a0\u00a0\u00a0\u00a0\u00a0\u00a0\u00a0 Hl. Bonifatius, \u00a0Bischof, Apostel Deutschlands<br \/>\nElsendorf<br \/>\n19.00 Uhr\u00a0\u00a0\u00a0\u00a0\u00a0\u00a0 Marika Amesreiter f\u00fcr + Onkel und + Oma<\/p>\n<p><strong>Donnerstag, 07.06.\u00a0\u00a0\u00a0\u00a0\u00a0\u00a0\u00a0\u00a0\u00a0\u00a0\u00a0\u00a0\u00a0\u00a0\u00a0<\/strong><br \/>\nHorneck<br \/>\n19.00 Uhr\u00a0\u00a0\u00a0\u00a0\u00a0\u00a0 Fabian Ecker f\u00fcr + Oma Maria Brunner<br \/>\nFamilie Lorenz Niedermeier f\u00fcr + Herbert Kr\u00f6pfl<\/p>\n<p><strong>Samstag, 09.06.\u00a0\u00a0\u00a0\u00a0\u00a0\u00a0\u00a0\u00a0\u00a0\u00a0\u00a0\u00a0\u00a0\u00a0\u00a0\u00a0\u00a0\u00a0\u00a0 V o r a b e n d g o t t e s d i e n s t<\/strong><br \/>\nElsendorf<br \/>\n19.00 Uhr\u00a0\u00a0\u00a0\u00a0\u00a0\u00a0 Xaver Gammel f\u00fcr + Eltern Mina und Xaver Gammel<br \/>\nAnna Sp\u00f6ckner f\u00fcr + Ehemann und + Sohn<br \/>\nGeschwister Sch\u00f6ttl f\u00fcr + Eltern Johann und Emilie Sch\u00f6ttl und + Geschwister<br \/>\nGundi Weingartner f\u00fcr + Josef Sch\u00f6ttl<\/p>\n<p>Berghausen<br \/>\n19.30 Uhr\u00a0\u00a0\u00a0\u00a0\u00a0 Katharina Schinagl f\u00fcr + Eltern und + Bruder<br \/>\nFamilie Sepp Haas f\u00fcr Eltern Alois und Anna z. Sttg.<br \/>\nCenta Haltmaier f\u00fcr + Ehemann<br \/>\nMarlene Prummer f\u00fcr + Vater<br \/>\nViktoria Niesl f\u00fcr Ehemann Norbert z. Sttg.<\/p>\n<p><strong>Sonntag, 10.06.\u00a0\u00a0\u00a0\u00a0\u00a0\u00a0\u00a0\u00a0\u00a0\u00a0\u00a0\u00a0\u00a0\u00a0\u00a0\u00a0\u00a0\u00a0\u00a0\u00a0 10. SONNTAG IM JAHRESKREIS<\/strong><br \/>\nElsendorf<br \/>\n9.00 Uhr\u00a0\u00a0\u00a0\u00a0\u00a0\u00a0 Familie Hohmann f\u00fcr + Vater Alfons Kirmaier z. Geb.<br \/>\nFamilie Franz Jungbauer f\u00fcr + Onkel Alois Bauer<br \/>\nFamilie Hermann Mirlach f\u00fcr + Alois Bauer<\/p>\n<p>Appersdorf<br \/>\n10.00 Uhr\u00a0\u00a0\u00a0\u00a0\u00a0\u00a0 P f a r r g o t t e s d i e n s t<br \/>\nFamilie Rosa Stanglmair f\u00fcr + Ehemann und Vater<br \/>\nFamilie Ursula Weingartner f\u00fcr + Vater, Bruder und Verwandte<\/p>\n<p>St. Anton<br \/>\n11.00 Uhr\u00a0\u00a0\u00a0\u00a0\u00a0\u00a0 T a u f e Theresa Plank<br \/>\n14.00 Uhr\u00a0\u00a0\u00a0\u00a0\u00a0\u00a0 T a u f e\u00a0 Pauline Magdalena Roth<\/p>\n","protected":false},"excerpt":{"rendered":"<p>Wir feiern Gottesdienst: Dienstag, 15.05. Elsendorf 19.00 Uhr\u00a0\u00a0\u00a0\u00a0\u00a0\u00a0 Familie Weiher f\u00fcr + Xaver Weiher und Katharina Gr\u00fcnberger, Familie Andreas Weingartner f\u00fcr + Leonhard Weingartner Mittwoch, 16.05.\u00a0\u00a0\u00a0\u00a0\u00a0\u00a0\u00a0\u00a0\u00a0\u00a0\u00a0\u00a0\u00a0\u00a0\u00a0\u00a0\u00a0\u00a0\u00a0 Hl. Johannes Nepomuk, Priester, M\u00e4rtyrer Maria Br\u00fcnnl 16.30 Uhr\u00a0\u00a0\u00a0\u00a0\u00a0\u00a0 KiGO Maiandacht Haunsbach 19.00 Uhr\u00a0\u00a0\u00a0\u00a0\u00a0\u00a0 Katharina Gra\u00dfl f\u00fcr + Rosa Woschek Berthilde, Stefanie und Christian Krojer f\u00fcr + Oma und &hellip; <a href=\"https:\/\/www.pfarrei-elsendorf.de\/content\/gottesdienstordnung-vom-15-05-2018-10-06-2018\/\" class=\"more-link\"><span class=\"screen-reader-text\">Gottesdienstordnung vom 15.05.2018 \u2013 10.06.2018<\/span> weiterlesen <span class=\"meta-nav\">&rarr;<\/span><\/a><\/p>\n","protected":false},"author":1,"featured_media":0,"comment_status":"closed","ping_status":"closed","sticky":false,"template":"","format":"standard","meta":{"footnotes":""},"categories":[1,9],"tags":[],"class_list":["post-391","post","type-post","status-publish","format-standard","hentry","category-allgemein","category-archiv"],"_links":{"self":[{"href":"https:\/\/www.pfarrei-elsendorf.de\/content\/wp-json\/wp\/v2\/posts\/391","targetHints":{"allow":["GET"]}}],"collection":[{"href":"https:\/\/www.pfarrei-elsendorf.de\/content\/wp-json\/wp\/v2\/posts"}],"about":[{"href":"https:\/\/www.pfarrei-elsendorf.de\/content\/wp-json\/wp\/v2\/types\/post"}],"author":[{"embeddable":true,"href":"https:\/\/www.pfarrei-elsendorf.de\/content\/wp-json\/wp\/v2\/users\/1"}],"replies":[{"embeddable":true,"href":"https:\/\/www.pfarrei-elsendorf.de\/content\/wp-json\/wp\/v2\/comments?post=391"}],"version-history":[{"count":2,"href":"https:\/\/www.pfarrei-elsendorf.de\/content\/wp-json\/wp\/v2\/posts\/391\/revisions"}],"predecessor-version":[{"id":393,"href":"https:\/\/www.pfarrei-elsendorf.de\/content\/wp-json\/wp\/v2\/posts\/391\/revisions\/393"}],"wp:attachment":[{"href":"https:\/\/www.pfarrei-elsendorf.de\/content\/wp-json\/wp\/v2\/media?parent=391"}],"wp:term":[{"taxonomy":"category","embeddable":true,"href":"https:\/\/www.pfarrei-elsendorf.de\/content\/wp-json\/wp\/v2\/categories?post=391"},{"taxonomy":"post_tag","embeddable":true,"href":"https:\/\/www.pfarrei-elsendorf.de\/content\/wp-json\/wp\/v2\/tags?post=391"}],"curies":[{"name":"wp","href":"https:\/\/api.w.org\/{rel}","templated":true}]}}