{"id":414,"date":"2018-07-04T20:52:08","date_gmt":"2018-07-04T18:52:08","guid":{"rendered":"http:\/\/www.pfarrei-elsendorf.de\/content\/?p=414"},"modified":"2018-09-30T18:06:09","modified_gmt":"2018-09-30T16:06:09","slug":"messintentionen-und-mitteilungsblatt-bis-22-07-2018","status":"publish","type":"post","link":"https:\/\/www.pfarrei-elsendorf.de\/content\/messintentionen-und-mitteilungsblatt-bis-22-07-2018\/","title":{"rendered":"Messintentionen und Mitteilungsblatt bis 22.07.2018"},"content":{"rendered":"<p><strong><em>Kirchenchor<br \/>\n<\/em><\/strong>Montag, 16.7.\u00a0\u00a0 19.30 Uhr Singstunde in der Pfarrkirche<\/p>\n<p><strong><em>Elsendorfer Kirchenspatzen<br \/>\n<\/em><\/strong>Freitag, 13.7.\u00a0\u00a0\u00a0\u00a0 16.15 \u2013 17.15 Uhr Singstunde im Pfarrheim<\/p>\n<p><strong><em>Terra Nova<br \/>\n<\/em><\/strong>Sonntag, 15.7.\u00a0 9.30 Einsingen f\u00fcr GO beim TV Meilenhofen<\/p>\n<p>Termine und Infos f\u00fcr den <strong>Ferienpfarrbrief<\/strong> bis 13.7. im Pfarrb\u00fcro abgeben<\/p>\n<p>Alle \u00dc-60 der Pfarreien sind am Donnerstag, den 12.7. ab 14 Uhr beim <strong>Grillnachmittag im Pfarrgarten<\/strong> herzlich willkommen, gerne mit einem Salat (evt. Absprache mit Martha Forster). Au\u00dfer den Grillschmankerln wartet noch eine \u00dcberraschung auf die Besucher.<\/p>\n<p><strong>Ministranten<br \/>\n<\/strong>Am 14.7. Ausflug der Ministranten der Pfarreien in den Dinopark in Denkendorf. Der Vorabendgottesdienst in Elsendorf entf\u00e4llt.<\/p>\n<p>Am 21.7. Gruppenstunde der Elsendorfer Ministranten.<\/p>\n<p><strong>Annafest<br \/>\n<\/strong>Zum 25-j\u00e4hrigen Bestehen des Annafestes erwarten wir BGR Pfarrer Arnold Pirner als Festprediger. \u00a0Die Mitglieder des KDFB beteiligen sich mit Schal und Fahne.<\/p>\n<hr \/>\n<p style=\"text-align: center;\"><strong>Nachbarschaftshilfe 0151\u20137015754<\/strong><\/p>\n<hr \/>\n<p>Katholisches Pfarramt Elsendorf<br \/>\nMainburger Stra\u00dfe 1<br \/>\n84094 Elsendorf<br \/>\nTelefon: 08753\/245<br \/>\nFax: 08753\/910498<br \/>\ne-mail: pfarramt\u201cAT\u201celsendorf.de<br \/>\nInternet: www.pfarrei-elsendorf.de<br \/>\nB\u00fcrozeiten :<br \/>\nDienstag 8:00 Uhr \u2013 12:00 Uhr<br \/>\nFreitag 15:00 Uhr \u2013 17:00 Uhr<\/p>\n","protected":false},"excerpt":{"rendered":"<p>Kirchenchor Montag, 16.7.\u00a0\u00a0 19.30 Uhr Singstunde in der Pfarrkirche Elsendorfer Kirchenspatzen Freitag, 13.7.\u00a0\u00a0\u00a0\u00a0 16.15 \u2013 17.15 Uhr Singstunde im Pfarrheim Terra Nova Sonntag, 15.7.\u00a0 9.30 Einsingen f\u00fcr GO beim TV Meilenhofen Termine und Infos f\u00fcr den Ferienpfarrbrief bis 13.7. im Pfarrb\u00fcro abgeben Alle \u00dc-60 der Pfarreien sind am Donnerstag, den 12.7. ab 14 Uhr beim &hellip; <a href=\"https:\/\/www.pfarrei-elsendorf.de\/content\/messintentionen-und-mitteilungsblatt-bis-22-07-2018\/\" class=\"more-link\"><span class=\"screen-reader-text\">Messintentionen und Mitteilungsblatt bis 22.07.2018<\/span> weiterlesen <span class=\"meta-nav\">&rarr;<\/span><\/a><\/p>\n","protected":false},"author":1,"featured_media":0,"comment_status":"closed","ping_status":"closed","sticky":false,"template":"","format":"standard","meta":{"footnotes":""},"categories":[9],"tags":[],"class_list":["post-414","post","type-post","status-publish","format-standard","hentry","category-archiv"],"_links":{"self":[{"href":"https:\/\/www.pfarrei-elsendorf.de\/content\/wp-json\/wp\/v2\/posts\/414","targetHints":{"allow":["GET"]}}],"collection":[{"href":"https:\/\/www.pfarrei-elsendorf.de\/content\/wp-json\/wp\/v2\/posts"}],"about":[{"href":"https:\/\/www.pfarrei-elsendorf.de\/content\/wp-json\/wp\/v2\/types\/post"}],"author":[{"embeddable":true,"href":"https:\/\/www.pfarrei-elsendorf.de\/content\/wp-json\/wp\/v2\/users\/1"}],"replies":[{"embeddable":true,"href":"https:\/\/www.pfarrei-elsendorf.de\/content\/wp-json\/wp\/v2\/comments?post=414"}],"version-history":[{"count":3,"href":"https:\/\/www.pfarrei-elsendorf.de\/content\/wp-json\/wp\/v2\/posts\/414\/revisions"}],"predecessor-version":[{"id":417,"href":"https:\/\/www.pfarrei-elsendorf.de\/content\/wp-json\/wp\/v2\/posts\/414\/revisions\/417"}],"wp:attachment":[{"href":"https:\/\/www.pfarrei-elsendorf.de\/content\/wp-json\/wp\/v2\/media?parent=414"}],"wp:term":[{"taxonomy":"category","embeddable":true,"href":"https:\/\/www.pfarrei-elsendorf.de\/content\/wp-json\/wp\/v2\/categories?post=414"},{"taxonomy":"post_tag","embeddable":true,"href":"https:\/\/www.pfarrei-elsendorf.de\/content\/wp-json\/wp\/v2\/tags?post=414"}],"curies":[{"name":"wp","href":"https:\/\/api.w.org\/{rel}","templated":true}]}}