{"id":418,"date":"2018-07-22T18:55:47","date_gmt":"2018-07-22T16:55:47","guid":{"rendered":"http:\/\/www.pfarrei-elsendorf.de\/content\/?p=418"},"modified":"2018-12-15T15:23:42","modified_gmt":"2018-12-15T14:23:42","slug":"418","status":"publish","type":"post","link":"https:\/\/www.pfarrei-elsendorf.de\/content\/418\/","title":{"rendered":"Gottesdienstordnung vom 24.07.2018 &#8211; 30.09.2018"},"content":{"rendered":"<p><em><strong>Wir feiern Gottesdienst:<\/strong><\/em><\/p>\n<p><strong>Dienstag, 24.07.<\/strong><br \/>\nElsendorf<br \/>\n19.00 Uhr\u00a0\u00a0\u00a0\u00a0\u00a0\u00a0 KDFB f\u00fcr + Mitglied Betty Wendl<br \/>\nHilde Sp\u00e4th f\u00fcr + Ehemann und + Schwiegereltern<br \/>\n19.30 Uhr\u00a0\u00a0\u00a0\u00a0\u00a0\u00a0 PGR Sitzung<\/p>\n<p><strong>Mittwoch, 25.07.\u00a0\u00a0\u00a0\u00a0\u00a0\u00a0\u00a0\u00a0\u00a0\u00a0\u00a0\u00a0\u00a0\u00a0\u00a0\u00a0\u00a0\u00a0\u00a0 Hl. Jakobus, Apostel<br \/>\n<\/strong>St. Anton<br \/>\n16.30 Uhr\u00a0\u00a0\u00a0\u00a0\u00a0\u00a0 <strong>Kleinkindergottesdienst<br \/>\n<\/strong>19.00 Uhr\u00a0\u00a0\u00a0\u00a0\u00a0\u00a0 Franziska Maurer f\u00fcr + Eltern, Schwester und Schwager<br \/>\nAnna Lanzl f\u00fcr + Verwandte<br \/>\nElfriede Haindl f\u00fcr + Bruder Josef M\u00fcller und<br \/>\n+ Schwager Anton Haindl<br \/>\nBrigitte Mirlach f\u00fcr Mutter z. Sttg.<br \/>\nRainer Pietsch f\u00fcr + Anton Wagner<br \/>\nFamilie H\u00e4ckl f\u00fcr + Peter Hausler und Rudolf Maurer<\/p>\n<p><strong>Donnerstag, 26.07.\u00a0\u00a0\u00a0\u00a0\u00a0\u00a0\u00a0\u00a0\u00a0\u00a0\u00a0\u00a0\u00a0\u00a0 Hl. Joachim und Hl. Anna, Eltern<br \/>\nder<\/strong> <strong>Gottesmutter Maria<br \/>\n<\/strong>Meilenhofen<br \/>\n19.00 Uhr\u00a0\u00a0\u00a0\u00a0\u00a0\u00a0 Wally Kellner f\u00fcr + Enkel Markus und Corinna<br \/>\nAntonia Sommerer f\u00fcr + Eltern, Schwiegereltern,<br \/>\n2 Schwestern und Schw\u00e4gerin<br \/>\nSophie Weinberger f\u00fcr + Eltern und + Bruder<br \/>\nMaria Sigl f\u00fcr + Eltern und Geschwister<br \/>\nBrigitte Amberger f\u00fcr + Mutter Elisabeth Fertl<\/p>\n<p><strong>Freitag, 27.07.<br \/>\n<\/strong>Grundschule<br \/>\n8.15 Uhr\u00a0\u00a0\u00a0\u00a0\u00a0\u00a0\u00a0\u00a0 Wortgottesdienst \u00a0zum Schuljahresende<\/p>\n<p><strong>Samstag, 28.07.<br \/>\n<\/strong>St. Anton<br \/>\n13.00 Uhr\u00a0\u00a0\u00a0\u00a0\u00a0\u00a0 Brautmesse Leonhard und Sabrina Sachsenhauser<\/p>\n<p>Elsendorf<br \/>\n19.00 Uhr\u00a0\u00a0\u00a0\u00a0\u00a0\u00a0 V o r a b e n d g o t t e s d i e n s t<br \/>\nStiftsmesse Josef Stempfhuber f\u00fcr<br \/>\n+ Mutter Anna Donaubauer<br \/>\nResi Heindl f\u00fcr + Eltern und Verwandte<br \/>\nFamilie Kroker f\u00fcr + Vater Georg Saule<\/p>\n<p><strong>Sonntag, 29.07.\u00a0\u00a0\u00a0\u00a0\u00a0\u00a0\u00a0\u00a0\u00a0\u00a0\u00a0\u00a0\u00a0\u00a0\u00a0\u00a0\u00a0\u00a0\u00a0\u00a0 17. SONNTAG IM JAHRESKREIS<br \/>\n<\/strong>Appersdorf<br \/>\n<strong>9.00 Uhr<\/strong>\u00a0\u00a0\u00a0\u00a0\u00a0 Familie Hilz f\u00fcr + Elisabeth Stehr<br \/>\nMonika und Inge Bachmeier f\u00fcr + Katharina Gr\u00fcnberger<br \/>\nund Katharina Beck<br \/>\nLeonhard Br\u00fccklmaier f\u00fcr + Ehefrau<br \/>\nJosef Bauer f\u00fcr + Ehefrau Rosa<br \/>\nMaria Thomas f\u00fcr + Ehemann<\/p>\n<p>Elsendorf<br \/>\n<strong>10.00 Uhr<\/strong>\u00a0\u00a0\u00a0\u00a0\u00a0 <strong>Familiengottesdienst<br \/>\n<\/strong>\u00a0\u00a0\u00a0\u00a0\u00a0\u00a0\u00a0\u00a0\u00a0\u00a0\u00a0\u00a0\u00a0\u00a0\u00a0\u00a0\u00a0\u00a0\u00a0\u00a0\u00a0\u00a0\u00a0\u00a0\u00a0\u00a0\u00a0\u00a0\u00a0\u00a0 Sportplatz TSV Elsendorf f\u00fcr die + Mitglieder<br \/>\n<em>\u00a0\u00a0\u00a0\u00a0\u00a0\u00a0\u00a0\u00a0\u00a0\u00a0\u00a0\u00a0\u00a0\u00a0\u00a0\u00a0\u00a0\u00a0\u00a0\u00a0\u00a0\u00a0\u00a0\u00a0\u00a0\u00a0\u00a0\u00a0\u00a0\u00a0 musik. Gestaltung: Kirchenspatzen<\/em><\/p>\n<p><strong>Samstag, 04.08.\u00a0\u00a0\u00a0\u00a0\u00a0\u00a0\u00a0\u00a0\u00a0\u00a0\u00a0\u00a0\u00a0\u00a0\u00a0\u00a0\u00a0\u00a0\u00a0 V o r a b e n d g o t t e s d i e n s t<br \/>\n<\/strong>Elsendorf<br \/>\n19.00 Uhr\u00a0\u00a0\u00a0\u00a0\u00a0\u00a0 Antonie Fritsch f\u00fcr + Schwester Rosa<br \/>\nMaria Enzmann f\u00fcr + Schwester Elisabeth<br \/>\nFamilie Scheuenpflug f\u00fcr + Anton Wagner<\/p>\n<p><strong>Sonntag, 05.08.\u00a0\u00a0\u00a0\u00a0\u00a0\u00a0\u00a0\u00a0\u00a0\u00a0\u00a0\u00a0\u00a0\u00a0\u00a0\u00a0\u00a0\u00a0\u00a0\u00a0 18. SONNTAG IM JAHRESKREIS<br \/>\n<\/strong>Appersdorf<br \/>\n<strong>10.00 Uhr<\/strong>\u00a0\u00a0\u00a0\u00a0\u00a0 P f a r r g o t t e s d i e n s t<br \/>\nMarianne Weichenrieder, E f\u00fcr<br \/>\n+ Vater und Schwiegermutter<br \/>\nGabriele Bauer f\u00fcr + Mutter<br \/>\nFamilie Stock f\u00fcr + Josef und Gudrun Stock<\/p>\n<p>Berghausen<br \/>\n10.30 Uhr\u00a0\u00a0\u00a0\u00a0\u00a0\u00a0 FFW BH f\u00fcr + Mitglieder<br \/>\n<em><strong>Dorffest<\/strong><\/em><br \/>\nGertraud Burger f\u00fcr + Ehemann z. Geb.<br \/>\nFamilie Zettl f\u00fcr + Cousin Georg Burger<br \/>\nHelga Gschl\u00f6\u00dfl f\u00fcr + Maria H\u00e4rtl<br \/>\nIrmgard Gschl\u00f6\u00dfl sen. f\u00fcr + Eltern und Schwester<\/p>\n<p><strong>Samstag, 11.08.<\/strong><\/p>\n<p>St. Anton<br \/>\n12.30 Uhr\u00a0\u00a0\u00a0\u00a0\u00a0\u00a0 T r a u u n g \u00a0Julia und Timo W\u00e4hling<\/p>\n<p>Elsendorf<br \/>\n19.00 Uhr\u00a0\u00a0\u00a0\u00a0\u00a0\u00a0 V o r a b e n d g o t t e s d i e n s t<br \/>\nFamilie Matth\u00e4us Faltermeier f\u00fcr + Eltern bds.<br \/>\nMaria Enzmann f\u00fcr + Josef Fellner<\/p>\n<p><strong>Sonntag, 12.08.\u00a0\u00a0\u00a0\u00a0\u00a0\u00a0\u00a0\u00a0\u00a0\u00a0\u00a0\u00a0\u00a0\u00a0\u00a0\u00a0\u00a0\u00a0\u00a0\u00a0 19. SONNTAG IM JAHRESKREIS<br \/>\n<\/strong>Appersdorf<br \/>\n<strong>10.30 Uhr<\/strong>\u00a0\u00a0\u00a0\u00a0\u00a0 Rosa Stanglmair f\u00fcr + Schwiegereltern und Verwandte<br \/>\nAstrid\u00a0 Bauer f\u00fcr + Mutter<br \/>\nAnton Hilz f\u00fcr + Schwester Rosa<\/p>\n<p><strong>Dienstag, 14.08.\u00a0\u00a0\u00a0\u00a0\u00a0\u00a0\u00a0\u00a0\u00a0\u00a0\u00a0\u00a0\u00a0\u00a0\u00a0\u00a0\u00a0\u00a0\u00a0 V o r a b e n d g o t t e s d i e n s t<br \/>\n<\/strong>Elsendorf<br \/>\n19.00 Uhr\u00a0\u00a0\u00a0\u00a0\u00a0\u00a0 Rudi Gallmaier f\u00fcr + Schwager Franz Niederhammer und + Schw\u00e4gerin Helene Gallmaier<br \/>\nRosi Niederhammer f\u00fcr + Betty Wendl<br \/>\nChristl Faltermeier f\u00fcr + Helene Gallmaier und + Hans Eder<br \/>\nResi Scheuerer f\u00fcr + Hans Friedl<br \/>\n<em><strong>nach dem Gottesdienst bietet der Frauenbund die gesegneten Kr\u00e4uterb\u00fcscherl zum Kauf an (3 \u20ac)<\/strong><\/em><\/p>\n<p><strong>Mittwoch, 15.08.\u00a0\u00a0\u00a0\u00a0\u00a0\u00a0\u00a0\u00a0 HOCHFEST DER AUFNAHME MARIENS <\/strong><br \/>\n<strong>\u00a0\u00a0\u00a0\u00a0\u00a0\u00a0\u00a0\u00a0\u00a0\u00a0\u00a0\u00a0\u00a0\u00a0\u00a0\u00a0\u00a0\u00a0\u00a0\u00a0\u00a0\u00a0\u00a0\u00a0\u00a0\u00a0\u00a0\u00a0\u00a0\u00a0\u00a0\u00a0\u00a0\u00a0\u00a0\u00a0\u00a0\u00a0\u00a0\u00a0\u00a0\u00a0\u00a0\u00a0\u00a0\u00a0\u00a0\u00a0\u00a0\u00a0\u00a0\u00a0 IN DEN HIMMEL<br \/>\n<\/strong>Berghausen<br \/>\n<strong>10.00 Uhr<\/strong>\u00a0\u00a0\u00a0 H. u. K. Schinagl f\u00fcr + Verwandte bds.<br \/>\nFamilie Monika Haas f\u00fcr + Vater Georg Langwieser<br \/>\nLudwig Gschl\u00f6\u00dfl f\u00fcr + Vater z. Geb.<br \/>\nFamilie Thomas Kramschuster sen. zu Ehren der \u00a0\u00a0\u00a0\u00a0\u00a0\u00a0\u00a0\u00a0\u00a0\u00a0\u00a0\u00a0\u00a0\u00a0\u00a0\u00a0\u00a0\u00a0\u00a0\u00a0\u00a0\u00a0\u00a0\u00a0\u00a0\u00a0\u00a0\u00a0\u00a0 Gottesmutter und + Eltern<br \/>\nWalburga Weiher f\u00fcr + Ehemann, Vater und Opa z. Sttg.<br \/>\nFranziska Dasch f\u00fcr + Ehemann, Schwiegereltern,<br \/>\nSchwager und Schw\u00e4gerin<br \/>\n<em>\u00a0\u00a0\u00a0\u00a0\u00a0\u00a0\u00a0\u00a0\u00a0\u00a0\u00a0\u00a0\u00a0\u00a0\u00a0\u00a0\u00a0\u00a0\u00a0\u00a0\u00a0\u00a0\u00a0\u00a0\u00a0\u00a0\u00a0\u00a0\u00a0\u00a0 mit Segnung der Kr\u00e4uter<\/em><\/p>\n<p>Maria Br\u00fcnnl<br \/>\n<strong>10.30 Uhr<\/strong>\u00a0\u00a0\u00a0\u00a0\u00a0 Familie Hilz f\u00fcr + Pauline Binder<br \/>\nLeonhard Br\u00fccklmaier f\u00fcr Schwiegermutter zum Sterbetag<br \/>\nFamilie Burgmeier f\u00fcr + Eltern bds. und + Maria Klein<br \/>\nKarin Sommerer f\u00fcr Sternenkinder Maria und Maximilian<br \/>\nund + Mutter Waltraud Edmaier<br \/>\n<em>\u00a0\u00a0\u00a0\u00a0\u00a0\u00a0\u00a0\u00a0\u00a0\u00a0\u00a0\u00a0\u00a0\u00a0\u00a0\u00a0\u00a0\u00a0\u00a0\u00a0\u00a0\u00a0\u00a0\u00a0\u00a0\u00a0\u00a0\u00a0\u00a0\u00a0 nach dem Gottesdienst bietet der Frauenbund die \u00a0\u00a0\u00a0\u00a0\u00a0\u00a0\u00a0\u00a0\u00a0\u00a0\u00a0\u00a0\u00a0\u00a0\u00a0\u00a0\u00a0\u00a0\u00a0\u00a0\u00a0\u00a0\u00a0\u00a0\u00a0\u00a0\u00a0\u00a0\u00a0 gesegneten Kr\u00e4uterb\u00fcscherl zum Kauf an (3 \u20ac)<\/em><\/p>\n<p><strong>Samstag, 18.08.<br \/>\n<\/strong>Maria Br\u00fcnnl<br \/>\n13.00Uhr\u00a0\u00a0\u00a0\u00a0\u00a0\u00a0\u00a0 Brautmesse Daniela und Sebastian Schmid<\/p>\n<p>Elsendorf<br \/>\n19.00 Uhr\u00a0\u00a0\u00a0\u00a0\u00a0\u00a0 V o r a b e n d g o t t e s d i e n s t<br \/>\nFamilie Reithmair f\u00fcr + Ernst Reithmair<br \/>\nFamilie Albrecht f\u00fcr + Josef Fellner<br \/>\nMarciana Vogler-Emmend\u00f6rfer f\u00fcr + Ehemann<\/p>\n<p><strong>Sonntag, 19.08.\u00a0\u00a0\u00a0\u00a0\u00a0\u00a0\u00a0\u00a0\u00a0\u00a0\u00a0\u00a0\u00a0\u00a0\u00a0\u00a0\u00a0\u00a0\u00a0\u00a0 20. SONNTAG IM JAHRESKREIS<br \/>\n<\/strong>Maria Br\u00fcnnl<br \/>\n10.00 Uhr\u00a0\u00a0\u00a0\u00a0\u00a0\u00a0 P f a r r g o t t e s d i e n s t<br \/>\nMaria Melanie Bauer und Kinder f\u00fcr + Herbert Bauer<br \/>\nFamilie Konrad Bauer f\u00fcr + Tante Rosa<\/p>\n<p><strong>Freitag, 24.08.\u00a0\u00a0\u00a0\u00a0\u00a0\u00a0\u00a0\u00a0\u00a0\u00a0\u00a0\u00a0\u00a0\u00a0\u00a0\u00a0\u00a0\u00a0\u00a0\u00a0\u00a0\u00a0 Hl. Bartholom\u00e4us, Apostel<br \/>\n<\/strong>St. Anton\u00a0\u00a0\u00a0\u00a0\u00a0\u00a0\u00a0\u00a0 \u00a0\u00a0\u00a0\u00a0\u00a0\u00a0\u00a0\u00a0\u00a0\u00a0\u00a0\u00a0\u00a0\u00a0\u00a0\u00a0\u00a0\u00a0\u00a0 Brautmesse Cinzia und Marco Hundt<\/p>\n<p><strong>Samstag, 25.08.<br \/>\n<\/strong>Elsendorf<br \/>\n19.00 Uhr\u00a0\u00a0\u00a0\u00a0\u00a0\u00a0 P f a r r g o t t e s d i e n s t<br \/>\nFamilie Jungbauer f\u00fcr + Ehemann und Vater<br \/>\nChrista Saule f\u00fcr + Ehemann<br \/>\nReinhard Wagner f\u00fcr + Ehefrau<br \/>\nReinhard Wagner f\u00fcr + Eltern und Schwester<br \/>\nReinhard Wagner f\u00fcr + Schwiegereltern und Schw\u00e4ger<br \/>\nFamilie Gigl f\u00fcr + Eltern bds.<br \/>\nFamilie Rosi Niederhammer f\u00fcr + Ehemann und Vater<\/p>\n<p><strong>Sonntag, 26.08.\u00a0\u00a0\u00a0\u00a0\u00a0\u00a0\u00a0\u00a0\u00a0\u00a0\u00a0\u00a0\u00a0\u00a0\u00a0\u00a0\u00a0\u00a0\u00a0\u00a0 21. SONNTAG IM JAHRESKREIS<br \/>\n<\/strong>Appersdorf<br \/>\n10.00 Uhr\u00a0\u00a0\u00a0\u00a0\u00a0\u00a0 Familie Ginzinger f\u00fcr + Angeh\u00f6rige<br \/>\nGerlinde Fr\u00fchmorgen f\u00fcr + Bruder Thomas Wimmer und \u00a0\u00a0\u00a0\u00a0\u00a0\u00a0\u00a0\u00a0\u00a0\u00a0\u00a0\u00a0\u00a0\u00a0\u00a0\u00a0\u00a0\u00a0\u00a0\u00a0\u00a0\u00a0\u00a0\u00a0\u00a0\u00a0\u00a0\u00a0\u00a0 Ursula Wimmer f\u00fcr + Schwester Maria Brunner<br \/>\nLeonhard Br\u00fccklmaier f\u00fcr Ehefrau<\/p>\n<p><strong>Freitag, 31.08.<br \/>\n<\/strong>St. Anton\u00a0\u00a0\u00a0\u00a0\u00a0\u00a0\u00a0\u00a0\u00a0\u00a0\u00a0\u00a0\u00a0\u00a0\u00a0\u00a0\u00a0\u00a0\u00a0\u00a0\u00a0\u00a0\u00a0\u00a0\u00a0\u00a0\u00a0\u00a0\u00a0 T r a u u n g\u00a0 Josef Rossa und Kathrin Borsutzki<\/p>\n<p><strong>Samstag, 01.09.<br \/>\n<\/strong>St. Anton<br \/>\n13.00 Uhr\u00a0\u00a0\u00a0\u00a0\u00a0\u00a0 T r a u u n g \u00a0Andr\u00e9 und Stefanie Dornh\u00f6fer<\/p>\n<p>Elsendorf<br \/>\n19.00 Uhr\u00a0\u00a0\u00a0\u00a0\u00a0\u00a0 V o r a b e n d g o t t e s d i e n s t<br \/>\nErika Rainer f\u00fcr + Ehemann und Eltern<br \/>\nMaria Sch\u00f6ttl f\u00fcr + Freundin Betty Wendl<br \/>\nKrieger- und Reservistenverein f\u00fcr<br \/>\n+ Mitglied Johann Friedl<\/p>\n<p><strong>Sonntag, 02.09.\u00a0\u00a0\u00a0\u00a0\u00a0\u00a0\u00a0\u00a0\u00a0\u00a0\u00a0\u00a0\u00a0\u00a0\u00a0\u00a0\u00a0\u00a0\u00a0\u00a0 22. SONNTAG IM JAHRESKREIS<br \/>\n<\/strong>Appersdorf<br \/>\n10.00 Uhr\u00a0\u00a0\u00a0\u00a0\u00a0\u00a0 P f a r r g o t t e s d i e n s t<br \/>\nRosa Polz f\u00fcr + Ehemann<br \/>\nAnton Hilz f\u00fcr + Tante Rosa<\/p>\n<p><strong>Samstag, 08.09.\u00a0\u00a0\u00a0\u00a0\u00a0\u00a0\u00a0\u00a0\u00a0\u00a0\u00a0\u00a0\u00a0\u00a0\u00a0\u00a0\u00a0\u00a0\u00a0 V o r a b e n d g o t t e s d i e n s t<br \/>\n<\/strong>Elsendorf<br \/>\n13.00 Uhr\u00a0\u00a0\u00a0\u00a0\u00a0\u00a0 T a u f e Sophia Senger<br \/>\n19.00 Uhr\u00a0\u00a0\u00a0\u00a0\u00a0\u00a0 P f a r r g o t t e s d i e n s t<br \/>\nGeschwister M\u00fcller f\u00fcr + Mutter<br \/>\nRenate Hollmayer f\u00fcr + Anton Haindl<br \/>\nFamilien Haage, Schwertl und Wiltschko f\u00fcr<br \/>\n+ Anita Haage und + Josef Hierl<\/p>\n<p>Berghausen<br \/>\n<strong>19.30 Uhr<\/strong>\u00a0\u00a0\u00a0\u00a0\u00a0 Familie Haas f\u00fcr + Berta Sedlmeier<br \/>\nFamilie Sofie Amberger f\u00fcr + Ehemann und Vater z. Nam.<br \/>\nFamilie Anneliese Dasch f\u00fcr + Bruder Georg Burger<br \/>\nFamilie Barbara Maier f\u00fcr + Bruder Georg Burger<br \/>\nFamilie Johann Burger f\u00fcr + Vater Georg Burger<br \/>\nMaria Senger f\u00fcr + Cousin Georg Burger<\/p>\n<p><strong>Sonntag, 09.09.\u00a0\u00a0\u00a0\u00a0\u00a0\u00a0\u00a0\u00a0\u00a0\u00a0\u00a0\u00a0\u00a0\u00a0\u00a0\u00a0\u00a0\u00a0\u00a0\u00a0 23. SONNTAG IM JAHRESKREIS<br \/>\n<\/strong>Appersdorf<br \/>\n10.00 Uhr\u00a0\u00a0\u00a0\u00a0\u00a0\u00a0 Erwin Thomas f\u00fcr + Vater<br \/>\nHilde Stadler f\u00fcr + Bruder Herbert Bauer und + Eltern<\/p>\n<p><strong>Mittwoch, 12.09.\u00a0\u00a0\u00a0\u00a0\u00a0\u00a0\u00a0\u00a0\u00a0\u00a0\u00a0\u00a0\u00a0\u00a0\u00a0\u00a0\u00a0\u00a0\u00a0 Mari\u00e4 Namen<br \/>\n<\/strong>Meilenhofen<br \/>\n19.00 Uhr\u00a0\u00a0\u00a0\u00a0\u00a0\u00a0 <strong>Patrozinium<br \/>\n<\/strong>\u00a0\u00a0\u00a0\u00a0\u00a0\u00a0\u00a0\u00a0\u00a0\u00a0\u00a0\u00a0\u00a0\u00a0\u00a0\u00a0\u00a0\u00a0\u00a0\u00a0\u00a0\u00a0\u00a0\u00a0\u00a0\u00a0\u00a0\u00a0\u00a0\u00a0 Irmgard Hutter f\u00fcr + Mutter<br \/>\nMonika und Inge Bachmeier f\u00fcr + Maria und Josef \u00a0\u00a0\u00a0\u00a0\u00a0\u00a0\u00a0\u00a0\u00a0\u00a0\u00a0\u00a0\u00a0\u00a0\u00a0\u00a0\u00a0\u00a0\u00a0\u00a0\u00a0\u00a0\u00a0\u00a0\u00a0\u00a0\u00a0\u00a0\u00a0 Bachmeier, Tante Resi und Maria<br \/>\nMaria Sigl f\u00fcr + Katharina Gr\u00fcnberger, Rosa Bauer,<br \/>\nBetty Wendl und Maria Bachmeier<br \/>\nMarion Ostermeier f\u00fcr + Vater und + Gro\u00dfeltern<br \/>\nAnna Frank f\u00fcr + Eltern und Geschwister bds.<br \/>\nKarin und Georg Sommerer f\u00fcr + Gro\u00dfeltern bds.<\/p>\n<p><strong>Donnerstag, 13.09.\u00a0\u00a0\u00a0\u00a0\u00a0\u00a0\u00a0\u00a0\u00a0\u00a0\u00a0\u00a0\u00a0\u00a0\u00a0 Hl. Johannes Chrysostomus<br \/>\nu. hl. Notburga<br \/>\n<\/strong>Horneck<br \/>\n19.00 Uhr\u00a0\u00a0\u00a0\u00a0\u00a0\u00a0 Josef und Gertrud Haltmeier f\u00fcr + Rupert Kr\u00f6pfl<br \/>\nFamilie Sachsenhauser f\u00fcr + Eltern und Gro\u00dfeltern<\/p>\n<p><strong>Freitag, 14.09.\u00a0\u00a0\u00a0\u00a0\u00a0\u00a0\u00a0\u00a0\u00a0\u00a0\u00a0\u00a0\u00a0\u00a0\u00a0\u00a0\u00a0\u00a0\u00a0\u00a0\u00a0\u00a0 KREUZERH\u00d6HUNG<br \/>\n<\/strong>Haunsbach<br \/>\n19.00 Uhr\u00a0\u00a0\u00a0\u00a0\u00a0\u00a0 <strong>Patrozinium <\/strong><br \/>\nFamilie Alois Weiher f\u00fcr + Andreas und Maria Krojer<br \/>\nFrau Rosa Weiher f\u00fcr + Eltern und Gro\u00dfeltern<br \/>\nFamilie Kelbel, Pfettrach f\u00fcr + Maria Krojer<br \/>\nFamilie Lindner f\u00fcr + Andreas und Maria Krojer<\/p>\n<p><strong>Samstag, 15.09.<br \/>\n<\/strong><strong>Pfarrwallfahrt <\/strong>nach <strong>Bettbrunn<\/strong>Bettbrunn<br \/>\n15.00 Uhr\u00a0\u00a0\u00a0\u00a0\u00a0\u00a0 in den Anliegen der Wallfahrer<\/p>\n<p><strong>Sonntag, 16.09.\u00a0\u00a0\u00a0\u00a0\u00a0\u00a0\u00a0\u00a0\u00a0\u00a0\u00a0\u00a0\u00a0\u00a0\u00a0\u00a0\u00a0\u00a0\u00a0\u00a0 24. SONNTAG IM JAHRESKREIS<br \/>\n<\/strong>Elsendorf<br \/>\n9.00 Uhr\u00a0\u00a0\u00a0\u00a0\u00a0\u00a0 P f a r r g o t t e s d i e n s t<br \/>\nFamilie Reiter f\u00fcr + Eltern und Verwandte<br \/>\nFamilie Mirlach f\u00fcr + Eltern und Schwiegereltern<br \/>\nAntonie Fritsch f\u00fcr + Kapar Spornraft<br \/>\nGeschwister Mayer f\u00fcr + Eltern<\/p>\n<p>Appersdorf<br \/>\n10.00 Uhr\u00a0\u00a0\u00a0\u00a0\u00a0\u00a0 Leonhard Br\u00fccklmaier f\u00fcr Vater zum Sterbetag<\/p>\n<p><strong>Dienstag, 18.09.\u00a0\u00a0\u00a0\u00a0\u00a0\u00a0\u00a0\u00a0\u00a0\u00a0\u00a0\u00a0\u00a0\u00a0\u00a0\u00a0\u00a0\u00a0\u00a0 Dekanatstag Abensberg<br \/>\n<\/strong><em>Abensberg\u00a0\u00a0\u00a0\u00a0\u00a0\u00a0 <\/em><br \/>\n<em>19.00 Uhr\u00a0\u00a0\u00a0\u00a0\u00a0\u00a0 Gottesdienst<\/em><\/p>\n<p><strong>Donnerstag, 20.09.<br \/>\n<\/strong>St. Anton<br \/>\n19.00 Uhr\u00a0\u00a0\u00a0\u00a0\u00a0\u00a0 Lidwina Amesreiter f\u00fcr<br \/>\n+ Schwiegereltern und Verwandte<br \/>\nFamilie Anna Lanzl f\u00fcr + Schwager Josef Lanzl, M\u00fcnchen<br \/>\nAlois Dettenhofer f\u00fcr + Onkel und Tanten<br \/>\nFamilie Max H\u00e4ckl f\u00fcr + Anton Wagner<\/p>\n<p><strong>Samstag, 22.09.<br \/>\n<\/strong>Elsendorf<br \/>\n13.30 Uhr\u00a0\u00a0\u00a0\u00a0\u00a0\u00a0 Sch\u00fclertreffen Jahrgang 1938-40\u00a0 f\u00fcr<br \/>\n+ Lehrkr\u00e4fte und Mitsch\u00fcler<br \/>\n<strong>18.00 Uhr<\/strong>\u00a0\u00a0\u00a0\u00a0\u00a0 Geschwister Dettenhofer f\u00fcr Mutter z. Sttg.<br \/>\nGeschwister f\u00fcr\u00a0 Mutter Elisabeth Schloderer z. 25. Sttg.<br \/>\nHilde Sp\u00e4th f\u00fcr + Ehemann und Vater<br \/>\nf\u00fcr + S\u00e4nger und S\u00e4ngerinnen<\/p>\n<p><strong>Sonntag, 23.09.\u00a0\u00a0\u00a0\u00a0\u00a0\u00a0\u00a0\u00a0\u00a0\u00a0\u00a0\u00a0\u00a0\u00a0\u00a0\u00a0\u00a0\u00a0\u00a0\u00a0 25. SONNTAG IM JAHRESKREIS<br \/>\n<\/strong>Elsendorf<br \/>\n9.00 Uhr\u00a0\u00a0\u00a0\u00a0\u00a0\u00a0 Stiftsmesse Kreszenz Zieglmaier f\u00fcr + Angeh\u00f6rige<br \/>\nTraudl Mayerhofer f\u00fcr + Eltern<br \/>\nMaria Enzmann f\u00fcr + Geschwister und Angeh\u00f6rige<\/p>\n<p>Appersdorf<br \/>\n10.00 Uhr\u00a0\u00a0\u00a0\u00a0\u00a0\u00a0 <strong>Erntedankfest<br \/>\n<\/strong>Stiftsmesse f\u00fcr + Magdalena Weingartner<\/p>\n<p><strong>Dienstag, 25.09.\u00a0\u00a0\u00a0\u00a0\u00a0\u00a0\u00a0\u00a0\u00a0\u00a0\u00a0\u00a0\u00a0\u00a0\u00a0\u00a0\u00a0\u00a0\u00a0 Hl. Nikolaus v. Fl\u00fce, Einsiedler, Friedenstifter<br \/>\n<\/strong>Elsendorf<br \/>\n19.00 Uhr\u00a0\u00a0\u00a0\u00a0\u00a0\u00a0 Familie Niederhammer f\u00fcr + Josef Fellner<\/p>\n<p><strong>Mittwoch, 26.09.\u00a0\u00a0\u00a0\u00a0\u00a0\u00a0\u00a0\u00a0\u00a0\u00a0\u00a0\u00a0\u00a0\u00a0\u00a0\u00a0\u00a0\u00a0\u00a0 Hl. Kosmas u. Hl. Damian<br \/>\n<\/strong>Haunsbach<br \/>\n19.00 Uhr\u00a0\u00a0\u00a0\u00a0\u00a0\u00a0 Leonhard Limmer f\u00fcr + Eltern<br \/>\nAdolf Lindner f\u00fcr + Eltern und Geschwister<br \/>\nRenate Wagner f\u00fcr + Mutter und + Gro\u00dfeltern<\/p>\n<p><strong>Donnerstag, 27.09.\u00a0\u00a0\u00a0\u00a0\u00a0\u00a0\u00a0\u00a0\u00a0\u00a0\u00a0\u00a0\u00a0\u00a0\u00a0 Hl. Vinzenz v. Paul, Priester,<br \/>\nOrdensgr\u00fcnder<br \/>\n<\/strong>Meilenhofen<br \/>\n19.00 Uhr\u00a0\u00a0\u00a0\u00a0\u00a0\u00a0 Elisabeth Fertl f\u00fcr + Ehemann<br \/>\nFranz Stuiber f\u00fcr + Vater<br \/>\nKDFB f\u00fcr + Katharina Gr\u00fcnberger<br \/>\nMagdalena Amberger f\u00fcr + Elisabeth Fertl<br \/>\nEnkelkinder f\u00fcr + Oma Inge Sommerer<\/p>\n<p><strong>Freitag, 28.09.<br \/>\n<\/strong>Elsendorf<br \/>\n<strong>15.30 Uhr<\/strong>\u00a0\u00a0\u00a0\u00a0\u00a0 <strong>Sch\u00fclergottesdienst<br \/>\n<\/strong>\u00a0\u00a0\u00a0\u00a0\u00a0\u00a0\u00a0\u00a0\u00a0\u00a0\u00a0\u00a0\u00a0\u00a0\u00a0\u00a0\u00a0\u00a0\u00a0\u00a0\u00a0\u00a0\u00a0\u00a0\u00a0\u00a0\u00a0\u00a0\u00a0\u00a0 f\u00fcr die Erstkommunionkinder 2019<\/p>\n<p><strong>Samstag, 29.09.\u00a0\u00a0\u00a0\u00a0\u00a0\u00a0\u00a0\u00a0\u00a0\u00a0\u00a0\u00a0\u00a0\u00a0\u00a0\u00a0\u00a0\u00a0\u00a0 V o r a b e n d g o t t e s d i e n s t<\/strong><br \/>\n<strong><em>\u00a0\u00a0\u00a0\u00a0\u00a0\u00a0\u00a0\u00a0\u00a0\u00a0\u00a0\u00a0\u00a0\u00a0\u00a0\u00a0\u00a0\u00a0\u00a0\u00a0\u00a0\u00a0\u00a0\u00a0\u00a0\u00a0\u00a0\u00a0\u00a0\u00a0 Kollekte f\u00fcr den Pfarrbrief<br \/>\n<\/em><\/strong>Elsendorf<br \/>\n19.00 Uhr\u00a0\u00a0\u00a0\u00a0\u00a0\u00a0 Familie Elfriede Faltermeier f\u00fcr + Ehemann und Vater<br \/>\nFamilie Kr\u00f6pfl f\u00fcr + Marianne und Karl Waterkamp<\/p>\n<p><strong>Sonntag, 30.09.\u00a0\u00a0\u00a0\u00a0\u00a0\u00a0\u00a0\u00a0\u00a0\u00a0\u00a0\u00a0\u00a0\u00a0\u00a0\u00a0\u00a0\u00a0\u00a0\u00a0 26. SONNTAG IM JAHRESKREIS<\/strong><br \/>\n<strong><em>\u00a0\u00a0\u00a0\u00a0\u00a0\u00a0\u00a0\u00a0\u00a0\u00a0\u00a0\u00a0\u00a0\u00a0\u00a0\u00a0\u00a0\u00a0\u00a0\u00a0\u00a0\u00a0\u00a0\u00a0\u00a0\u00a0\u00a0\u00a0\u00a0\u00a0 Kollekte f\u00fcr den Pfarrbrief<br \/>\n<\/em><\/strong>Berghausen<br \/>\n9.00 Uhr\u00a0\u00a0\u00a0\u00a0\u00a0\u00a0 <strong>Erntedankfest <\/strong><br \/>\nCenta Haltmaier f\u00fcr Ehemann z. Sttg.<br \/>\nMagdalena Amberger f\u00fcr + Ehemann und Vater<br \/>\nFamilie Schwaiger f\u00fcr + Georg Burger<br \/>\nJosef und Elisabeth Neppl f\u00fcr + Eltern bds. und Gro\u00dfeltern<br \/>\nAnna Sirl f\u00fcr + Angeh\u00f6rige<br \/>\nFamilie Ludwig Niesl f\u00fcr + Onkel Norbert<\/p>\n<p>Appersdorf<br \/>\n10.00 Uhr\u00a0\u00a0\u00a0\u00a0\u00a0\u00a0 Leonhard Br\u00fccklmaier f\u00fcr + Ehefrau<br \/>\nClaudia Jedl f\u00fcr + Tante Rosa<\/p>\n","protected":false},"excerpt":{"rendered":"<p>Wir feiern Gottesdienst: Dienstag, 24.07. Elsendorf 19.00 Uhr\u00a0\u00a0\u00a0\u00a0\u00a0\u00a0 KDFB f\u00fcr + Mitglied Betty Wendl Hilde Sp\u00e4th f\u00fcr + Ehemann und + Schwiegereltern 19.30 Uhr\u00a0\u00a0\u00a0\u00a0\u00a0\u00a0 PGR Sitzung Mittwoch, 25.07.\u00a0\u00a0\u00a0\u00a0\u00a0\u00a0\u00a0\u00a0\u00a0\u00a0\u00a0\u00a0\u00a0\u00a0\u00a0\u00a0\u00a0\u00a0\u00a0 Hl. Jakobus, Apostel St. Anton 16.30 Uhr\u00a0\u00a0\u00a0\u00a0\u00a0\u00a0 Kleinkindergottesdienst 19.00 Uhr\u00a0\u00a0\u00a0\u00a0\u00a0\u00a0 Franziska Maurer f\u00fcr + Eltern, Schwester und Schwager Anna Lanzl f\u00fcr + Verwandte Elfriede Haindl f\u00fcr + &hellip; <a href=\"https:\/\/www.pfarrei-elsendorf.de\/content\/418\/\" class=\"more-link\"><span class=\"screen-reader-text\">Gottesdienstordnung vom 24.07.2018 &#8211; 30.09.2018<\/span> weiterlesen <span class=\"meta-nav\">&rarr;<\/span><\/a><\/p>\n","protected":false},"author":1,"featured_media":0,"comment_status":"closed","ping_status":"closed","sticky":false,"template":"","format":"standard","meta":{"footnotes":""},"categories":[1,9],"tags":[],"class_list":["post-418","post","type-post","status-publish","format-standard","hentry","category-allgemein","category-archiv"],"_links":{"self":[{"href":"https:\/\/www.pfarrei-elsendorf.de\/content\/wp-json\/wp\/v2\/posts\/418","targetHints":{"allow":["GET"]}}],"collection":[{"href":"https:\/\/www.pfarrei-elsendorf.de\/content\/wp-json\/wp\/v2\/posts"}],"about":[{"href":"https:\/\/www.pfarrei-elsendorf.de\/content\/wp-json\/wp\/v2\/types\/post"}],"author":[{"embeddable":true,"href":"https:\/\/www.pfarrei-elsendorf.de\/content\/wp-json\/wp\/v2\/users\/1"}],"replies":[{"embeddable":true,"href":"https:\/\/www.pfarrei-elsendorf.de\/content\/wp-json\/wp\/v2\/comments?post=418"}],"version-history":[{"count":9,"href":"https:\/\/www.pfarrei-elsendorf.de\/content\/wp-json\/wp\/v2\/posts\/418\/revisions"}],"predecessor-version":[{"id":432,"href":"https:\/\/www.pfarrei-elsendorf.de\/content\/wp-json\/wp\/v2\/posts\/418\/revisions\/432"}],"wp:attachment":[{"href":"https:\/\/www.pfarrei-elsendorf.de\/content\/wp-json\/wp\/v2\/media?parent=418"}],"wp:term":[{"taxonomy":"category","embeddable":true,"href":"https:\/\/www.pfarrei-elsendorf.de\/content\/wp-json\/wp\/v2\/categories?post=418"},{"taxonomy":"post_tag","embeddable":true,"href":"https:\/\/www.pfarrei-elsendorf.de\/content\/wp-json\/wp\/v2\/tags?post=418"}],"curies":[{"name":"wp","href":"https:\/\/api.w.org\/{rel}","templated":true}]}}