{"id":427,"date":"2018-07-22T19:32:01","date_gmt":"2018-07-22T17:32:01","guid":{"rendered":"http:\/\/www.pfarrei-elsendorf.de\/content\/?p=427"},"modified":"2018-12-15T15:25:23","modified_gmt":"2018-12-15T14:25:23","slug":"messintentionen-und-mitteilungsblatt-bis-30-09-2018","status":"publish","type":"post","link":"https:\/\/www.pfarrei-elsendorf.de\/content\/messintentionen-und-mitteilungsblatt-bis-30-09-2018\/","title":{"rendered":"Messintentionen und Mitteilungsblatt bis 30.09.2018"},"content":{"rendered":"<p><strong><em>Elsendorfer Kirchenspatzen<br \/>\n<\/em><\/strong><em>Freitag, 27.7.\u00a0\u00a0\u00a0\u00a0 16.15 \u2013 17.15 Uhr<\/em><br \/>\nSingstunde in der Pfarrkirche<strong><br \/>\n<\/strong><em>Sonntag, 29.7. \u00a0\u00a0\u00a09 Uhr<\/em><br \/>\nEinsingen F\u00fcr Fam-GO beim TSV-Sportheim<br \/>\n<em>Freitag, 24.8.\u00a0\u00a0\u00a0 17.30 \u2013 19.15\u00a0 Uhr<\/em><br \/>\nSingstunde im Pfarrheim f\u00fcr Chorjubil\u00e4um<br \/>\n<em>Samstag, 8.9.\u00a0\u00a0 12.15 Uhr\u00a0\u00a0\u00a0<\/em><br \/>\nEinsingen f\u00fcr Taufe in Pfarrkirche Elsendorf<br \/>\n<em>Freitag, 14.9.\u00a0\u00a0\u00a0 17.30 \u2013 19.15\u00a0 Uhr\u00a0<\/em><br \/>\nSingstunde im Pfarrheim f\u00fcr Chorjubil\u00e4um<br \/>\n<em>Freitag, 21.9.\u00a0\u00a0\u00a0 17.30 \u2013 19.15\u00a0 Uhr\u00a0<\/em><br \/>\nSingstunde im Pfarrheim f\u00fcr Chorjubil\u00e4um<br \/>\n<em>Samstag, 22.9. 16.30 Uhr\u00a0\u00a0<\/em><br \/>\nEinsingen in der Pfarrkirche f\u00fcrs Chorjubil\u00e4um<br \/>\n<em>Freitag, 28.9.\u00a0\u00a0\u00a0 16.00 \u2013 17.15 Uhr\u00a0\u00a0<\/em><br \/>\nSingstunde nach Sch\u00fclermesse im Pfarrheim<\/p>\n<p><strong><em>Terra Nova<br \/>\n<\/em><\/strong>Sonntag, 27.7.\u00a0 19.30 Uhr<br \/>\nSingstunde <strong>in der Pfarrkirche<br \/>\n<\/strong><em>Samstag, 28.7. 9.40 Uhr<\/em><br \/>\np\u00fcnktliche gemeinsame Abfahrt am Kirchplatz f\u00fcr<br \/>\nHochzeit in Rudelzhausen<br \/>\n<em>Freitag, 24.8.\u00a0\u00a0 <strong>18.30<\/strong> Uhr<\/em><br \/>\nSingstunde im Pfarrheim mit Kirchenspatzen<br \/>\n<em>Samstag, 25.8.\u00a0\u00a0 13 Uhr\u00a0<\/em><br \/>\nEinsingen f\u00fcr Hochzeit<br \/>\n<em>Freitag, 14.9.\u00a0\u00a0\u00a0 \u00a0\u00a018.30 Uhr<\/em><br \/>\nSingstunde im Pfarrheim mit Kirchenspatzen<br \/>\n<em>Freitag, 21.9.\u00a0\u00a0\u00a0 18.30 Uhr<\/em><br \/>\nSingstunde im Pfarrheim mit Kirchenspatzen<br \/>\n<em>Samstag, 22.9.\u00a0 16.30 Uhr<\/em><br \/>\nEinsingen in der Pfarrkirche f\u00fcrs Chorjubil\u00e4um<\/p>\n<p><strong><em>Kirchenchor<br \/>\n<\/em><\/strong><em>Dienstag, 14.8. 18.15 \u00a0Uhr<\/em><br \/>\nEinsingen f\u00fcr Maria Himmelfahrt in der \u00a0\u00a0\u00a0\u00a0\u00a0\u00a0\u00a0\u00a0\u00a0\u00a0\u00a0\u00a0\u00a0\u00a0\u00a0\u00a0\u00a0\u00a0\u00a0\u00a0\u00a0\u00a0\u00a0\u00a0\u00a0\u00a0\u00a0\u00a0\u00a0\u00a0\u00a0\u00a0\u00a0\u00a0\u00a0\u00a0\u00a0\u00a0\u00a0\u00a0\u00a0\u00a0\u00a0\u00a0\u00a0\u00a0\u00a0\u00a0\u00a0\u00a0\u00a0\u00a0\u00a0\u00a0\u00a0\u00a0\u00a0\u00a0\u00a0\u00a0\u00a0\u00a0\u00a0\u00a0\u00a0\u00a0\u00a0\u00a0\u00a0\u00a0\u00a0\u00a0\u00a0\u00a0\u00a0\u00a0\u00a0 Pfarrkirche<\/p>\n<p><strong>PGR<\/strong><br \/>\nDie Mitglieder des <strong>Pfarrgemeinderat<\/strong>es treffen sich am 24.7. im Pfarrheim zu einer Sitzung.<\/p>\n<p>Das <strong>Pfarrheim<\/strong> ist am 27. und 28.7. durch das Robert-Koch-Institut \u00a0belegt<\/p>\n<p><strong>Familiengottesdienste<br \/>\n<\/strong>Das Fam-Go-Team sucht f\u00fcr die aktive Mitgestaltung der Familiengottesdienste am 29.07. beim TSV Elsendorf und beim Fam-Go am 07.10. an Erntedank Kinder, die mitmachen wollen.<br \/>\nBei Interesse bitte kurze Nachricht an 0175\/9082000.<\/p>\n<p><em>Das Fam-Go-Team Silvia Fischer und Hildegard Lanzl und Pfarrer Albert Vogl<\/em><\/p>\n<p><strong>Abwesenheit Pfarrer Albert Vogl<\/strong><br \/>\nPfarrer Albert Vogl ist von 30.7. \u2013 17.8.in \u00a0<strong>Urlaub<\/strong>.<br \/>\nIn dringenden seelsorglichen F\u00e4llen \u00fcbernimmt Pater Maximilian ab 3.8. die Vertretung. Wir danken Pater Maximilian, Pfarrer i. R. Siegfried Felber und Pfarrer i. R. BGR Josef Schinagl f\u00fcr die \u00dcbernahme der Gottesdienste.<\/p>\n<p><strong>Appersdorf<br \/>\n<\/strong>Durch die am Br\u00fcnnl stattfindenden Bauarbeiten am Klausnergeb\u00e4ude und der Treppenanlage feiern wir die Gottesdienste wieder in der Pfarrkirche. Nur an Maria Himmelfahrt und dem darauffolgenden Wochenende wird die Gottesdienstfeier in der Br\u00fcnnlkirche erm\u00f6glicht.<\/p>\n<p><strong>KDFB \u2013 Maria Himmelfahrt<br \/>\n<\/strong>Der Frauenbund trifft sich am Dienstag, den 14. August um 14 Uhr zum Binden der Kr\u00e4uterstr\u00e4u\u00dfe. Der Frauenbund hofft auf viele Helferinnen und auf Kr\u00e4uter- und Blumenspenden. Diese k\u00f6nnen bereits am Vormittag vor dem Pfarrheim abgelegt werden.<br \/>\nDie gesegneten Kr\u00e4uterstr\u00e4u\u00dfe werden nach den Gottesdiensten zu Maria Himmelfahrt f\u00fcr 3 \u20ac pro Strau\u00df verkauft.<\/p>\n<p><strong>Senioren<br \/>\n<\/strong>Am Donnerstag, den 23. August sind die Senioren\u00a0 von Kindern im Rahmen des Ferienprogramms ab 14 Uhr im Pfarrgarten zu einem unterhaltsamen Nachmittag eingeladen. Silvia Fischer bereitet Kaffee und Kuchen vor und singt mit den Kindern und Ihnen Lieder aus fr\u00fcheren Zeiten.<\/p>\n<p><strong>Friedh\u00f6fe<br \/>\n<\/strong>Es ist eigentlich selbstverst\u00e4ndlich, keine Gegenst\u00e4nde von einem Grab zu entwenden. Nach aktuellen Vorkommnissen auf dem Friedhof Appersdorf m\u00fcssen wir leider ausdr\u00fccklich darauf hinweisen.<\/p>\n<p><strong>Mutter-Kind-Gruppe<br \/>\n<\/strong>Die Leitung der Mutter-Kind-Gruppe wechselt in den Sommerferien. Ein herzliches Vergelt\u00b4s Gott f\u00fcr diesen Dienst gilt Silvia Faltermeier. Und wir freuen uns, dass sich Juliane Buchner\u00a0 bereit erkl\u00e4rt hat weiterzumachen.<br \/>\nWenn Sie sich mit Ihrem Kleinkind der Gruppe anschlie\u00dfen wollen, setzen Sie sich bitte mit Frau Buchner unter der Nr. 0163 1337 382 in Verbindung. Das erste Treffen nach den Ferien ist am 11.9. im Pfarrheim.<\/p>\n<p><strong>Krankenkommunion<br \/>\n<\/strong>Am Donnerstag, den 13.September bringt Pfarrer Albert Vogl die hl. Kommunion zu den Kranken. Falls auch in Ihrer Familie ein Kranker den Wunsch hat, melden Sie ihn im Pfarrb\u00fcro.<\/p>\n<p><strong>Pfarrwallfahrt<\/strong> <strong>nach Bettbrunn<br \/>\n<\/strong>Alle Pfarrangeh\u00f6rigen mit Kindern und Jugendlichen und gerne auch \u201eAusw\u00e4rtige\u201c sind eingeladen\u00a0 miteinander am <strong>15.9.2018<\/strong> nach Bettbrunn zu pilgern.<br \/>\nDie Organisation der Wallfahrt liegt\u00a0 in den bew\u00e4hrten H\u00e4nden von Tom Polz.<br \/>\nAbgang mit dem Reisesegen ist in Appersdorf um 5.30 Uhr, in Elsendorf\u00a0 um 5.35 Uhr,\u00a0 jeweils in der Pfarrkirche. Die gesamte Strecke betr\u00e4gt 33 km, l\u00e4ngere Pausen werden in Schwaig (Fr\u00fchst\u00fcck) und Oberdolling (Mittagessen) eingelegt.<br \/>\nDie Wallfahrer werden vom Sanit\u00e4tsteam des Roten Kreuzes medizinisch betreut und mit einem Kleinbus begleitet, der auch Gep\u00e4ck bef\u00f6rdern kann.<br \/>\nWer nicht den gesamten Weg gehen kann, f\u00e4hrt mit dem Bus bis zur Zwischenstation nach Oberdolling, von dort aus kann man die letzten 7 km auf einem sch\u00f6nen Waldweg zu Fu\u00df mitpilgern.<br \/>\nDie zweite M\u00f6glichkeit ist\u00a0 direkt nach Bettbrunn zu fahren zum<br \/>\n<strong>Gottesdienst um 15 Uhr <\/strong>mit Beichtgelegenheit .<br \/>\nEs gelten folgende Zusteigem\u00f6glichkeiten:<\/p>\n<p><em><strong>Nach Oberdolliing\u00a0<\/strong><br \/>\n<strong>Meilenhofen<\/strong> Bushaltestelle Hauptstr :\u00a0\u00a0\u00a0\u00a0\u00a0 11.50 Uhr<br \/>\n<strong>Berghausen<\/strong> Gasthaus Gschl\u00f6\u00dfl:\u00a0\u00a0\u00a0\u00a0\u00a0\u00a0\u00a0\u00a0\u00a0\u00a0\u00a0\u00a0\u00a0 \u00a0 \u00a0 \u00a0 12.00 Uhr<br \/>\n<strong>Haunsbach<\/strong> Obere Bushaltest. (Maier):\u00a0\u00a0\u00a0\u00a0 12.05 Uhr<br \/>\n<strong>Appersdorf<\/strong> Bushaltestelle Hauptstr.:\u00a0\u00a0\u00a0\u00a0\u00a0\u00a0\u00a0 12.10 Uhr<br \/>\n<strong>Elsendorf<\/strong> Kirchplatz:\u00a0\u00a0\u00a0\u00a0\u00a0\u00a0\u00a0\u00a0\u00a0\u00a0\u00a0\u00a0\u00a0\u00a0\u00a0\u00a0\u00a0\u00a0\u00a0\u00a0\u00a0\u00a0\u00a0\u00a0\u00a0\u00a0 \u00a0\u00a0\u00a0\u00a0\u00a0\u00a0\u00a0\u00a0\u00a0\u00a0\u00a0\u00a0\u00a0\u00a0\u00a0\u00a0\u00a0 12.15 Uhr<\/em><\/p>\n<p><em><strong>Nach Bettbrunn<\/strong><br \/>\n<strong>Meilenhofen<\/strong> Bushaltestelle Hauptstr :\u00a0\u00a0\u00a0\u00a0\u00a0\u00a013.35 Uhr<br \/>\n<strong>Berghausen<\/strong> Gasthaus Gschl\u00f6\u00dfl:\u00a0\u00a0\u00a0\u00a0\u00a0\u00a0\u00a0\u00a0\u00a0\u00a0\u00a0\u00a0\u00a0 \u00a0 \u00a0 \u00a0 13.45 Uhr<br \/>\n<strong>Haunsbach<\/strong> Obere Bushaltest. (Maier):\u00a0\u00a0\u00a0\u00a0 13.50 Uhr<br \/>\n<strong>Appersdorf<\/strong> Bushaltestelle Hauptstr.:\u00a0\u00a0\u00a0\u00a0\u00a0\u00a0\u00a0 13.55 Uhr<br \/>\n<strong>Elsendorf<\/strong> Kirchplatz:\u00a0\u00a0\u00a0\u00a0\u00a0\u00a0\u00a0\u00a0\u00a0\u00a0\u00a0\u00a0\u00a0\u00a0\u00a0\u00a0\u00a0\u00a0\u00a0\u00a0\u00a0\u00a0\u00a0\u00a0\u00a0\u00a0 \u00a0\u00a0\u00a0\u00a0\u00a0\u00a0\u00a0\u00a0\u00a0\u00a0\u00a0\u00a0\u00a0\u00a0\u00a0\u00a0\u00a0 14.00 Uhr<\/em><\/p>\n<p>R\u00fcckfahrt direkt nach dem Gottesdienst gegen 15.45 Uhr.<br \/>\nDer Fahrpreis betr\u00e4gt 5 \u20ac; Kinder sind frei.<br \/>\nEs besteht die M\u00f6glichkeit in Bettbrunn einzukehren. Da jedoch in den letzten Jahren die Nachfrage sehr gering war, kann daf\u00fcr kein Bus eingesetzt werden.<br \/>\nEin herzliches Vergelt\u00b4s Gott dem Organisator Tom Polz, den Kreuztr\u00e4gern, Lautsprechertr\u00e4gern und Vorbetern und dem Pfarrgemeinderat.<br \/>\n<em><strong>Gottes Segen f\u00fcr alle Teilnehmer!<\/strong><\/em><\/p>\n<p><strong>Dekanatstag<br \/>\n<\/strong>Zum Dekanatstag am Dienstag, den 18.9.2018 in Abensberg erhalten die Pfarrgemeinder\u00e4te eine pers\u00f6nliche Einladung. Zum Gottesdienst sind alle Pfarrangeh\u00f6rigen willkommen.<\/p>\n<p><strong>Sch\u00fclergottesdienst<br \/>\n<\/strong>Zum ersten Sch\u00fclergottesdienst, der in der Regel am letzten Freitag des Monats in der Pfarrkirche Elsendorf stattfindet, sind alle Sch\u00fcler und alle Gl\u00e4ubigen eingeladen. Besonders freut sich Pfarrer Albert Vogl auf die Teilnahme der Kinder, die 2019 ihre erste hl. Kommunion empfangen wollen.<\/p>\n<p><strong>Ministrantengruppe Elsendorf<br \/>\n<\/strong>Die erste Gruppenstunde nach den Ferien ist am Samstag, 29.9.<br \/>\nim Pfarrheim ab 17 Uhr.<br \/>\nWir danken Sibylle W\u00fcrfl, die bis jetzt mit Christine Faltermeier den Ministrantenplan f\u00fcr euch gemacht hat.<\/p>\n<p><strong>Pfarrbrief<br \/>\n<\/strong>Bei den Gottesdiensten am 29. und 30. September bitten wir in der Kollekte um eine Gabe zur Finanzierung des Pfarrbriefs. Leser des Pfarrbriefs k\u00f6nnen gerne auch auf ein Konto der Kirchenstiftungen ihren Beitrag einzahlen, oder diesen im Pfarrb\u00fcro abgeben.<br \/>\n<u>Elsendorf:<\/u><br \/>\nSparkasse Mainburg \u00a0\u00a0\u00a0\u00a0 IBAN\u00a0 DE46 7505 1565 0000 3100 03<br \/>\nRaiba Hallertau\u00a0\u00a0\u00a0\u00a0\u00a0\u00a0 \u00a0\u00a0 \u00a0\u00a0\u00a0\u00a0\u00a0\u00a0\u00a0 IBAN\u00a0 DE27 7016 9693 0001 1113 02<br \/>\n<u>Appersdorf:<\/u><br \/>\nSparkasse Mainburg\u00a0\u00a0\u00a0\u00a0\u00a0 IBAN\u00a0 DE20 7505 1565 0000 0294 62<br \/>\n<u>Berghausen:<\/u><br \/>\nSparkasse Mainburg\u00a0\u00a0\u00a0\u00a0\u00a0 IBAN\u00a0 DE39 7505 1565 0000 3124 47<br \/>\nRaiba Hallertau\u00a0\u00a0\u00a0\u00a0\u00a0\u00a0\u00a0 \u00a0 \u00a0\u00a0\u00a0\u00a0\u00a0\u00a0 IBAN\u00a0 DE97 7016 9693 0001 1106 24<\/p>\n<p>Den flei\u00dfigen Austr\u00e4gern, die diesen Dienst an der Allgemeinheit erf\u00fcllen, sagen wir\u00a0 ein herzliches Vergelt\u00b4s Gott.<br \/>\nFall Sie den Pfarrbrief nicht mehr erhalten wollen, geben Sie bitte im Pfarrb\u00fcro Bescheid.<\/p>\n<hr \/>\n<p>Nachbarschaftshilfe 0151\u20137015754<\/p>\n<hr \/>\n<p>Katholisches Pfarramt Elsendorf<br \/>\nMainburger Stra\u00dfe 1<br \/>\n84094 Elsendorf<br \/>\nTelefon: 08753\/245<br \/>\nFax: 08753\/910498<br \/>\ne-mail: pfarramt\u201cAT\u201celsendorf.de<br \/>\nInternet: www.pfarrei-elsendorf.de<br \/>\nB\u00fcrozeiten :<br \/>\nDienstag 8:00 Uhr \u2013 12:00 Uhr<br \/>\nFreitag 15:00 Uhr \u2013 17:00 Uhr<\/p>\n","protected":false},"excerpt":{"rendered":"<p>Elsendorfer Kirchenspatzen Freitag, 27.7.\u00a0\u00a0\u00a0\u00a0 16.15 \u2013 17.15 Uhr Singstunde in der Pfarrkirche Sonntag, 29.7. \u00a0\u00a0\u00a09 Uhr Einsingen F\u00fcr Fam-GO beim TSV-Sportheim Freitag, 24.8.\u00a0\u00a0\u00a0 17.30 \u2013 19.15\u00a0 Uhr Singstunde im Pfarrheim f\u00fcr Chorjubil\u00e4um Samstag, 8.9.\u00a0\u00a0 12.15 Uhr\u00a0\u00a0\u00a0 Einsingen f\u00fcr Taufe in Pfarrkirche Elsendorf Freitag, 14.9.\u00a0\u00a0\u00a0 17.30 \u2013 19.15\u00a0 Uhr\u00a0 Singstunde im Pfarrheim f\u00fcr Chorjubil\u00e4um Freitag, 21.9.\u00a0\u00a0\u00a0 &hellip; <a href=\"https:\/\/www.pfarrei-elsendorf.de\/content\/messintentionen-und-mitteilungsblatt-bis-30-09-2018\/\" class=\"more-link\"><span class=\"screen-reader-text\">Messintentionen und Mitteilungsblatt bis 30.09.2018<\/span> weiterlesen <span class=\"meta-nav\">&rarr;<\/span><\/a><\/p>\n","protected":false},"author":1,"featured_media":0,"comment_status":"closed","ping_status":"closed","sticky":false,"template":"","format":"standard","meta":{"footnotes":""},"categories":[1,9],"tags":[],"class_list":["post-427","post","type-post","status-publish","format-standard","hentry","category-allgemein","category-archiv"],"_links":{"self":[{"href":"https:\/\/www.pfarrei-elsendorf.de\/content\/wp-json\/wp\/v2\/posts\/427","targetHints":{"allow":["GET"]}}],"collection":[{"href":"https:\/\/www.pfarrei-elsendorf.de\/content\/wp-json\/wp\/v2\/posts"}],"about":[{"href":"https:\/\/www.pfarrei-elsendorf.de\/content\/wp-json\/wp\/v2\/types\/post"}],"author":[{"embeddable":true,"href":"https:\/\/www.pfarrei-elsendorf.de\/content\/wp-json\/wp\/v2\/users\/1"}],"replies":[{"embeddable":true,"href":"https:\/\/www.pfarrei-elsendorf.de\/content\/wp-json\/wp\/v2\/comments?post=427"}],"version-history":[{"count":2,"href":"https:\/\/www.pfarrei-elsendorf.de\/content\/wp-json\/wp\/v2\/posts\/427\/revisions"}],"predecessor-version":[{"id":429,"href":"https:\/\/www.pfarrei-elsendorf.de\/content\/wp-json\/wp\/v2\/posts\/427\/revisions\/429"}],"wp:attachment":[{"href":"https:\/\/www.pfarrei-elsendorf.de\/content\/wp-json\/wp\/v2\/media?parent=427"}],"wp:term":[{"taxonomy":"category","embeddable":true,"href":"https:\/\/www.pfarrei-elsendorf.de\/content\/wp-json\/wp\/v2\/categories?post=427"},{"taxonomy":"post_tag","embeddable":true,"href":"https:\/\/www.pfarrei-elsendorf.de\/content\/wp-json\/wp\/v2\/tags?post=427"}],"curies":[{"name":"wp","href":"https:\/\/api.w.org\/{rel}","templated":true}]}}