{"id":433,"date":"2018-09-30T17:43:44","date_gmt":"2018-09-30T15:43:44","guid":{"rendered":"http:\/\/www.pfarrei-elsendorf.de\/content\/?p=433"},"modified":"2018-12-15T15:23:54","modified_gmt":"2018-12-15T14:23:54","slug":"gottesdienstordnung-vom-01-10-2018-21-10-2018","status":"publish","type":"post","link":"https:\/\/www.pfarrei-elsendorf.de\/content\/gottesdienstordnung-vom-01-10-2018-21-10-2018\/","title":{"rendered":"Gottesdienstordnung vom 01.10.2018 \u2013 21.10.2018"},"content":{"rendered":"<p><em><strong>Wir feiern Gottesdienst<br \/>\n<\/strong><\/em><\/p>\n<p>Dienstag\u00a0\u00a0\u00a0\u00a0\u00a0\u00a0\u00a0\u00a0\u00a0\u00a0\u00a0\u00a0\u00a0\u00a0\u00a0\u00a0\u00a0\u00a0\u00a0\u00a0\u00a0\u00a0\u00a0\u00a0\u00a0\u00a0\u00a0\u00a0\u00a0\u00a0 entf\u00e4llt<br \/>\nDonnerstag\u00a0\u00a0\u00a0\u00a0\u00a0\u00a0\u00a0\u00a0\u00a0\u00a0\u00a0\u00a0\u00a0\u00a0\u00a0\u00a0\u00a0\u00a0\u00a0\u00a0\u00a0\u00a0\u00a0 entf\u00e4llt<\/p>\n<p><strong>Samstag, 06.10.\u00a0\u00a0 V o r a b e n d g o t t e s d i e n s t\u00a0 Caritas Kollekte<\/strong><br \/>\nElsendorf<br \/>\n18.00 Uhr\u00a0\u00a0\u00a0\u00a0\u00a0 Marianne Wagner, R f\u00fcr Mutter z. Sttg.<br \/>\nHeinrich Haage f\u00fcr + Ehefrau Maria Magdalena<br \/>\nAdolf Stempfhuber f\u00fcr + Eltern<br \/>\nFamilie Rainer f\u00fcr + Ehemann und Vater<br \/>\nJosef Stempfhuber f\u00fcr + Eltern und Br\u00fcder<br \/>\nFamilie Grosam f\u00fcr + Eltern und + Tante Ina<br \/>\nFrieda Weiher f\u00fcr + Helga von Alberti und + Johann Wagner<\/p>\n<p><strong>Sonntag, 07.10.\u00a0\u00a0 27. SONNTAG IM JAHRESKREIS\u00a0\u00a0\u00a0 Caritas<\/strong> <strong>Kollekte<\/strong><br \/>\nAppersdorf<br \/>\n9.00 Uhr\u00a0\u00a0\u00a0\u00a0\u00a0\u00a0 e. g. P. f\u00fcr + Andreas Krojer<br \/>\nPatrick und Dominik f\u00fcr + Opa Erwin Thomas<br \/>\nGeorg und Martha K\u00f6nig f\u00fcr + Eltern bds.<br \/>\nElfriede Hunglinger f\u00fcr + Eltern und Oma z. Sttg.<br \/>\nFamilie S. und E. Hunglinger f\u00fcr + Onkeln und Tanten<\/p>\n<p>Elsendorf<br \/>\n10.00 Uhr\u00a0\u00a0\u00a0\u00a0\u00a0 Erntedankfest<br \/>\nF a m i l i e n g o t t e s d i e n s t<br \/>\nLiselotte Spagert f\u00fcr Mutter z. Sttg.<br \/>\nKaroline Schmidtner f\u00fcr + Freundin Zenta<br \/>\nGeschwister Weindler f\u00fcr\u00a0 + Bruder Max<br \/>\nRosa Fischer f\u00fcr + Geschwister und + Josef Kargl<br \/>\nmusik. Gestaltung: Elsendorfer Kirchenspatzen<\/p>\n<p>Oktoberrosenkranzgebete:<br \/>\nElsendorf<br \/>\num 18 Uhr vor der Dienstagsmesse<\/p>\n<p>Horneck<br \/>\njeden Sonntag um12.30 Uhr<\/p>\n<p>Meilenhofen<br \/>\num 18.30 Uhr vor dem Gottesdienst<\/p>\n<p><em><strong>\u00fcber gemeinsame Rosenkranzgebete in den anderen Kirchen informieren Sie sich bitte vor Ort.\u00a0<\/strong><\/em><\/p>\n<p><strong>Dienstag, 09.10.\u00a0\u00a0<\/strong><br \/>\nElsendorf<br \/>\n18.00 Uhr\u00a0\u00a0\u00a0\u00a0\u00a0\u00a0 Oktoberrosenkranz, anschl. Frauenbundmesse<br \/>\nFamilie Adalbert Gallmaier f\u00fcr + Maria Haage<br \/>\nFamilie Kallm\u00fcnzer f\u00fcr + Maria und Eduard Wagner<\/p>\n<p><strong>Mittwoch, 10.10.\u00a0\u00a0\u00a0\u00a0\u00a0\u00a0\u00a0\u00a0\u00a0\u00a0\u00a0\u00a0\u00a0\u00a0\u00a0\u00a0\u00a0\u00a0\u00a0<\/strong><br \/>\nPfarrkirche<br \/>\n16.30 Uhr\u00a0\u00a0\u00a0\u00a0\u00a0\u00a0 K l e i n k i n d e r gottesdienst zum Erntedank<\/p>\n<p><strong>Donnerstag, 11.10.\u00a0\u00a0\u00a0\u00a0\u00a0\u00a0\u00a0\u00a0\u00a0\u00a0\u00a0\u00a0\u00a0\u00a0\u00a0<\/strong><br \/>\nElsendorf<br \/>\n13.30 Uhr\u00a0\u00a0\u00a0\u00a0\u00a0\u00a0 Andacht der \u00dc-60 zum Erntedank<\/p>\n<p>Meilenhofen<br \/>\n18.30 Uhr\u00a0\u00a0\u00a0\u00a0\u00a0\u00a0 Oktoberrosenkranz<br \/>\n19.00 Uhr\u00a0\u00a0\u00a0\u00a0\u00a0\u00a0 Familie Fischer f\u00fcr + Eltern und Geschwister<br \/>\nAnna Schretzlmeier f\u00fcr + B\u00fcrger von Meilenhofen der letzten 25 Jahre<br \/>\nMagdalena Amberger f\u00fcr + Elisabeth Fertl<\/p>\n<p><strong>Samstag, 13.10.\u00a0\u00a0\u00a0\u00a0\u00a0\u00a0\u00a0\u00a0\u00a0\u00a0\u00a0\u00a0\u00a0\u00a0\u00a0\u00a0\u00a0\u00a0\u00a0 V o r a b e n d g o t t e s d i e n s t<\/strong><br \/>\nAppersdorf<br \/>\n18.00 Uhr\u00a0\u00a0\u00a0\u00a0\u00a0 Gabi und Erwin Thomas f\u00fcr + Eltern<br \/>\nEveline Brachtel f\u00fcr + Eltern<br \/>\nLeonhard Br\u00fccklmaier f\u00fcr + Ehefrau<br \/>\n19.30 Uhr\u00a0\u00a0\u00a0\u00a0\u00a0 Patrozinium Berghausen<br \/>\nFamilie Schinagl zu Ehren der Rosenkranzk\u00f6nigin<br \/>\nFam. Haas f\u00fcr + Gro\u00dfeltern bds. u. + Verwandte<br \/>\nFam. Prummer f\u00fcr + Mutter, Schwiegermutter und Oma<br \/>\nWalburga Weiher f\u00fcr Sohn Anton z. Sttg.<br \/>\nTobias und Eva Burger f\u00fcr + Opa<br \/>\n1. lebendiger Rosenkranz f\u00fcr alle lebenden und + Mitglieder<br \/>\nIrmgard Gschl\u00f6\u00dfl f\u00fcr + Mutter und + Schwester<br \/>\nViktoria Niesl f\u00fcr + Ehemann Norbert z. Geb.<\/p>\n<p><strong>Sonntag, 14.10.\u00a0\u00a0\u00a0\u00a0\u00a0\u00a0\u00a0\u00a0\u00a0\u00a0\u00a0\u00a0\u00a0\u00a0\u00a0\u00a0\u00a0\u00a0\u00a0\u00a0 28. SONNTAG IM JAHRESKREIS<br \/>\n<\/strong>10.00 Uhr\u00a0\u00a0\u00a0\u00a0\u00a0 Pontifikalgottesdienst<br \/>\nSt. Anton\u00a0\u00a0\u00a0\u00a0\u00a0\u00a0 mit Weihbischof Dr. Josef Graf<br \/>\nzur Weihe der St. Anton Kirche vor 300 Jahren<br \/>\nGeschwister Gebendorfer f\u00fcr + Schwager Josef Huber<br \/>\nFamilie Max H\u00e4ckl f\u00fcr + Kreszenz und Anton Schmidleitner<br \/>\nFamilie Hausler f\u00fcr + Peter Hausler<br \/>\nFamilie Amesreiter f\u00fcr + Anton Wagner und Anton Haindl<\/p>\n<p><strong>Mittwoch, 17.10.\u00a0\u00a0 Hl. Ignatius v. Antiochien, Bischof, M\u00e4rtyrer<\/strong><br \/>\nHaunsbach<br \/>\n18.00 Uhr\u00a0\u00a0\u00a0\u00a0\u00a0\u00a0 Josef Thalmair f\u00fcr Vater z. Sttg und + Mutter<br \/>\nFamilien Huber und H\u00f6fling f\u00fcr + Angeh\u00f6rige<br \/>\nAnton Wagner f\u00fcr + Vater und + Neffen Hanse<br \/>\nFamilie Erhard Baumeister f\u00fcr + Eltern und + Onkel Andreas<\/p>\n<p><strong>Donnerstag, 18.10.\u00a0\u00a0 Hl. Lukas, Evangelist<\/strong><br \/>\nHorneck<br \/>\n18.00 Uhr\u00a0\u00a0\u00a0\u00a0\u00a0\u00a0 Gertrud Haltmeier f\u00fcr + Eltern und + Bruder Michael<\/p>\n<p><strong>Samstag, 20.10.\u00a0\u00a0\u00a0\u00a0\u00a0\u00a0\u00a0 V o r a b e n d g o t t e s d i e n s t<\/strong><br \/>\nElsendorf<br \/>\n18.00 Uhr\u00a0\u00a0\u00a0\u00a0\u00a0\u00a0 Familie Helga Inzenhofer f\u00fcr + Mutter<br \/>\nFamilie Stempfhuber f\u00fcr + Johann Maier<br \/>\nGeschw. Eisenschenk f\u00fcr Mutter z. Sttg., + Vater und + Verwandte<br \/>\nGeschwister Hofbauer f\u00fcr + Maria Haage<br \/>\nGeschw. Hofbauer f\u00fcr + Eltern Anna und Theodor Hofbauer<\/p>\n<p><strong>Sonntag, 21.10.\u00a0\u00a0\u00a0\u00a0\u00a0 29. SONNTAG IM JAHRESKREIS\u00a0\u00a0 \u00a0\u00a0\u00a0\u00a0\u00a0\u00a0\u00a0\u00a0\u00a0<\/strong><br \/>\n<em><strong>Kirchweihfest Kollekte f\u00fcr den \u00f6rtl. Bedarf<\/strong><\/em><br \/>\nElsendorf<br \/>\n9.00 Uhr\u00a0\u00a0\u00a0\u00a0\u00a0\u00a0 Anton Gallmeier f\u00fcr + Onkeln und Tanten<br \/>\nMaria Enzmann f\u00fcr + Johann und Elisabeth Friedl<br \/>\nFamilie Polz f\u00fcr + Hermann Rainer<br \/>\nFamilie Hiebl f\u00fcr + Barbara Wendl<br \/>\nW. Grosam und S. K\u00f6nig f\u00fcr + Ehemann und Vater<\/p>\n<p>Appersdorf<br \/>\n10.00 Uhr<br \/>\nMonika u. Inge Bachmeier f\u00fcr + Josef und Maria Bachmeier<br \/>\nMarianne Stocker f\u00fcr + Eltern Bachmaier<br \/>\nMarlene Senger f\u00fcr Eltern und Gro\u00dfeltern<\/p>\n","protected":false},"excerpt":{"rendered":"<p>Wir feiern Gottesdienst Dienstag\u00a0\u00a0\u00a0\u00a0\u00a0\u00a0\u00a0\u00a0\u00a0\u00a0\u00a0\u00a0\u00a0\u00a0\u00a0\u00a0\u00a0\u00a0\u00a0\u00a0\u00a0\u00a0\u00a0\u00a0\u00a0\u00a0\u00a0\u00a0\u00a0\u00a0 entf\u00e4llt Donnerstag\u00a0\u00a0\u00a0\u00a0\u00a0\u00a0\u00a0\u00a0\u00a0\u00a0\u00a0\u00a0\u00a0\u00a0\u00a0\u00a0\u00a0\u00a0\u00a0\u00a0\u00a0\u00a0\u00a0 entf\u00e4llt Samstag, 06.10.\u00a0\u00a0 V o r a b e n d g o t t e s d i e n s t\u00a0 Caritas Kollekte Elsendorf 18.00 Uhr\u00a0\u00a0\u00a0\u00a0\u00a0 Marianne Wagner, R f\u00fcr Mutter z. Sttg. Heinrich Haage f\u00fcr + Ehefrau Maria Magdalena Adolf Stempfhuber f\u00fcr + Eltern Familie Rainer &hellip; <a href=\"https:\/\/www.pfarrei-elsendorf.de\/content\/gottesdienstordnung-vom-01-10-2018-21-10-2018\/\" class=\"more-link\"><span class=\"screen-reader-text\">Gottesdienstordnung vom 01.10.2018 \u2013 21.10.2018<\/span> weiterlesen <span class=\"meta-nav\">&rarr;<\/span><\/a><\/p>\n","protected":false},"author":1,"featured_media":0,"comment_status":"closed","ping_status":"closed","sticky":false,"template":"","format":"standard","meta":{"footnotes":""},"categories":[1,9],"tags":[],"class_list":["post-433","post","type-post","status-publish","format-standard","hentry","category-allgemein","category-archiv"],"_links":{"self":[{"href":"https:\/\/www.pfarrei-elsendorf.de\/content\/wp-json\/wp\/v2\/posts\/433","targetHints":{"allow":["GET"]}}],"collection":[{"href":"https:\/\/www.pfarrei-elsendorf.de\/content\/wp-json\/wp\/v2\/posts"}],"about":[{"href":"https:\/\/www.pfarrei-elsendorf.de\/content\/wp-json\/wp\/v2\/types\/post"}],"author":[{"embeddable":true,"href":"https:\/\/www.pfarrei-elsendorf.de\/content\/wp-json\/wp\/v2\/users\/1"}],"replies":[{"embeddable":true,"href":"https:\/\/www.pfarrei-elsendorf.de\/content\/wp-json\/wp\/v2\/comments?post=433"}],"version-history":[{"count":5,"href":"https:\/\/www.pfarrei-elsendorf.de\/content\/wp-json\/wp\/v2\/posts\/433\/revisions"}],"predecessor-version":[{"id":443,"href":"https:\/\/www.pfarrei-elsendorf.de\/content\/wp-json\/wp\/v2\/posts\/433\/revisions\/443"}],"wp:attachment":[{"href":"https:\/\/www.pfarrei-elsendorf.de\/content\/wp-json\/wp\/v2\/media?parent=433"}],"wp:term":[{"taxonomy":"category","embeddable":true,"href":"https:\/\/www.pfarrei-elsendorf.de\/content\/wp-json\/wp\/v2\/categories?post=433"},{"taxonomy":"post_tag","embeddable":true,"href":"https:\/\/www.pfarrei-elsendorf.de\/content\/wp-json\/wp\/v2\/tags?post=433"}],"curies":[{"name":"wp","href":"https:\/\/api.w.org\/{rel}","templated":true}]}}