{"id":437,"date":"2018-09-30T17:52:23","date_gmt":"2018-09-30T15:52:23","guid":{"rendered":"http:\/\/www.pfarrei-elsendorf.de\/content\/?p=437"},"modified":"2018-12-15T15:25:34","modified_gmt":"2018-12-15T14:25:34","slug":"messintentionen-und-mitteilungsblatt-bis-21-10-2018","status":"publish","type":"post","link":"https:\/\/www.pfarrei-elsendorf.de\/content\/messintentionen-und-mitteilungsblatt-bis-21-10-2018\/","title":{"rendered":"Messintentionen und Mitteilungsblatt bis 21.10.2018"},"content":{"rendered":"<p style=\"text-align: left;\"><strong>Elsendorfer Kirchenspatzen<\/strong><br \/>\nFreitag, 5.10.\u00a0\u00a0\u00a0\u00a0 16.15 Uhr\u00a0\u00a0\u00a0\u00a0\u00a0\u00a0\u00a0\u00a0\u00a0\u00a0\u00a0 Singstunde im Pfarrheim<br \/>\nSonntag, 7.10. \u00a09.15 Uhr\u00a0\u00a0\u00a0\u00a0\u00a0\u00a0\u00a0\u00a0\u00a0\u00a0\u00a0\u00a0 Einsingen f\u00fcr FamGO in Pfarrkirche;\u00a0\u00a0 anschl. Ausflug<br \/>\nFreitag, 19.10.\u00a0 16.15 \u2013 17.15 Uhr\u00a0\u00a0 Singstunde im Pfarrheim<br \/>\nZu den Singstunden im Oktober freuen wir uns \u00fcber M\u00e4dchen und Buben (ab der 1. Klasse), die Freude und\u00a0 Lust am Singen haben und bei den Elsendorfer Kirchenspatzen mitmachen wollen. Einfach vorbeikommen \u2013 eine Anmeldung ist nicht erforderlich!<\/p>\n<p><strong>Kirchenchor<\/strong><br \/>\nDienstag, 9.10. 19.00 Uhr\u00a0\u00a0\u00a0\u00a0\u00a0\u00a0 Singstunde in der Pfarrkirche<br \/>\nSonntag, 21.10.\u00a0\u00a0 8.15 Uhr\u00a0\u00a0\u00a0\u00a0\u00a0\u00a0 Einsingen f\u00fcr Kirchweih-Gottesdienst<\/p>\n<p><strong>Die Krankenkommunion am Donnerstag, 4.10. entf\u00e4llt<\/strong><\/p>\n<p>Wahl der Kirchenverwaltungen<br \/>\nF\u00fcr die Wahlperiode 1.1.2019 bis 31.12.2024 werden am 18.11.2018 die Mitglieder des Gremiums gew\u00e4hlt.<br \/>\nDer Aufgabenbereich der Kirchenverwaltung als Organ und gesetzlicher Vertreter der Kirchengemeinde sowie der Kirchenstiftungen ist die Regelung der rechtlichen, wirtschaftlichen und finanziellen Angelegenheiten der Pfarrei entsprechend den kirchlichen Regelungen.<br \/>\nPfarrer Albert Vogl bittet Sie um Ihren Wahlvorschlag, den Sie bitte\u00a0 vor dem 15.10.18 im Pfarramt einreichen sollten, da\u00a0 dieser Wahlvorschlag von mindestens 5 Wahlberechtigten unterzeichnet werden muss.<br \/>\nDie Mitglieder der Wahlaussch\u00fcsse sind:<\/p>\n<p>Elsendorf:<br \/>\nMatth\u00e4us Faltermeier, Lothar Fischer, Brigitte Raith, Franz Zirngibl;<\/p>\n<p>Appersdorf:<br \/>\nTraudl Burgmeier, Marianne Dettenhofer, Irmgard Landgraf,<br \/>\nEgid Senger;<\/p>\n<p>Berghausen:<br \/>\nGeorg Burger, Katharina Dasch, Wolfgang Kramschuster,<br \/>\nPeter Prummer;<\/p>\n<p>Die Listen der Personen, die sich bei der Wahl zur Verf\u00fcgung stellen, h\u00e4ngen ab 20.10. in\u00a0 den Pfarrkirchen aus und werden im n\u00e4chsten Pfarrbrief ver\u00f6ffentlicht.<\/p>\n<p><strong>PGR<\/strong><br \/>\nDie Mitglieder des Pfarrgemeinderates treffen sich am 9.10. um<br \/>\n19:00 Uhr im Pfarrheim zu einer Sitzung.<\/p>\n<p><strong>Erntedankfest<br \/>\n<\/strong>Bei diesen Gottesdiensten danken wir f\u00fcr den reichen Erntesegen des Jahres.<br \/>\nVielleicht wollen Sie davon etwas f\u00fcr den Erntealtar abgeben. Bitte besprechen Sie dies mit den Frauen, die den Schmuck Ihrer Pfarrkirche \u00fcbernommen haben. In Elsendorf sind dies wieder Kornelia Bielmeier und Beate K\u00f6nig. Allen, die mithelfen, gilt ein dankbares Vergelt\u00b4s Gott.<br \/>\nZum Familiengottesdienst in Elsendorf sind vor allem wieder die jungen Familien besonders eingeladen. Die M\u00e4dchen und Buben, die aus den verteilten Samen eine Sonnenblume gezogen haben, bitten wir diese \u00a0mitzubringen, bzw. bereits vorher in die Kirche zu bringen.<\/p>\n<p><strong>KDFB<\/strong><br \/>\nDie Vorstandschaft trifft sich am Dienstag, 9.10. nach dem Gottesdienst zur Besprechung der Terminplanung 2019.<\/p>\n<p><strong>\u00dc-60<\/strong><br \/>\nAm Donnerstag, den 11.10. beten die \u00dc-60 gemeinsam in der Pfarrkirche eine Andacht zum Erntedank. Anschlie\u00dfend treffen sie sich bei Kaffee und Kuchen im Pfarrheim St. Isidor.<\/p>\n<p><strong>Kirchenrechnung 2017<br \/>\n<\/strong>Die Kirchenrechnung der Pfarrei Appersdorf\u00a0 f\u00fcr 2017 ist abgeschlossen und liegt von 1.10. bis 14.10.2018 im Pfarramt zur Einsicht auf.<\/p>\n<p>Kirchweihspende \u00a0&#8211;\u00a0 Kirchgeld<br \/>\nAnl\u00e4sslich des Kirchweihfestes bitten die Kath. Kirchenstiftungen Elsendorf, Appersdorf und Berghausen alle Pfarrangeh\u00f6rigen um ihre Spende zur Abdeckung der Aufwendungen in der jeweiligen Pfarrgemeinde. Der Anteil der Kirchensteuer, der der \u00f6rtlichen Kirchenstiftung zuflie\u00dft, kann nicht alle Erfordernisse abdecken.<br \/>\nSoweit Sie f\u00fcr Ihren \u00a0zus\u00e4tzlichen Spendenbetrag zum Kirchgeld von 1,50 \u20ac pro Person (das ist die Kirchgeldpflicht) eine Spendenquittung w\u00fcnschen, bitten wir dies &#8211; im Rahmen der Kollekte \u00a0&#8211; oder bei Ihrer \u00dcberweisung auf ein Konto Ihrer jeweiligen Kirchenstiftung &#8211; oder\u00a0 bei Einzahlung im Pfarrb\u00fcro entsprechend zu vermerken, sowie Namen und Adresse anzugeben.<\/p>\n<p>Elsendorf:<br \/>\nSparkasse Mainburg \u00a0\u00a0\u00a0\u00a0 IBAN\u00a0 DE46 7505 1565 0000 3100 03<br \/>\nRaiba Hallertau\u00a0\u00a0\u00a0\u00a0\u00a0\u00a0\u00a0\u00a0\u00a0\u00a0\u00a0\u00a0\u00a0\u00a0\u00a0 IBAN\u00a0 DE27 7016 9693 0001 1113 02<\/p>\n<p>Appersdorf:<br \/>\nSparkasse Mainburg\u00a0\u00a0\u00a0\u00a0\u00a0 IBAN\u00a0 DE20 7505 1565 0000 0294 62<\/p>\n<p>Berghausen:<br \/>\nSparkasse Mainburg\u00a0\u00a0\u00a0\u00a0\u00a0 IBAN\u00a0 DE39 7505 1565 0000 3124 47<br \/>\nRaiba Hallertau\u00a0\u00a0\u00a0\u00a0\u00a0\u00a0\u00a0\u00a0\u00a0\u00a0\u00a0\u00a0\u00a0\u00a0\u00a0 IBAN\u00a0 DE97 7016 9693 0001 1106 24<\/p>\n<p><strong><em>Pfarrer Albert Vogl dankt mit einem herzllichen Vergelt\u00b4s Gott f\u00fcr Ihre Gabe, die Sie unseren Pfarrgemeinden zukommen lassen.<\/em><\/strong><\/p>\n<hr \/>\n<p style=\"text-align: center;\"><strong>Nachbarschaftshilfe 0151\u20137015754<\/strong><\/p>\n<hr \/>\n<p>Katholisches Pfarramt Elsendorf<br \/>\nMainburger Stra\u00dfe 1<br \/>\n84094 Elsendorf<br \/>\nTelefon: 08753\/245<br \/>\nFax: 08753\/910498<br \/>\ne-mail: pfarramt\u201cAT\u201celsendorf.de<br \/>\nInternet: www.pfarrei-elsendorf.de<br \/>\nB\u00fcrozeiten :<br \/>\nDienstag 8:00 Uhr \u2013 12:00 Uhr<br \/>\nFreitag 15:00 Uhr \u2013 17:00 Uhr<\/p>\n","protected":false},"excerpt":{"rendered":"<p>Elsendorfer Kirchenspatzen Freitag, 5.10.\u00a0\u00a0\u00a0\u00a0 16.15 Uhr\u00a0\u00a0\u00a0\u00a0\u00a0\u00a0\u00a0\u00a0\u00a0\u00a0\u00a0 Singstunde im Pfarrheim Sonntag, 7.10. \u00a09.15 Uhr\u00a0\u00a0\u00a0\u00a0\u00a0\u00a0\u00a0\u00a0\u00a0\u00a0\u00a0\u00a0 Einsingen f\u00fcr FamGO in Pfarrkirche;\u00a0\u00a0 anschl. Ausflug Freitag, 19.10.\u00a0 16.15 \u2013 17.15 Uhr\u00a0\u00a0 Singstunde im Pfarrheim Zu den Singstunden im Oktober freuen wir uns \u00fcber M\u00e4dchen und Buben (ab der 1. Klasse), die Freude und\u00a0 Lust am Singen haben und bei den &hellip; <a href=\"https:\/\/www.pfarrei-elsendorf.de\/content\/messintentionen-und-mitteilungsblatt-bis-21-10-2018\/\" class=\"more-link\"><span class=\"screen-reader-text\">Messintentionen und Mitteilungsblatt bis 21.10.2018<\/span> weiterlesen <span class=\"meta-nav\">&rarr;<\/span><\/a><\/p>\n","protected":false},"author":1,"featured_media":0,"comment_status":"closed","ping_status":"closed","sticky":false,"template":"","format":"standard","meta":{"footnotes":""},"categories":[1,9],"tags":[],"class_list":["post-437","post","type-post","status-publish","format-standard","hentry","category-allgemein","category-archiv"],"_links":{"self":[{"href":"https:\/\/www.pfarrei-elsendorf.de\/content\/wp-json\/wp\/v2\/posts\/437","targetHints":{"allow":["GET"]}}],"collection":[{"href":"https:\/\/www.pfarrei-elsendorf.de\/content\/wp-json\/wp\/v2\/posts"}],"about":[{"href":"https:\/\/www.pfarrei-elsendorf.de\/content\/wp-json\/wp\/v2\/types\/post"}],"author":[{"embeddable":true,"href":"https:\/\/www.pfarrei-elsendorf.de\/content\/wp-json\/wp\/v2\/users\/1"}],"replies":[{"embeddable":true,"href":"https:\/\/www.pfarrei-elsendorf.de\/content\/wp-json\/wp\/v2\/comments?post=437"}],"version-history":[{"count":5,"href":"https:\/\/www.pfarrei-elsendorf.de\/content\/wp-json\/wp\/v2\/posts\/437\/revisions"}],"predecessor-version":[{"id":444,"href":"https:\/\/www.pfarrei-elsendorf.de\/content\/wp-json\/wp\/v2\/posts\/437\/revisions\/444"}],"wp:attachment":[{"href":"https:\/\/www.pfarrei-elsendorf.de\/content\/wp-json\/wp\/v2\/media?parent=437"}],"wp:term":[{"taxonomy":"category","embeddable":true,"href":"https:\/\/www.pfarrei-elsendorf.de\/content\/wp-json\/wp\/v2\/categories?post=437"},{"taxonomy":"post_tag","embeddable":true,"href":"https:\/\/www.pfarrei-elsendorf.de\/content\/wp-json\/wp\/v2\/tags?post=437"}],"curies":[{"name":"wp","href":"https:\/\/api.w.org\/{rel}","templated":true}]}}