{"id":449,"date":"2018-10-21T14:56:31","date_gmt":"2018-10-21T12:56:31","guid":{"rendered":"http:\/\/www.pfarrei-elsendorf.de\/content\/?p=449"},"modified":"2018-12-15T15:24:07","modified_gmt":"2018-12-15T14:24:07","slug":"gottesdienstordnung-vom-22-10-2018-11-11-2018","status":"publish","type":"post","link":"https:\/\/www.pfarrei-elsendorf.de\/content\/gottesdienstordnung-vom-22-10-2018-11-11-2018\/","title":{"rendered":"Gottesdienstordnung vom 22.10.2018 \u2013 11.11.2018"},"content":{"rendered":"<p><strong>Wir feiern Gottesdienst:<\/strong><\/p>\n<p><strong>Dienstag, 23.10.<\/strong><br \/>\nElsendorf<br \/>\n14.30 Uhr\u00a0\u00a0\u00a0\u00a0 Requiem f\u00fcr Jakob Kellerer<br \/>\nanschl. Urnenbestattung<\/p>\n<p><strong>Sonntag, 28.10.\u00a0\u00a0\u00a0\u00a0 30. SONNTAG IM JAHRESKREIS<\/strong><br \/>\nWeltmissionssonntag &#8222;Gott ist uns Zuflucht und St\u00e4rke&#8220; \u00a0\u00a0\u00a0\u00a0missio Kollekte<br \/>\nElsendorf<br \/>\n9.30 Uhr\u00a0\u00a0\u00a0 Familie Georg Kr\u00f6pfl f\u00fcr + Eltern Sebastian und Maria und + Bruder Rupert<br \/>\nFamilie Polz f\u00fcr + Hermann Rainer<br \/>\nAnton Gallmeier f\u00fcr + Onkeln und Tanten<br \/>\nMaria Enzmann f\u00fcr + Johann und Elisabeth Friedl<br \/>\nW. Grosam und S. K\u00f6nig f\u00fcr + Ehemann und Vater<br \/>\nFranz und Gerda Meister f\u00fcr + Vater und<br \/>\n+ Bruder Helmuth<\/p>\n<p>Appersdorf<br \/>\n10.30 Uhr\u00a0\u00a0\u00a0 Anton Hilz sen. f\u00fcr + Alois Bauer<br \/>\nElfriede Hunglinger f\u00fcr + Bruder Alfons<br \/>\nFamilie Siegfried Hunglinger f\u00fcr + Freunde Karl Weichenrieder und Harti Weingartner<br \/>\nLeonhard Br\u00fccklmaier f\u00fcr + Schwiegermutter z. Geb.<br \/>\nJosef und Maria B\u00f6sl zum Dank und f\u00fcr + Gro\u00dfeltern und + Nachbarn Helmut Prix<br \/>\nRenate Hartl f\u00fcr + Eltern und + Ehemann<\/p>\n<p><strong>Mittwoch, 31.10.\u00a0\u00a0\u00a0\u00a0\u00a0\u00a0\u00a0\u00a0\u00a0\u00a0\u00a0\u00a0\u00a0\u00a0\u00a0\u00a0 V o r a b e n d g o t t e s d i e n s t<\/strong><br \/>\nElsendorf<br \/>\n18.00 Uhr\u00a0\u00a0\u00a0\u00a0 Familie Anna Lanzl f\u00fcr + Ehemann und Vater<br \/>\nFamilie Karl Lanzl f\u00fcr + Eltern und Angeh\u00f6rige<br \/>\nSandra und Elke f\u00fcr + Oma Maria Haage<br \/>\nFamilie Adalbert Gallmaier f\u00fcr + Hermann Rainer<br \/>\nFamilie Schmidtner f\u00fcr + Anna Dichtl<br \/>\nSimon Gigl f\u00fcr + Onkel Josef Sch\u00f6ttl<\/p>\n<p><strong>Donnerstag, 01.11.\u00a0\u00a0\u00a0\u00a0\u00a0\u00a0\u00a0\u00a0\u00a0\u00a0\u00a0\u00a0 HOCHFEST ALLERHEILIGEN<\/strong><br \/>\nElsendorf<br \/>\n9.00 Uhr\u00a0\u00a0\u00a0\u00a0 Andacht mit Totengedenken<br \/>\nanschl. Segnung der Gr\u00e4ber<br \/>\nmusik Gestaltung: Kirchenchor<\/p>\n<p>Appersdorf<br \/>\n10.00 Uhr\u00a0\u00a0\u00a0\u00a0 Familie Hans Ginzinger f\u00fcr + Angeh\u00f6rige<br \/>\nMarianne Stocker f\u00fcr + Bruder Thomas Bachmaier<br \/>\nFranziska Bauer f\u00fcr + Ehemann Alois Bauer<br \/>\nmit Totengedenken und Segnung der Gr\u00e4ber<\/p>\n<p>Meilenhofen<br \/>\n12.30 Uhr\u00a0\u00a0\u00a0\u00a0 Andacht mit Totengedenken<br \/>\nanschl. Segnung der Gr\u00e4ber<\/p>\n<p>Berghausen<br \/>\n10.30 Uhr\u00a0\u00a0\u00a0\u00a0 Familie Schinagl f\u00fcr die armen Seelen<br \/>\nLudwig Gschl\u00f6\u00dfl f\u00fcr + Mutter Magdalena z. Geb.<br \/>\nBerta Sedlmeier f\u00fcr die armen Seelen<br \/>\nFamilie Burger f\u00fcr die armen Seelen<br \/>\nCenta Haltmaier f\u00fcr die armen Seelen<br \/>\nMagdalena Amberger f\u00fcr die armen Seelen<br \/>\nmit Totengedenken und Segnung der Gr\u00e4ber<\/p>\n<p><strong>Freitag, 02.11.\u00a0\u00a0\u00a0\u00a0\u00a0\u00a0\u00a0\u00a0\u00a0\u00a0\u00a0\u00a0\u00a0\u00a0\u00a0\u00a0\u00a0\u00a0\u00a0 Allerseelen<\/strong><br \/>\nHaunsbach<br \/>\n18.00 Uhr\u00a0\u00a0\u00a0\u00a0 Zenta Haltmeier f\u00fcr + Vater und Opa<br \/>\nMaria Mirlach f\u00fcr + Ehemann und + Sohn<br \/>\nFamilien Krojer \/ Hofbauer f\u00fcr + Eltern Andreas und Maria Krojer<br \/>\nmit Totengedenken und Segnung der Gr\u00e4ber<\/p>\n<p><strong>Sonntag, 04.11.\u00a0\u00a0\u00a0\u00a0\u00a0\u00a0\u00a0\u00a0\u00a0\u00a0\u00a0\u00a0\u00a0\u00a0\u00a0\u00a0\u00a0 31. SONNTAG IM JAHRESKREIS<\/strong><br \/>\nElsendorf<br \/>\n9.00 Uhr\u00a0\u00a0\u00a0\u00a0 Stiftsmesse Kreszenz Zieglmeier f\u00fcr + Angeh\u00f6rige<br \/>\nFamile Sebastian Ecker f\u00fcr + Josef Fellner<br \/>\nKatharina Datzmann f\u00fcr + Maria Haage<br \/>\nFamilie Josef Grosam f\u00fcr + Mutter und<br \/>\n+ Schwester Amalie<br \/>\nMarianne Wagner, E, f\u00fcr + Ehemann, Sohn und Schwiegersohn<\/p>\n<p>Appersdorf<br \/>\n10.00 Uhr\u00a0\u00a0\u00a0\u00a0 Kriegerjahrtag<br \/>\nKollekte Kriegsgr\u00e4berf\u00fcrsorge<br \/>\nKrieger- und Soldatenkameradschaft f\u00fcr + Mitglieder<br \/>\nEgid Senger f\u00fcr + Vater<br \/>\nGerhard ZImmer f\u00fcr + Ehefrau<br \/>\nZenta Haltmeier f\u00fcr + Vater und Opa<br \/>\nChristine Satzl mit Familie f\u00fcr + Vater<\/p>\n<p><strong>Freitag, 09.11.<\/strong><br \/>\nElsendorf<br \/>\n16.30 Uhr\u00a0\u00a0\u00a0\u00a0 Andacht St. Martin<br \/>\nanschl. Martinszug<\/p>\n<p><strong>Samstag, 10.11.\u00a0\u00a0\u00a0\u00a0\u00a0\u00a0\u00a0\u00a0\u00a0\u00a0\u00a0\u00a0\u00a0\u00a0\u00a0\u00a0 V o r a b e n d g o t t e s d i e n s t<\/strong><br \/>\nElsendorf<br \/>\n18.00 Uhr\u00a0\u00a0\u00a0\u00a0 Familie Hermine Gallmaier f\u00fcr + Bruder Hans<br \/>\nMaria Weindler f\u00fcr Ehemann z. Sttg.<br \/>\nMaria Sch\u00f6ttl und Silvia Fischer f\u00fcr + Dora Ruf<br \/>\nSebastian Geltl f\u00fcr + Margarete Klar<br \/>\nResi Scheuerer f\u00fcr + Hermann Rainer<br \/>\nFamilie Inzenhofer f\u00fcr + Nachbarn Hermann Rainer<\/p>\n<p>Berghausen<br \/>\n17.30 Uhr\u00a0\u00a0\u00a0 Maria Gschl\u00f6\u00dfl f\u00fcr + Vater Johann Brunner<br \/>\nGertraud Burger f\u00fcr + Schwiegereltern<br \/>\nChrista Amberger f\u00fcr + Eltern und + Tante Ursula<br \/>\nFamilie Thomas Kramschuster sen. zu Ehren der Rosenkranzk\u00f6nigin<br \/>\nFamilie Maier f\u00fcr + Eltern und + Gro\u00dfeltern<br \/>\nSilvia Burger f\u00fcr + Eltern<\/p>\n<p><strong>Sonntag, 11.11.\u00a0\u00a0\u00a0\u00a0\u00a0\u00a0\u00a0\u00a0\u00a0\u00a0\u00a0\u00a0\u00a0\u00a0\u00a0\u00a0\u00a0 32. SONNTAG IM JAHRESKREIS<\/strong><br \/>\nElsendorf<br \/>\n9.00 Uhr\u00a0\u00a0\u00a0\u00a0\u00a0\u00a0 Angelika Mandlik f\u00fcr + Maria Haage<br \/>\nFamilie Grosam f\u00fcr + Hermann Rainer<br \/>\nFamilie Hiebl f\u00fcr + Barbara Wendl<br \/>\nKrieger- und Soldatenverein f\u00fcr + Mitglied Josef Fellner<br \/>\nSebastian Klar f\u00fcr + Therese Geck<br \/>\nFamilie Anna Lanzl f\u00fcr + Hans Friedl<\/p>\n<p>Appersdorf<br \/>\n10.00 Uhr\u00a0\u00a0\u00a0\u00a0 Familie Hilz f\u00fcr + Nachbarn Thomas<br \/>\nLeonhard Br\u00fccklmaier f\u00fcr + Vater z. Geb.<br \/>\nRosa Singerl f\u00fcr + Ehemann und + Angeh\u00f6rige<br \/>\nKlara Schaber f\u00fcr + Eltern und Geschwister<br \/>\nFamilie Ewald Wagner f\u00fcr + Katharina Br\u00fccklmaier<\/p>\n","protected":false},"excerpt":{"rendered":"<p>Wir feiern Gottesdienst: Dienstag, 23.10. Elsendorf 14.30 Uhr\u00a0\u00a0\u00a0\u00a0 Requiem f\u00fcr Jakob Kellerer anschl. Urnenbestattung Sonntag, 28.10.\u00a0\u00a0\u00a0\u00a0 30. SONNTAG IM JAHRESKREIS Weltmissionssonntag &#8222;Gott ist uns Zuflucht und St\u00e4rke&#8220; \u00a0\u00a0\u00a0\u00a0missio Kollekte Elsendorf 9.30 Uhr\u00a0\u00a0\u00a0 Familie Georg Kr\u00f6pfl f\u00fcr + Eltern Sebastian und Maria und + Bruder Rupert Familie Polz f\u00fcr + Hermann Rainer Anton Gallmeier f\u00fcr + &hellip; <a href=\"https:\/\/www.pfarrei-elsendorf.de\/content\/gottesdienstordnung-vom-22-10-2018-11-11-2018\/\" class=\"more-link\"><span class=\"screen-reader-text\">Gottesdienstordnung vom 22.10.2018 \u2013 11.11.2018<\/span> weiterlesen <span class=\"meta-nav\">&rarr;<\/span><\/a><\/p>\n","protected":false},"author":1,"featured_media":0,"comment_status":"closed","ping_status":"closed","sticky":false,"template":"","format":"standard","meta":{"footnotes":""},"categories":[1,9],"tags":[],"class_list":["post-449","post","type-post","status-publish","format-standard","hentry","category-allgemein","category-archiv"],"_links":{"self":[{"href":"https:\/\/www.pfarrei-elsendorf.de\/content\/wp-json\/wp\/v2\/posts\/449","targetHints":{"allow":["GET"]}}],"collection":[{"href":"https:\/\/www.pfarrei-elsendorf.de\/content\/wp-json\/wp\/v2\/posts"}],"about":[{"href":"https:\/\/www.pfarrei-elsendorf.de\/content\/wp-json\/wp\/v2\/types\/post"}],"author":[{"embeddable":true,"href":"https:\/\/www.pfarrei-elsendorf.de\/content\/wp-json\/wp\/v2\/users\/1"}],"replies":[{"embeddable":true,"href":"https:\/\/www.pfarrei-elsendorf.de\/content\/wp-json\/wp\/v2\/comments?post=449"}],"version-history":[{"count":7,"href":"https:\/\/www.pfarrei-elsendorf.de\/content\/wp-json\/wp\/v2\/posts\/449\/revisions"}],"predecessor-version":[{"id":462,"href":"https:\/\/www.pfarrei-elsendorf.de\/content\/wp-json\/wp\/v2\/posts\/449\/revisions\/462"}],"wp:attachment":[{"href":"https:\/\/www.pfarrei-elsendorf.de\/content\/wp-json\/wp\/v2\/media?parent=449"}],"wp:term":[{"taxonomy":"category","embeddable":true,"href":"https:\/\/www.pfarrei-elsendorf.de\/content\/wp-json\/wp\/v2\/categories?post=449"},{"taxonomy":"post_tag","embeddable":true,"href":"https:\/\/www.pfarrei-elsendorf.de\/content\/wp-json\/wp\/v2\/tags?post=449"}],"curies":[{"name":"wp","href":"https:\/\/api.w.org\/{rel}","templated":true}]}}