{"id":456,"date":"2018-10-21T15:14:21","date_gmt":"2018-10-21T13:14:21","guid":{"rendered":"http:\/\/www.pfarrei-elsendorf.de\/content\/?p=456"},"modified":"2018-12-15T15:25:46","modified_gmt":"2018-12-15T14:25:46","slug":"messintentionen-und-mitteilungsblatt-bis-11-11-2018","status":"publish","type":"post","link":"https:\/\/www.pfarrei-elsendorf.de\/content\/messintentionen-und-mitteilungsblatt-bis-11-11-2018\/","title":{"rendered":"Messintentionen und Mitteilungsblatt bis 11.11.2018"},"content":{"rendered":"<p><strong>Elsendorfer Kirchenspatzen<\/strong><br \/>\nFreitag, 26.10.<br \/>\n16.15 \u2013 17.15 \u00a0Uhr\u00a0\u00a0 \u00a0\u00a0Singstunde im Pfarrheim<br \/>\nFreitag, 2.11.<br \/>\n16.15 \u2013 17.15 Uhr\u00a0\u00a0\u00a0\u00a0\u00a0 Singstunde im Pfarrheim<br \/>\nFreitag, 9.11.<br \/>\n14.30 \u2013 15.30 Uhr\u00a0\u00a0\u00a0\u00a0 Singstunde im Pfarrheim<br \/>\n<em><strong> = ge\u00e4nderte Zeit wegen Martinsumzug<\/strong><\/em><\/p>\n<p><strong>Kirchenchor<\/strong><br \/>\nMontag, 29.10.<br \/>\n19.30 Uhr\u00a0\u00a0\u00a0 Singstunde in der Kirche<br \/>\nDonnerstag, 1.11.<br \/>\n9:00 Uhr\u00a0\u00a0\u00a0\u00a0\u00a0 Andacht an Allerheiligen<\/p>\n<p><strong>Abwesenheit Pfarrer Albert Vogl<\/strong><br \/>\nPfarrer Albert Vogl ist vom 23.10. bis 14.11.auf Reha.<br \/>\nDie Gottesdienste \u00fcbernehmen Pater Maximilian, Pfarrer Siegfried Felber und Pfarrvikar Lawrence Emmareddy.<br \/>\nBei dringendem seelsorglichen Bedarf werden Frau Werner oder die Pfarrsekret\u00e4rin den Kontakt zu einem Priester vermitteln.<\/p>\n<p><strong>Wahl der Kirchenverwaltungen am 18.11.2018<br \/>\n<\/strong>Wahlberechtigt ist, wer der r\u00f6misch-katholischen Kirche angeh\u00f6rt, im Bereich der Kirchengemeinde seinen Hauptwohnsitz hat und am Wahltag das 18. Lebensjahr vollendet hat.<br \/>\nDie Kandidaten f\u00fcr die Kirchenverwaltung werden am 20. Oktober durch Aushang in der jeweiligen Pfarrkirche bekannt gegeben.\u00a0 Im n\u00e4chsten Pfarrbrief Nr. 15 werden sie ver\u00f6ffentlicht.<br \/>\nBei Bedarf h\u00e4ndigt\u00a0 ab 26. Oktober bis 16. November das Pfarrb\u00fcro die Briefwahlunterlagen aus.<\/p>\n<p><strong>Erstkommunion 2019<\/strong><br \/>\nDie Erstkommunionfeier findet am Sonntag, 5.5.2019 statt. Wenn Ihr Kind die 3. Klasse besucht oder im entsprechenden Alter ist und den Empfang des Sakramentes w\u00fcnscht, melden Sie Ihr Kind bitte bis 26.10. im Pfarrb\u00fcro an. Anmeldeformulare erhalten Sch\u00fcler der Grundschule Elsendorf dort; Kinder, die eine andere Schule besuchen, erhalten den Anmeldebogen im Pfarrb\u00fcro.<\/p>\n<p><strong>\u00dc-60 \u2013 NeSt-Verein<\/strong><br \/>\nDer NeSt Theater und Musikverein Mitterstetten l\u00e4dt die Senioren wieder zu einer eigenen Vorstellung der Kom\u00f6die Wunder \u00fcber Wunder am Sonntag, 25. November ein. Im Preis von 7 \u20ac sind eine Tasse Kaffee und ein St\u00fcck Kuchen enthalten. Karten bei Annemarie Traurig, Telefon 08751 -3336 bestellen!<\/p>\n<p><strong>Wir gedenken an Allerheiligen \/ Allerseelen unserer Verstorbenen\u00a0 des letzten Jahres<\/strong><br \/>\n<strong>in Elsendorf<\/strong><br \/>\n<em>Oktober 2017\u00a0\u00a0<\/em><br \/>\nTherese Geck, 89, Elsendorf<br \/>\n<em>Januar 2018\u00a0\u00a0<\/em><br \/>\nRupert Kr\u00f6pfl, 54, Horneck<br \/>\nAnton Wagner, 87, Ratzenhofen<br \/>\nKaspar Spornraft, 88, Landersdorf<br \/>\n<em>Mai\u00a0\u00a0<\/em><br \/>\nBarbara Wendl, 82, Elsendorf<br \/>\n<em>Juni\u00a0\u00a0\u00a0<\/em><br \/>\nJosef Fellner, 73, Elsendorf<br \/>\nJohann Friedl, 87, Elsendorf<br \/>\n<em>Juli\u00a0 \u00a0 \u00a0<\/em><br \/>\nMaria Haage, 89, Elsendorf<br \/>\n<em>August\u00a0\u00a0\u00a0 \u00a0<\/em><br \/>\nHermann Rainer, 85, Elsendorf<br \/>\n<em>September\u00a0\u00a0<\/em><br \/>\nSebastian Kr\u00f6pfl, 91, Horneck<br \/>\nMaria Kr\u00f6pfl, 91, Horneck<br \/>\n<em>Oktober\u00a0\u00a0<\/em><br \/>\nIngrid Klas, 74, Schondorf<br \/>\nJakob Kellerer, 52, Elsendorf<\/p>\n<p><strong>in Appersdorf<\/strong><br \/>\n<em>Februar 2018<\/em><br \/>\nKatharina Gr\u00fcnberger, 87,Meilenhofen<br \/>\nHelmuth Prix, 67, Appersdorf<br \/>\nAlois Bauer, 86, AppersdorfAndreas Krojer, 90, Haunsbach<br \/>\nMaria Krojer, 88, Haunsbach<br \/>\n<em>April\u00a0 \u00a0<\/em><br \/>\nErwin Thomas, 86, Appersdorf<br \/>\n<em>Juni\u00a0\u00a0 \u00a0 \u00a0<\/em><br \/>\nRosa Bauer, 88, Appersdorf<br \/>\n<em>Juli\u00a0<\/em><br \/>\nElisabeth Fertl, 90, Meilenhofen<br \/>\n<em>August \u00a0 \u00a0 \u00a0 \u00a0 \u00a0\u00a0<\/em><br \/>\nMaria Thomas, 82, Appersdorf<br \/>\n<em>September\u00a0\u00a0\u00a0<\/em><br \/>\nPaula Zimmer, 77, Appersdorf<br \/>\n<em>Oktober<\/em><br \/>\nEngelbert Hartl, 85, Appersdorf<\/p>\n<p><strong>in Berghausen<\/strong><br \/>\n<em>Juni \u00a0 \u00a0 \u00a0\u00a0\u00a0\u00a0<\/em><br \/>\nGeorg Burger, 82, Berghausen<\/p>\n<p><strong>O Herr, schenke ihnen die ewige Ruhe!<br \/>\n<\/strong><\/p>\n<hr \/>\n<p style=\"text-align: center;\">Nachbarschaftshilfe 0151\u20137015754<\/p>\n<hr \/>\n<p>Katholisches Pfarramt Elsendorf<br \/>\nMainburger Stra\u00dfe 1<br \/>\n84094 Elsendorf<br \/>\nTelefon: 08753\/245<br \/>\nFax: 08753\/910498<br \/>\ne-mail: pfarramt\u201cAT\u201celsendorf.de<br \/>\nInternet: www.pfarrei-elsendorf.de<br \/>\nB\u00fcrozeiten :<br \/>\nDienstag 8:00 Uhr \u2013 12:00 Uhr<br \/>\nFreitag 15:00 Uhr \u2013 17:00 Uhr<\/p>\n","protected":false},"excerpt":{"rendered":"<p>Elsendorfer Kirchenspatzen Freitag, 26.10. 16.15 \u2013 17.15 \u00a0Uhr\u00a0\u00a0 \u00a0\u00a0Singstunde im Pfarrheim Freitag, 2.11. 16.15 \u2013 17.15 Uhr\u00a0\u00a0\u00a0\u00a0\u00a0 Singstunde im Pfarrheim Freitag, 9.11. 14.30 \u2013 15.30 Uhr\u00a0\u00a0\u00a0\u00a0 Singstunde im Pfarrheim = ge\u00e4nderte Zeit wegen Martinsumzug Kirchenchor Montag, 29.10. 19.30 Uhr\u00a0\u00a0\u00a0 Singstunde in der Kirche Donnerstag, 1.11. 9:00 Uhr\u00a0\u00a0\u00a0\u00a0\u00a0 Andacht an Allerheiligen Abwesenheit Pfarrer Albert Vogl Pfarrer &hellip; <a href=\"https:\/\/www.pfarrei-elsendorf.de\/content\/messintentionen-und-mitteilungsblatt-bis-11-11-2018\/\" class=\"more-link\"><span class=\"screen-reader-text\">Messintentionen und Mitteilungsblatt bis 11.11.2018<\/span> weiterlesen <span class=\"meta-nav\">&rarr;<\/span><\/a><\/p>\n","protected":false},"author":1,"featured_media":0,"comment_status":"closed","ping_status":"closed","sticky":false,"template":"","format":"standard","meta":{"footnotes":""},"categories":[1,9],"tags":[],"class_list":["post-456","post","type-post","status-publish","format-standard","hentry","category-allgemein","category-archiv"],"_links":{"self":[{"href":"https:\/\/www.pfarrei-elsendorf.de\/content\/wp-json\/wp\/v2\/posts\/456","targetHints":{"allow":["GET"]}}],"collection":[{"href":"https:\/\/www.pfarrei-elsendorf.de\/content\/wp-json\/wp\/v2\/posts"}],"about":[{"href":"https:\/\/www.pfarrei-elsendorf.de\/content\/wp-json\/wp\/v2\/types\/post"}],"author":[{"embeddable":true,"href":"https:\/\/www.pfarrei-elsendorf.de\/content\/wp-json\/wp\/v2\/users\/1"}],"replies":[{"embeddable":true,"href":"https:\/\/www.pfarrei-elsendorf.de\/content\/wp-json\/wp\/v2\/comments?post=456"}],"version-history":[{"count":6,"href":"https:\/\/www.pfarrei-elsendorf.de\/content\/wp-json\/wp\/v2\/posts\/456\/revisions"}],"predecessor-version":[{"id":463,"href":"https:\/\/www.pfarrei-elsendorf.de\/content\/wp-json\/wp\/v2\/posts\/456\/revisions\/463"}],"wp:attachment":[{"href":"https:\/\/www.pfarrei-elsendorf.de\/content\/wp-json\/wp\/v2\/media?parent=456"}],"wp:term":[{"taxonomy":"category","embeddable":true,"href":"https:\/\/www.pfarrei-elsendorf.de\/content\/wp-json\/wp\/v2\/categories?post=456"},{"taxonomy":"post_tag","embeddable":true,"href":"https:\/\/www.pfarrei-elsendorf.de\/content\/wp-json\/wp\/v2\/tags?post=456"}],"curies":[{"name":"wp","href":"https:\/\/api.w.org\/{rel}","templated":true}]}}