{"id":465,"date":"2018-11-27T21:06:22","date_gmt":"2018-11-27T20:06:22","guid":{"rendered":"http:\/\/www.pfarrei-elsendorf.de\/content\/?p=465"},"modified":"2019-03-19T12:53:57","modified_gmt":"2019-03-19T11:53:57","slug":"gottesdienstordnung-vom-27-11-2018-09-12-2018","status":"publish","type":"post","link":"https:\/\/www.pfarrei-elsendorf.de\/content\/gottesdienstordnung-vom-27-11-2018-09-12-2018\/","title":{"rendered":"Gottesdienstordnung vom 27.11.2018 \u2013 09.12.2018"},"content":{"rendered":"<p><strong>Dienstag, 27.11.\u00a0\u00a0<\/strong><br \/>\nElsendorf\u00a0\u00a0\u00a0\u00a0\u00a0\u00a0\u00a0\u00a0 18.00 Uhr\u00a0\u00a0\u00a0\u00a0\u00a0\u00a0 Christl Faltermeier f\u00fcr+ Onkeln und Tanten<br \/>\nGeschwister Gallmaier f\u00fcr + Hans Wagner<br \/>\nFamilie Kallm\u00fcnzer f\u00fcr + Maria und Eduard Wagner<\/p>\n<p><strong>Donnerstag, 29.11.\u00a0<\/strong><br \/>\nMeilenhofen\u00a0\u00a0\u00a0\u00a0\u00a0 19.00 Uhr\u00a0\u00a0\u00a0\u00a0\u00a0\u00a0 Brigitte Amberger f\u00fcr + Johanna K\u00f6nig<br \/>\nMarianne Frank f\u00fcr + Onkeln und Tanten<br \/>\nMaria K\u00f6gl f\u00fcr + Elisabeth Fertl<br \/>\nMagdalena Braun f\u00fcr + Elisabeth Fertl<br \/>\nRoswitha und Marina f\u00fcr + Ehemann und Vater<br \/>\nFamilie Emmi Huber f\u00fcr + Elisabeth Fertl<\/p>\n<p><strong>Samstag, 01.12.\u00a0\u00a0\u00a0\u00a0\u00a0\u00a0\u00a0\u00a0\u00a0\u00a0\u00a0\u00a0\u00a0\u00a0\u00a0\u00a0\u00a0\u00a0\u00a0 V o r a b e n d g o t t e s d i e n s t<\/strong><br \/>\nElsendorf\u00a0\u00a0\u00a0\u00a0\u00a0\u00a0\u00a0\u00a0 18.00 Uhr\u00a0\u00a0\u00a0\u00a0\u00a0\u00a0 Geschwister Dettenhofer f\u00fcr Mutter Philomena z. Sttg<br \/>\nGertrud Wagner f\u00fcr + Eltern Karl und Wanda Dotzauer<br \/>\nGeorg Wagner f\u00fcr + Vater, Bruder und Oma<br \/>\nSchulkameraden f\u00fcr + Herbert Richter<br \/>\nFamilie Alfons Friedl f\u00fcr + Eltern<br \/>\nB\u00e4rbl Albrecht f\u00fcr + Firmpatin Dora Ruf<\/p>\n<p><em>anschl. laden die Ministranten zu einer Begegnung mit dem hl Nikolaus vor dem Pfarrheim ein<\/em><\/p>\n<p><strong>Sonntag, 02.12.\u00a0\u00a0\u00a0\u00a0\u00a0\u00a0\u00a0\u00a0\u00a0\u00a0\u00a0\u00a0\u00a0\u00a0\u00a0\u00a0\u00a0\u00a0\u00a0\u00a0 1. ADVENT<\/strong><br \/>\nElsendorf<br \/>\n9.00 Uhr\u00a0\u00a0\u00a0\u00a0\u00a0\u00a0 Resi Heindl f\u00fcr + Eltern<br \/>\nFamilie Hermann Mirlach f\u00fcr + Bruder Hans<br \/>\nMichaela Hanus f\u00fcr + Mutter Rosa Hanus und Oma und Opa Galmeier<br \/>\nWalburga Greis f\u00fcr + Johann und Elisabeth Friedl<br \/>\nFamilie Schiller sen. f\u00fcr + Maria Haage<br \/>\nAntonie Fritsch f\u00fcr + Maria Haage und + Hermann Rainer<br \/>\n11.15 Uhr\u00a0\u00a0\u00a0\u00a0\u00a0\u00a0 T a u f e Sebastian Schwertl<\/p>\n<p>Haunsbach<br \/>\n10.00 Uhr\u00a0\u00a0\u00a0\u00a0\u00a0\u00a0 Ursula Wimmer f\u00fcr + Ehemann Thomas<br \/>\nFamilie Dettenhofer f\u00fcr + Eltern und Gro\u00dfeltern<br \/>\nFamilie Hans Baumeister f\u00fcr + Eltern bds. und Angeh\u00f6rige<\/p>\n<p><strong>Montag, 03.12.<\/strong><br \/>\n<strong>Hausgottesdienst<\/strong> im Advent, die Texte liegen in den Pfarrkirchen zum Mitnehmen aus<\/p>\n<p><strong>Dienstag, 04.12.\u00a0\u00a0<\/strong><br \/>\nElsendorf<br \/>\n18.00 Uhr\u00a0\u00a0\u00a0\u00a0\u00a0\u00a0 Elisabeth Kallm\u00fcnzer f\u00fcr + Betty Wendl<br \/>\nRosi Niederhammer f\u00fcr\u00a0 + Hermann Rainer<\/p>\n<p><strong>Donnerstag, 06.12.\u00a0\u00a0\u00a0\u00a0\u00a0\u00a0\u00a0\u00a0\u00a0\u00a0\u00a0\u00a0\u00a0\u00a0\u00a0 Hl. Nikolaus, Bischof v. Myra<\/strong><br \/>\nHorneck<br \/>\n<strong>19.00 Uhr<\/strong>\u00a0\u00a0\u00a0\u00a0\u00a0 <strong>Patrozinium<\/strong><br \/>\nFranz Brunner f\u00fcr + Rupert Kr\u00f6pfl<br \/>\nFamilie Moser f\u00fcr + Sebastian, Maria und Rupert Kr\u00f6pfl<br \/>\nLorenz Niedermeier f\u00fcr + Eltern, und Magdalena Niedermeier f\u00fcr + Eltern und + Stiefvater<br \/>\nLorenz Niedermeier f\u00fcr Sebastian, Maria und Rupert Kr\u00f6pfl<br \/>\nRita Inderst f\u00fcr + Ehemann<br \/>\nThomas Neubauer f\u00fcr + Maria, Sebastian und Rupert Kr\u00f6pfl<br \/>\nJosef Haltmeier f\u00fcr + Eltern, Gro\u00dfeltern und Bruder Franz<\/p>\n<p><strong>Freitag, 07.12.<\/strong><br \/>\nElsendorf<br \/>\n15.30 Uhr\u00a0\u00a0\u00a0\u00a0\u00a0\u00a0 S c h \u00fc l e r g o t t e s d i e n s t<br \/>\nMaria Werner f\u00fcr + Betty Wendl<\/p>\n<p><strong>Samstag, 08.12.<br \/>\nHochfest der ohne Erbs\u00fcnde empfangenen Jungfrau<\/strong><br \/>\n<em>Kollekte f\u00fcr die Kirchenheizung<br \/>\n<\/em>Elsendorf<br \/>\n18.00 Uhr\u00a0\u00a0\u00a0\u00a0\u00a0\u00a0 <strong>Patrozinium<\/strong><br \/>\nAnton Gallmeier f\u00fcr + Onkeln und Tanten<br \/>\nHelene Ambros f\u00fcr + Ehemann und Verwandte<br \/>\nAnna Lanzl f\u00fcr + Eltern und Geschwister<br \/>\nAnneliese Biewald f\u00fcr + Schwiegereltern und + Angeh\u00f6rige<br \/>\nMarianne Eiter f\u00fcr + Barbara Wendl<br \/>\n<em>musik. Gestaltung: Kirchenchor<\/em><br \/>\nanschl. <strong>Ewige Anbetung<\/strong><\/p>\n<p>Berghausen<br \/>\n<strong>17.30 Uhr<\/strong>\u00a0\u00a0\u00a0\u00a0\u00a0 Katharina Schinagl f\u00fcr + Eltern und + Onkel Xaver<br \/>\nSofie Amberger f\u00fcr Ehemann z. Sttg.<br \/>\n2. lebendiger Rosenkranz f\u00fcr alle lebenden und + Mitglieder<br \/>\nWalburga Weiher f\u00fcr + Berta Sedlmeier<br \/>\nSofie Amberger f\u00fcr + Berta Sedlmeier<\/p>\n<p><strong>Sonntag, 09.12.\u00a0\u00a0\u00a0\u00a0\u00a0\u00a0\u00a0\u00a0\u00a0\u00a0\u00a0\u00a0\u00a0\u00a0\u00a0\u00a0\u00a0\u00a0\u00a0\u00a0 2. ADVENT\u00a0\u00a0\u00a0\u00a0\u00a0\u00a0\u00a0\u00a0<\/strong><br \/>\n<em>Kollekte f\u00fcr die Kirchenheizung<br \/>\n<\/em>Elsendorf<br \/>\n9.00 Uhr\u00a0\u00a0\u00a0\u00a0\u00a0\u00a0 Familie Karl Friedl f\u00fcr + Eltern und Maria Friedl f\u00fcr + Eltern und + Schwester<br \/>\nFrau Karsties f\u00fcr + Ehemann\u00a0 + Eltern Johann und Aloisia Hanus<br \/>\nFamilie Jungbauer f\u00fcr + Alois Bauer, + Sebastian Mirlach und + Johann Mirlach<br \/>\n11.30 Uhr\u00a0\u00a0\u00a0\u00a0\u00a0\u00a0 T a u f e Johanna P\u00f6hner<\/p>\n<p>Appersdorf<br \/>\n<strong>17.00 Uhr<\/strong>\u00a0\u00a0\u00a0\u00a0\u00a0 Familie Vogt f\u00fcr + Erwin und Maria Thomas<br \/>\nLeonhard Br\u00fccklmaier f\u00fcr + Mutter z. Geb.<br \/>\nMaria Kirchmeier f\u00fcr + Schwester Paula ZImmer<br \/>\nMarianne Stocker f\u00fcr + Engelbert Hartl<br \/>\nKinder f\u00fcr + Vater Engelbert Hartl<br \/>\nAnna Bachmaier f\u00fcr + Ehemann<br \/>\nHarald Wagner f\u00fcr + Tante Hilde<br \/>\nFam. Franz u. Gerlinde Beck f\u00fcr + Eltern u. Gro\u00dfeltern bds.<br \/>\nFamilie Robert Burgmeier f\u00fcr Mutter Erika z. Sttg. und + Maria Klein z. Geb.<br \/>\n<em>musik. Gestaltung:<\/em> <em>Familien Burgmeier und Beck<\/em><\/p>\n","protected":false},"excerpt":{"rendered":"<p>Dienstag, 27.11.\u00a0\u00a0 Elsendorf\u00a0\u00a0\u00a0\u00a0\u00a0\u00a0\u00a0\u00a0 18.00 Uhr\u00a0\u00a0\u00a0\u00a0\u00a0\u00a0 Christl Faltermeier f\u00fcr+ Onkeln und Tanten Geschwister Gallmaier f\u00fcr + Hans Wagner Familie Kallm\u00fcnzer f\u00fcr + Maria und Eduard Wagner Donnerstag, 29.11.\u00a0 Meilenhofen\u00a0\u00a0\u00a0\u00a0\u00a0 19.00 Uhr\u00a0\u00a0\u00a0\u00a0\u00a0\u00a0 Brigitte Amberger f\u00fcr + Johanna K\u00f6nig Marianne Frank f\u00fcr + Onkeln und Tanten Maria K\u00f6gl f\u00fcr + Elisabeth Fertl Magdalena Braun f\u00fcr + Elisabeth Fertl &hellip; <a href=\"https:\/\/www.pfarrei-elsendorf.de\/content\/gottesdienstordnung-vom-27-11-2018-09-12-2018\/\" class=\"more-link\"><span class=\"screen-reader-text\">Gottesdienstordnung vom 27.11.2018 \u2013 09.12.2018<\/span> weiterlesen <span class=\"meta-nav\">&rarr;<\/span><\/a><\/p>\n","protected":false},"author":1,"featured_media":0,"comment_status":"closed","ping_status":"closed","sticky":false,"template":"","format":"standard","meta":{"footnotes":""},"categories":[9],"tags":[],"class_list":["post-465","post","type-post","status-publish","format-standard","hentry","category-archiv"],"_links":{"self":[{"href":"https:\/\/www.pfarrei-elsendorf.de\/content\/wp-json\/wp\/v2\/posts\/465","targetHints":{"allow":["GET"]}}],"collection":[{"href":"https:\/\/www.pfarrei-elsendorf.de\/content\/wp-json\/wp\/v2\/posts"}],"about":[{"href":"https:\/\/www.pfarrei-elsendorf.de\/content\/wp-json\/wp\/v2\/types\/post"}],"author":[{"embeddable":true,"href":"https:\/\/www.pfarrei-elsendorf.de\/content\/wp-json\/wp\/v2\/users\/1"}],"replies":[{"embeddable":true,"href":"https:\/\/www.pfarrei-elsendorf.de\/content\/wp-json\/wp\/v2\/comments?post=465"}],"version-history":[{"count":2,"href":"https:\/\/www.pfarrei-elsendorf.de\/content\/wp-json\/wp\/v2\/posts\/465\/revisions"}],"predecessor-version":[{"id":467,"href":"https:\/\/www.pfarrei-elsendorf.de\/content\/wp-json\/wp\/v2\/posts\/465\/revisions\/467"}],"wp:attachment":[{"href":"https:\/\/www.pfarrei-elsendorf.de\/content\/wp-json\/wp\/v2\/media?parent=465"}],"wp:term":[{"taxonomy":"category","embeddable":true,"href":"https:\/\/www.pfarrei-elsendorf.de\/content\/wp-json\/wp\/v2\/categories?post=465"},{"taxonomy":"post_tag","embeddable":true,"href":"https:\/\/www.pfarrei-elsendorf.de\/content\/wp-json\/wp\/v2\/tags?post=465"}],"curies":[{"name":"wp","href":"https:\/\/api.w.org\/{rel}","templated":true}]}}