{"id":468,"date":"2018-11-12T07:13:11","date_gmt":"2018-11-12T06:13:11","guid":{"rendered":"http:\/\/www.pfarrei-elsendorf.de\/content\/?p=468"},"modified":"2019-03-19T12:54:09","modified_gmt":"2019-03-19T11:54:09","slug":"gottesdienstordnung-vom-14-11-2018-25-11-2018","status":"publish","type":"post","link":"https:\/\/www.pfarrei-elsendorf.de\/content\/gottesdienstordnung-vom-14-11-2018-25-11-2018\/","title":{"rendered":"Gottesdienstordnung vom 14.11.2018 \u2013 25.11.2018"},"content":{"rendered":"<p>Mittwoch, 14.11.<br \/>\nHaunsbach 18.00 Uhr Theres Schmid f\u00fcr + Ehemann und Vater<\/p>\n<p>Donnerstag, 15.11. Hl. Albert d. Gr<br \/>\nMeilenhofen 19.00 Uhr Familien Huber \/ Sigl f\u00fcr + Andreas Sigl<br \/>\nWolfgang und Michael Bachler f\u00fcr + Vater<br \/>\nWally Oberst\u00f6tter f\u00fcr + Ehemann und Vater z. Geb.<br \/>\nMaria Deindl f\u00fcr Ehemann z. Sttg.<br \/>\nFamilie Olga Gr\u00fcnberger f\u00fcr + Eltern Johann und Franziska Deindl<\/p>\n<p>Samstag, 17.11. V o r a b e n d g o t t e s d i e n s t Diaspora<br \/>\nElsendorf 18.00 Uhr Maria Sch\u00f6ttl f\u00fcr + Cousin Pfarrer Andreas Neumeier und + Verwandte<br \/>\nMaria Sch\u00f6ttl f\u00fcr + Schw\u00e4gerin Anna Pals und + Siebe<br \/>\nFamilie Haage\/Schwertl\/Wiltschko f\u00fcr + Mutter und Oma Maria Haage<br \/>\nMarianne Wagner, R f\u00fcr + Ehemann und + Angeh\u00f6rige<br \/>\nFamilie Ingrid H\u00f6lzl f\u00fcr + Eltern und Gro\u00dfeltern<br \/>\nKlara Stempfhuber f\u00fcr + Mutter<\/p>\n<p>Sonntag, 18.11. 33. SONNTAG IM JAHRESKREIS Diaspora<br \/>\nAppersdorf 9.00 Uhr Familie Hilz f\u00fcr + Kathi Beis und Sohn Alfred<br \/>\nKreszenz Kunert f\u00fcr + Erwin Thomas<br \/>\nTherese Gabelsberger f\u00fcr Mutter z. Sttg.<br \/>\nWally Hobelsberger f\u00fcr + Pfarrer Otto Baumgartner und + Rudolf Rupp<br \/>\nFamilie Centa Hartl f\u00fcr + Ehemann<\/p>\n<p>Elsendorf 10.00 Uhr K r i e g e r j a h r t a g Kollekte f\u00fcr Kriegsgr\u00e4ber<br \/>\nKrieger- und Reservistenkameradschaft f\u00fcr gefallene, vermisste und + Mitglieder<br \/>\nFamilie Juliane Daser f\u00fcr + Mutter und + Richard Scheuerer<br \/>\nFamilie Antonie Fritsch f\u00fcr + Ehemann und Vater<br \/>\nFamilie Josef Huber, Malmersdorf f\u00fcr + Eltern bds.<br \/>\nFamilie Karl K\u00f6nig f\u00fcr + Hermann Rainer<\/p>\n<p>Neuwahl der Kirchenverwaltungen<\/p>\n<p>Dienstag, 20.11. Hl. Korbinian<br \/>\nElsendorf 18.00 Uhr Familie Kallm\u00fcnzer f\u00fcr + Johann Meyer und + Lenz Nickl<br \/>\nFamilie Adalbert Gallmaier f\u00fcr + Maria Haage<\/p>\n<p>Donnerstag, 22.11. Hl. C\u00e4cilia, Jungfrau, M\u00e4rtyrin in Rom<br \/>\nSchlo\u00dfkapelle 18.00 Uhr Familie Hausler f\u00fcr + Peter Hausler<br \/>\nKaroline Schmidtner f\u00fcr + Cousine Erna Huber<br \/>\nBrigitte Mirlach f\u00fcr + Mutter und + Tanten<\/p>\n<p>Samstag, 24.11. V o r a b e n d g o t t e s d i e n s t<br \/>\nElsendorf 18.00 Uhr mit Entlass der ausscheidenden Ministranten<br \/>\nund Aufnahme der neuen Ministranten<br \/>\nFamilie Rita Wagner f\u00fcr + Eltern Lorenz und Maria Niedermeier<br \/>\nFamilie Weber f\u00fcr + Eltern und Verwandte<br \/>\nFamilie Brigitte Wagner f\u00fcr + Angeh\u00f6rige<br \/>\nGundi Weingartner f\u00fcr + Eltern, Bruder Richard und Neffen Heinrich Arter<br \/>\nLeonhard und Marianne Kellerer f\u00fcr + Sohn Jakob<br \/>\nmusik. Gestaltung mit den Elsendorfer Kirchenspatzen<\/p>\n<p>Sonntag, 25.11. CHRISTK\u00d6NIG<br \/>\nAppersdorf 9.00 Uhr Familie G\u00fcnther Stehr f\u00fcr + Mutter Elisabeth z. Geb.<br \/>\nRudolf Brachtel f\u00fcr + Vater<br \/>\nFamilie S. und E. Hunglinger f\u00fcr + M\u00fctter und Oma z. Geb.<br \/>\nElfriede Hunglinger f\u00fcr Tante Anni z. Sttg.<br \/>\nLeonhard Br\u00fccklmaier f\u00fcr Ehefrau z. Sttg.<br \/>\nFamilien Inderst und Hartl f\u00fcr + Ludwig Inderst<br \/>\nEwald Wagner f\u00fcr + Mutter<\/p>\n<p>Berghausen 10.00 Uhr K r i e g e r j a h r t a g Kollekte f\u00fcr Kriegsgr\u00e4ber<br \/>\nKrieger- und Soldatenverein Berghausen f\u00fcr + und gefallene Mitglieder<br \/>\nCenta Haltmaier f\u00fcr + Ehemann z. 80. Geb.<br \/>\nFamilie Liedl f\u00fcr + Ehemann und Vater<br \/>\nFamilie Sirl f\u00fcr + Onkel Lorenz Mirlach<br \/>\ne.g.P. zur hl Anna Sch\u00e4ffer<br \/>\nFamilie Thomas Kramschuster f\u00fcr + Angeh\u00f6rige<\/p>\n","protected":false},"excerpt":{"rendered":"<p>Mittwoch, 14.11. Haunsbach 18.00 Uhr Theres Schmid f\u00fcr + Ehemann und Vater Donnerstag, 15.11. Hl. Albert d. Gr Meilenhofen 19.00 Uhr Familien Huber \/ Sigl f\u00fcr + Andreas Sigl Wolfgang und Michael Bachler f\u00fcr + Vater Wally Oberst\u00f6tter f\u00fcr + Ehemann und Vater z. Geb. Maria Deindl f\u00fcr Ehemann z. Sttg. Familie Olga Gr\u00fcnberger f\u00fcr &hellip; <a href=\"https:\/\/www.pfarrei-elsendorf.de\/content\/gottesdienstordnung-vom-14-11-2018-25-11-2018\/\" class=\"more-link\"><span class=\"screen-reader-text\">Gottesdienstordnung vom 14.11.2018 \u2013 25.11.2018<\/span> weiterlesen <span class=\"meta-nav\">&rarr;<\/span><\/a><\/p>\n","protected":false},"author":1,"featured_media":0,"comment_status":"closed","ping_status":"closed","sticky":false,"template":"","format":"standard","meta":{"footnotes":""},"categories":[9],"tags":[],"class_list":["post-468","post","type-post","status-publish","format-standard","hentry","category-archiv"],"_links":{"self":[{"href":"https:\/\/www.pfarrei-elsendorf.de\/content\/wp-json\/wp\/v2\/posts\/468","targetHints":{"allow":["GET"]}}],"collection":[{"href":"https:\/\/www.pfarrei-elsendorf.de\/content\/wp-json\/wp\/v2\/posts"}],"about":[{"href":"https:\/\/www.pfarrei-elsendorf.de\/content\/wp-json\/wp\/v2\/types\/post"}],"author":[{"embeddable":true,"href":"https:\/\/www.pfarrei-elsendorf.de\/content\/wp-json\/wp\/v2\/users\/1"}],"replies":[{"embeddable":true,"href":"https:\/\/www.pfarrei-elsendorf.de\/content\/wp-json\/wp\/v2\/comments?post=468"}],"version-history":[{"count":1,"href":"https:\/\/www.pfarrei-elsendorf.de\/content\/wp-json\/wp\/v2\/posts\/468\/revisions"}],"predecessor-version":[{"id":469,"href":"https:\/\/www.pfarrei-elsendorf.de\/content\/wp-json\/wp\/v2\/posts\/468\/revisions\/469"}],"wp:attachment":[{"href":"https:\/\/www.pfarrei-elsendorf.de\/content\/wp-json\/wp\/v2\/media?parent=468"}],"wp:term":[{"taxonomy":"category","embeddable":true,"href":"https:\/\/www.pfarrei-elsendorf.de\/content\/wp-json\/wp\/v2\/categories?post=468"},{"taxonomy":"post_tag","embeddable":true,"href":"https:\/\/www.pfarrei-elsendorf.de\/content\/wp-json\/wp\/v2\/tags?post=468"}],"curies":[{"name":"wp","href":"https:\/\/api.w.org\/{rel}","templated":true}]}}