{"id":470,"date":"2018-11-12T08:17:03","date_gmt":"2018-11-12T07:17:03","guid":{"rendered":"http:\/\/www.pfarrei-elsendorf.de\/content\/?p=470"},"modified":"2019-03-19T13:07:13","modified_gmt":"2019-03-19T12:07:13","slug":"pfarrbrief-messintentionen-und-mitteilungsblatt-bis-11-11-2018","status":"publish","type":"post","link":"https:\/\/www.pfarrei-elsendorf.de\/content\/pfarrbrief-messintentionen-und-mitteilungsblatt-bis-11-11-2018\/","title":{"rendered":"Messintentionen und Mitteilungsblatt bis 25.11.2018"},"content":{"rendered":"<p>Reinhard Kellerer hat in diesem Jahr im Bereich der Gemeinde Elsendorf insgesamt 2.023 \u20ac f\u00fcr den Unterhalt der Kriegsgr\u00e4ber gesammelt! Vergelt\u00b4s Gott!<\/p>\n<p>Elsendorfer Kirchenspatzen<br \/>\nFreitag, 16.11. und 23.11.<br \/>\n16.15 \u2013 17.15 Uhr Singstunde im Pfarrheim<br \/>\nSamstag, 24.11.<br \/>\nab 14.30 Uhr Workshop im Pfarrheim<br \/>\nanschl. musikalische Gestaltung des Vorabendgottesdienstes Christk\u00f6nig<\/p>\n<p>Kirchenchor<br \/>\nMontag, 19.11. 19.30 Uhr Chorprobe im Pfarrheim<\/p>\n<p>KDFB<br \/>\nF\u00fcr den 17.11.2018 hat der Frauenbund die Mitglieder, die heuer ein Geburtstagsjubil\u00e4um hatten, zu einer Feier ins Pfarrheim eingeladen.<\/p>\n<p>Wahl der Kirchenverwaltungen am 18.11.2018<br \/>\nPfarrer Albert Vogl bittet Sie, durch Ihre Beteiligung an der Wahl der Kirchenverwaltungen der n\u00e4chsten Periode Ihr Interesse am weiteren gedeihlichen Fortbestehen unserer Kirchengemeinden zu zeigen.<br \/>\nWie Sie bereits den Aush\u00e4ngen entnehmen konnten, haben sich folgende Personen bereit erkl\u00e4rt, in diesem wichtigen Gremium der Kirche mitzuwirken:<\/p>\n<p>in Appersdorf \u2013 Haunsbach \u2013 Meilenhofen<br \/>\nTraudl Burgmeier, Michael Fellner, Sebastian Gabelsberger jun., Englbert Hartl, Anton Hilz jun., Egid Senger und Annemarie Weiher;<\/p>\n<p>in Berghausen<br \/>\nGeorg Burger, Ludwig Dasch, Sebastian Haltmaier und Wolfgang Kramschuster;<\/p>\n<p>in Elsendorf<br \/>\nMartin Biendl, Georg Linseisen, Archus Neumayer jun., Brigitte Raith, Gundi Weingartner und Franz Zirngibl;<\/p>\n<p>in Horneck<br \/>\nRaimund Ecker;<\/p>\n<p>Gew\u00e4hlt werden kann:<br \/>\nin Elsendorf , auch f\u00fcr Horneck, im Pfarrheim am Samstag, 17.11. von 17.oo Uhr bis 19.30 Uhr und Sonntag, 18.11. von 9.00 Uhr bis 12.00 Uhr;<\/p>\n<p>in Appersdorf in der Pfarrkirche am Sonntag von 9.00 Uhr bis 12.00 Uhr;<\/p>\n<p>in Berghausen im Feuerwehrhaus am Sonntag von 12.00 Uhr bis 14.00 Uhr;<\/p>\n<p>Briefwahlunterlagen k\u00f6nnen Sie bei Bedarf im Pfarrb\u00fcro abholen.<\/p>\n<p>\u00dc-60 \u2013 NeSt-Verein nicht vergessen: Vorstellung am 25.11.<\/p>\n<p>Erstkommunion 2019: Treffen im Pfarrheim am 23.11. um 15 Uhr<\/p>\n<p>Wer kann f\u00fcr den Adventskranz in Elsendorf Tannenzweige o. \u00e4 . geben? Wir suchen auch einen Christbaum f\u00fcr die Kirche Elsendorf<\/p>\n","protected":false},"excerpt":{"rendered":"<p>Reinhard Kellerer hat in diesem Jahr im Bereich der Gemeinde Elsendorf insgesamt 2.023 \u20ac f\u00fcr den Unterhalt der Kriegsgr\u00e4ber gesammelt! Vergelt\u00b4s Gott! Elsendorfer Kirchenspatzen Freitag, 16.11. und 23.11. 16.15 \u2013 17.15 Uhr Singstunde im Pfarrheim Samstag, 24.11. ab 14.30 Uhr Workshop im Pfarrheim anschl. musikalische Gestaltung des Vorabendgottesdienstes Christk\u00f6nig Kirchenchor Montag, 19.11. 19.30 Uhr Chorprobe &hellip; <a href=\"https:\/\/www.pfarrei-elsendorf.de\/content\/pfarrbrief-messintentionen-und-mitteilungsblatt-bis-11-11-2018\/\" class=\"more-link\"><span class=\"screen-reader-text\">Messintentionen und Mitteilungsblatt bis 25.11.2018<\/span> weiterlesen <span class=\"meta-nav\">&rarr;<\/span><\/a><\/p>\n","protected":false},"author":1,"featured_media":0,"comment_status":"closed","ping_status":"closed","sticky":false,"template":"","format":"standard","meta":{"footnotes":""},"categories":[9],"tags":[],"class_list":["post-470","post","type-post","status-publish","format-standard","hentry","category-archiv"],"_links":{"self":[{"href":"https:\/\/www.pfarrei-elsendorf.de\/content\/wp-json\/wp\/v2\/posts\/470","targetHints":{"allow":["GET"]}}],"collection":[{"href":"https:\/\/www.pfarrei-elsendorf.de\/content\/wp-json\/wp\/v2\/posts"}],"about":[{"href":"https:\/\/www.pfarrei-elsendorf.de\/content\/wp-json\/wp\/v2\/types\/post"}],"author":[{"embeddable":true,"href":"https:\/\/www.pfarrei-elsendorf.de\/content\/wp-json\/wp\/v2\/users\/1"}],"replies":[{"embeddable":true,"href":"https:\/\/www.pfarrei-elsendorf.de\/content\/wp-json\/wp\/v2\/comments?post=470"}],"version-history":[{"count":2,"href":"https:\/\/www.pfarrei-elsendorf.de\/content\/wp-json\/wp\/v2\/posts\/470\/revisions"}],"predecessor-version":[{"id":472,"href":"https:\/\/www.pfarrei-elsendorf.de\/content\/wp-json\/wp\/v2\/posts\/470\/revisions\/472"}],"wp:attachment":[{"href":"https:\/\/www.pfarrei-elsendorf.de\/content\/wp-json\/wp\/v2\/media?parent=470"}],"wp:term":[{"taxonomy":"category","embeddable":true,"href":"https:\/\/www.pfarrei-elsendorf.de\/content\/wp-json\/wp\/v2\/categories?post=470"},{"taxonomy":"post_tag","embeddable":true,"href":"https:\/\/www.pfarrei-elsendorf.de\/content\/wp-json\/wp\/v2\/tags?post=470"}],"curies":[{"name":"wp","href":"https:\/\/api.w.org\/{rel}","templated":true}]}}