{"id":473,"date":"2018-11-25T10:20:54","date_gmt":"2018-11-25T09:20:54","guid":{"rendered":"http:\/\/www.pfarrei-elsendorf.de\/content\/?p=473"},"modified":"2019-03-19T13:06:59","modified_gmt":"2019-03-19T12:06:59","slug":"messintentionen-und-mitteilungsblatt-bis-09-12-2018","status":"publish","type":"post","link":"https:\/\/www.pfarrei-elsendorf.de\/content\/messintentionen-und-mitteilungsblatt-bis-09-12-2018\/","title":{"rendered":"Messintentionen und Mitteilungsblatt bis 09.12.2018"},"content":{"rendered":"<p><strong>Elsendorfer Kirchenspatzen<\/strong><br \/>\nFreitag, 30.11. 15.00 \u2013 16.30 Singstunde im Pfarrheim<br \/>\nFreitag, 7.12. 16.00 \u2013 17.30 Singstunde in der Pfarrkirche<\/p>\n<p><strong>Kirchenchor<\/strong><br \/>\nMontag, 3.12. 19.30 Uhr Singstunde in der Pfarrkirche<br \/>\nSamstag, 8.12. 17.15 Uhr Einsingen f\u00fcr Patrozinium in der Pfarrkirche<\/p>\n<p><strong>Kirchenverwaltungen<\/strong><br \/>\nSie haben folgende Mitglieder f\u00fcr die Periode 2019 bis 2025 gew\u00e4hlt:<\/p>\n<p><strong>Elsendorf<\/strong><br \/>\nMartin Biendl, Raimund Ecker (Horneck), Georg Linseisen, Brigitte Raith, Franz Zirngibl; als Ersatzleute Archus Neumayer und Gundi Weingartner.<\/p>\n<p><strong>Appersdorf<\/strong><br \/>\nTraudl Burgmeier, Michael Fellner, Englbert Hartl, Egid Senger; als Ersatzleute Sebastian Gabelsberger, Anton Hilz und Annemarie Weiher.<\/p>\n<p><strong>Berghausen<\/strong><br \/>\nGeorg Burger, Ludwig Dasch, Sebastian Haltmaier, Wolfgang Kramschuster<\/p>\n<p>Im Namen unserer Pfarreiengemeinschaft danke ich allen, die sich als Kandidaten der Kirchenverwaltungen zur Verf\u00fcgung gestellt haben und w\u00fcnsche eine gute und Harmonische Zusammenarbeit in den kommenden sechs Jahren.<br \/>\n<em>Ihr Pfarrer Albert Vogl<\/em><\/p>\n<p><strong>Pfarrbrief Mitterstetten<\/strong><br \/>\nMit herzlichem Dank verabschieden wir Gabriel Vogler, der 7 Jahre lang den Pfarrangeh\u00f6rigen in Mitterstetten den Pfarrbrief ins Haus gebracht hat. Und wir freuen uns, dass Vinzent Trosien diesen Dienst in Zukunft leisten wird.<\/p>\n<p>Der K<strong>DFB l\u00e4dt am 1. Adventssonntag um 14 Uhr zur Adventfeier i<\/strong>m Gasthaus B\u00f6sl ein .<\/p>\n<p><strong>Kirchenheizung<\/strong><br \/>\nBei den Gottesdiensten am 2. Advent bitten wir um Ihren Beitrag f\u00fcr die Kosten der Kirchenbankheizungen.<br \/>\nDanke.<\/p>\n<hr \/>\n<p>Katholisches Pfarramt Elsendorf<br \/>\nMainburger Stra\u00dfe 1<br \/>\n84094 Elsendorf<br \/>\nTelefon: 08753\/245<br \/>\nFax: 08753\/910498<br \/>\ne-mail: pfarramt@elsendorf.de<br \/>\nwww.pfarrei-elsendorf.de<br \/>\nB\u00fcrozeiten :<br \/>\nDienstag 8 Uhr \u2013 12 Uhr<br \/>\nFreitag 15 Uhr \u2013 17 Uhr<\/p>\n","protected":false},"excerpt":{"rendered":"<p>Elsendorfer Kirchenspatzen Freitag, 30.11. 15.00 \u2013 16.30 Singstunde im Pfarrheim Freitag, 7.12. 16.00 \u2013 17.30 Singstunde in der Pfarrkirche Kirchenchor Montag, 3.12. 19.30 Uhr Singstunde in der Pfarrkirche Samstag, 8.12. 17.15 Uhr Einsingen f\u00fcr Patrozinium in der Pfarrkirche Kirchenverwaltungen Sie haben folgende Mitglieder f\u00fcr die Periode 2019 bis 2025 gew\u00e4hlt: Elsendorf Martin Biendl, Raimund Ecker &hellip; <a href=\"https:\/\/www.pfarrei-elsendorf.de\/content\/messintentionen-und-mitteilungsblatt-bis-09-12-2018\/\" class=\"more-link\"><span class=\"screen-reader-text\">Messintentionen und Mitteilungsblatt bis 09.12.2018<\/span> weiterlesen <span class=\"meta-nav\">&rarr;<\/span><\/a><\/p>\n","protected":false},"author":1,"featured_media":0,"comment_status":"closed","ping_status":"closed","sticky":false,"template":"","format":"standard","meta":{"footnotes":""},"categories":[9],"tags":[],"class_list":["post-473","post","type-post","status-publish","format-standard","hentry","category-archiv"],"_links":{"self":[{"href":"https:\/\/www.pfarrei-elsendorf.de\/content\/wp-json\/wp\/v2\/posts\/473","targetHints":{"allow":["GET"]}}],"collection":[{"href":"https:\/\/www.pfarrei-elsendorf.de\/content\/wp-json\/wp\/v2\/posts"}],"about":[{"href":"https:\/\/www.pfarrei-elsendorf.de\/content\/wp-json\/wp\/v2\/types\/post"}],"author":[{"embeddable":true,"href":"https:\/\/www.pfarrei-elsendorf.de\/content\/wp-json\/wp\/v2\/users\/1"}],"replies":[{"embeddable":true,"href":"https:\/\/www.pfarrei-elsendorf.de\/content\/wp-json\/wp\/v2\/comments?post=473"}],"version-history":[{"count":3,"href":"https:\/\/www.pfarrei-elsendorf.de\/content\/wp-json\/wp\/v2\/posts\/473\/revisions"}],"predecessor-version":[{"id":476,"href":"https:\/\/www.pfarrei-elsendorf.de\/content\/wp-json\/wp\/v2\/posts\/473\/revisions\/476"}],"wp:attachment":[{"href":"https:\/\/www.pfarrei-elsendorf.de\/content\/wp-json\/wp\/v2\/media?parent=473"}],"wp:term":[{"taxonomy":"category","embeddable":true,"href":"https:\/\/www.pfarrei-elsendorf.de\/content\/wp-json\/wp\/v2\/categories?post=473"},{"taxonomy":"post_tag","embeddable":true,"href":"https:\/\/www.pfarrei-elsendorf.de\/content\/wp-json\/wp\/v2\/tags?post=473"}],"curies":[{"name":"wp","href":"https:\/\/api.w.org\/{rel}","templated":true}]}}