{"id":481,"date":"2018-12-12T20:14:38","date_gmt":"2018-12-12T19:14:38","guid":{"rendered":"http:\/\/www.pfarrei-elsendorf.de\/content\/?p=481"},"modified":"2019-03-19T12:53:47","modified_gmt":"2019-03-19T11:53:47","slug":"gottesdienstordnung-vom-11-12-2018-12-01-2019","status":"publish","type":"post","link":"https:\/\/www.pfarrei-elsendorf.de\/content\/gottesdienstordnung-vom-11-12-2018-12-01-2019\/","title":{"rendered":"Gottesdienstordnung vom 11.12.2018 \u2013 12.01.2019"},"content":{"rendered":"\n<h2 class=\"wp-block-heading\"><em><strong>Wir feiern Gottesdienst:<\/strong><\/em><\/h2>\n\n\n\n<p><strong>Dienstag, 11.12.&nbsp;&nbsp;&nbsp;&nbsp;&nbsp;&nbsp;&nbsp;&nbsp;&nbsp;&nbsp;&nbsp;&nbsp;&nbsp;&nbsp;&nbsp;&nbsp;&nbsp;&nbsp;&nbsp; Hl.Damasus I., Papst<\/strong><br>Elsendorf&nbsp;&nbsp;&nbsp;&nbsp;&nbsp;&nbsp;&nbsp;&nbsp; <br>18.00Uhr&nbsp;&nbsp;&nbsp;&nbsp;&nbsp;&nbsp; Maria Sch\u00f6ttl f\u00fcr + HermannRainer<br>Familien Niederhammer f\u00fcr&nbsp; + Maria Haage<\/p>\n\n\n\n<p><strong>Mittwoch, 12.12.&nbsp;&nbsp;&nbsp;&nbsp;&nbsp;&nbsp;&nbsp;&nbsp;&nbsp;&nbsp;&nbsp;&nbsp;&nbsp;&nbsp;&nbsp;&nbsp;&nbsp;&nbsp;&nbsp; Hl. Johanna Franziska v.Chantal, Ordensgr\u00fcnderin<\/strong><br>Pfarrheim&nbsp;&nbsp;&nbsp;&nbsp;&nbsp;&nbsp;&nbsp;&nbsp; <br>16.30Uhr&nbsp;&nbsp;&nbsp;&nbsp;&nbsp;&nbsp; K l e i n k i n d e r g o t t es d i e n s t<br><br>Schlo\u00dfkapelle&nbsp; <br>18.00Uhr&nbsp;&nbsp;&nbsp;&nbsp;&nbsp;&nbsp; HanneloreHausler f\u00fcr die verstorbenen Ratzenhofener<br>Familie Zierer f\u00fcr + Anton Wagner und Anton Haindl<\/p>\n\n\n\n<p><strong>Donnerstag, 13.12.&nbsp;&nbsp;&nbsp;&nbsp;&nbsp;&nbsp;&nbsp;&nbsp;&nbsp;&nbsp;&nbsp;&nbsp;&nbsp;&nbsp;&nbsp; Hl.Odilia und Hl. Luzia<\/strong><br>Meilenhofen&nbsp;&nbsp;&nbsp;&nbsp;&nbsp; <br>19.00Uhr&nbsp;&nbsp;&nbsp;&nbsp;&nbsp;&nbsp; MariaDeindl f\u00fcr + Ehemann z. Geb. und + Angeh\u00f6rige bds.<br>Familie ReinholdNecker f\u00fcr + Angeh\u00f6rige<br>Maria Sigl f\u00fcr Ehemann und Vater z. Sttg.<br>Magdalena Amberger f\u00fcr + Elisabeth Fertl<br>+ Elisabeth Fertl f\u00fcr + Ehemann<br>Franz Stuiber f\u00fcr + Vater<\/p>\n\n\n\n<p><strong>Freitag, 14.12.<\/strong>&nbsp; <br>Elsendorf&nbsp;&nbsp;&nbsp;&nbsp;&nbsp;&nbsp;&nbsp;&nbsp; <br>19.00 Uhr&nbsp;&nbsp;&nbsp;&nbsp;&nbsp;&nbsp; B u \u00df a n d a c h t<\/p>\n\n\n\n<p><strong>Samstag, 15.12.&nbsp;&nbsp;&nbsp;&nbsp;&nbsp;&nbsp;&nbsp;&nbsp;&nbsp;&nbsp;&nbsp;&nbsp;&nbsp;&nbsp;&nbsp;&nbsp;&nbsp;&nbsp;&nbsp; Vo r a b e n d g o t t e s d i e n s t<\/strong><br>Elsendorf&nbsp;&nbsp;&nbsp;&nbsp;&nbsp;&nbsp;&nbsp;&nbsp; <br>18.00Uhr&nbsp;&nbsp;&nbsp;&nbsp;&nbsp;&nbsp; Familie Weber f\u00fcr + Eltern und +Verwandte<br>Familie Rainer Pietsch f\u00fcr + Mutter und &nbsp;Schwesterund &nbsp;Schwiegersohn Herbert<br>Anneliese Biewald und Erich f\u00fcr + Nachbarn JosefFellner<br>Saitenmusi f\u00fcr + Maria und Therese Gallmaier, Therese Stempfhuber und KatharinaGr\u00fcnberger<br>Silvia Fischer f\u00fcr + Vater Josef Sch\u00f6ttl und <br>+ Schwiegereltern<br>Rita Wagner f\u00fcr + Ehemann Franz und + Johann Saule<br><em>musik. Gestaltung: Elsendorfer Saitenmusi<\/em><\/p>\n\n\n\n<p><strong>Sonntag, 16.12.&nbsp;&nbsp;&nbsp;&nbsp;&nbsp;&nbsp;&nbsp;&nbsp;&nbsp;&nbsp;&nbsp;&nbsp;&nbsp;&nbsp;&nbsp;&nbsp;&nbsp;&nbsp;&nbsp;&nbsp; 3.ADVENT (Gaudete)<\/strong><br>Elsendorf&nbsp;&nbsp;&nbsp;&nbsp;&nbsp;&nbsp;&nbsp;&nbsp; &nbsp; <br>9.00 Uhr&nbsp;&nbsp;&nbsp;&nbsp;&nbsp;&nbsp; RitaThamm f\u00fcr + Verwandte <br>Marika Amesreiter f\u00fcr + Opa<br>Cousine Leni Raab f\u00fcr + Josef Fellner<br>Familie Hiebl f\u00fcr + Barbara Wendl<br>Familie Alfons Kirzinger f\u00fcr + Eltern, Gro\u00dfeltern undGeschwister<br>Familie Gmeinwieser f\u00fcr + Eltern undSchwiegereltern<br><br>Appersdorf&nbsp;&nbsp;&nbsp;&nbsp;&nbsp;&nbsp; <br>10.00Uhr&nbsp;&nbsp;&nbsp;&nbsp;&nbsp;&nbsp; Franziska Bauer f\u00fcr + EhemannAlois Bauer<br>Georg und Gabriele Stocker f\u00fcr + Engelbert Hartl<br>Wally Hobelsberger f\u00fcr + Pfarrer Otto Baumgartner<br>Familie Karber f\u00fcr+ Eltern<br>Therese Gabelsberger f\u00fcr + Engelbert Hartl<br>Josef Wagner f\u00fcr + Schwester Mathilde<br>Melanie Bauer f\u00fcr + Ehemann<br>Familie Rosa Stanglmair f\u00fcr + Ehemann und Vater<\/p>\n\n\n\n<p><strong>Dienstag, 18.12.&nbsp;&nbsp;<\/strong>&nbsp;&nbsp;&nbsp;&nbsp;&nbsp;&nbsp;&nbsp;&nbsp;&nbsp;&nbsp;&nbsp;&nbsp;&nbsp;&nbsp;&nbsp;&nbsp;&nbsp; <br>Elsendorf&nbsp;&nbsp;&nbsp;&nbsp;&nbsp;&nbsp;&nbsp;&nbsp; <br>18.00Uhr&nbsp;&nbsp;&nbsp;&nbsp;&nbsp;&nbsp; MarianneWagner, E, f\u00fcr + Eltern und Schwiegereltern<br>Johanna Rainer f\u00fcr + Eltern und + Schwiegereltern<\/p>\n\n\n\n<p><strong>Mittwoch, 19.12.<\/strong>&nbsp;&nbsp;&nbsp;&nbsp;&nbsp;&nbsp;&nbsp;&nbsp;&nbsp;&nbsp;&nbsp;&nbsp;&nbsp;&nbsp;&nbsp;&nbsp;&nbsp;&nbsp;&nbsp; <br>Haunsbach&nbsp;&nbsp;&nbsp;&nbsp;&nbsp;&nbsp; <br>18.00Uhr&nbsp;&nbsp;&nbsp;&nbsp;&nbsp;&nbsp; Familien Huber und H\u00f6fling f\u00fcr +Vater und Ehemann Erhard Huber<br>Rosa Stanglmair f\u00fcr + Rosa Woschek<br>Familie Karin Baumeister f\u00fcr + Johann Saule<br>Rosa Weiher f\u00fcr + Eltern und Verwandte<\/p>\n\n\n\n<p><strong>Donnerstag, 20.12.&nbsp;&nbsp;&nbsp;&nbsp;<\/strong>&nbsp;&nbsp;&nbsp;&nbsp;&nbsp;&nbsp;&nbsp;&nbsp;&nbsp;&nbsp;&nbsp; <br>Meilenhofen&nbsp;&nbsp;&nbsp;&nbsp;&nbsp; <br>19.00Uhr&nbsp;&nbsp;&nbsp;&nbsp;&nbsp;&nbsp; Wally Kellner f\u00fcr + Eltern und +2 Br\u00fcder<br>Familie Kellerer f\u00fcr + Mutter und Oma<br>Nachbarn Amberger und Landgraf f\u00fcr + SabineSimb\u00fcrger<br>Anna Frank f\u00fcr + Ehemann<br>Antonie Sommerer f\u00fcr + Eltern, Schwiegereltern, Schwestern und Verwandte<br>Familie Regina Necker f\u00fcr + Mutter<\/p>\n\n\n\n<p><strong>Freitag, 21.12<\/strong>.&nbsp;&nbsp;&nbsp;&nbsp;&nbsp;&nbsp;&nbsp;&nbsp;&nbsp;&nbsp;&nbsp;&nbsp;&nbsp;&nbsp;&nbsp;&nbsp;&nbsp;&nbsp;&nbsp;&nbsp;&nbsp;&nbsp; <br>Elsendorf&nbsp;&nbsp;&nbsp;&nbsp;&nbsp;&nbsp;&nbsp;&nbsp; &nbsp; <br>8.15 Uhr&nbsp;&nbsp;&nbsp;&nbsp;&nbsp;&nbsp; WGOder Grundschule<\/p>\n\n\n\n<p><strong>Samstag, 22.12.&nbsp;&nbsp;&nbsp;&nbsp;&nbsp;&nbsp;&nbsp;&nbsp;&nbsp;&nbsp;&nbsp;&nbsp;&nbsp;&nbsp;&nbsp;&nbsp;&nbsp;&nbsp;&nbsp; Vo r a b e n d g o t t e s d i e n s t<\/strong><br>Elsendorf&nbsp;&nbsp;&nbsp;&nbsp;&nbsp;&nbsp;&nbsp;&nbsp; <br><em><strong>15 \u201316 Uhr&nbsp;&nbsp;&nbsp; B e i c h t g e l e g e n h e it<\/strong><\/em><br>18.00Uhr&nbsp;&nbsp;&nbsp;&nbsp;&nbsp;&nbsp; GeschwisterSchloderer f\u00fcr Mutter Elisabeth <br>Franz und GerdaMeister f\u00fcr + V\u00e4ter bds.<br>Familien Raab \/ Hohmann f\u00fcr Mutter Regina Hohmann z. Sttg.<br>Klara Stempfhuber f\u00fcr + Eltern<br>Familie Steiger f\u00fcr + Vater und Opa Anton Wagner<br>Christa Saule f\u00fcr + Schwiegereltern Anna und Georg Saule<br>GeschwisterGallmaier f\u00fcr + Adalbert Gallmaier<br><br><strong>Sonntag, 23.12.&nbsp;&nbsp;&nbsp;&nbsp;&nbsp;&nbsp;&nbsp;&nbsp;&nbsp;&nbsp;&nbsp;&nbsp;&nbsp;&nbsp;&nbsp;&nbsp;&nbsp;&nbsp;&nbsp;&nbsp; 4.ADVENT<\/strong><br>Berghausen&nbsp;&nbsp;&nbsp;&nbsp;&nbsp; &nbsp; <br>9.00 Uhr&nbsp;&nbsp;&nbsp;&nbsp;&nbsp;&nbsp; WalburgaWeiher f\u00fcr + Vater und <br>+ Schwager Josef z. Sttg.<br>Gerlinde Haltmaier f\u00fcr + Vater<br>Franziska Dasch f\u00fcr alle + Angeh\u00f6rigen<br>Centa Haltmaier f\u00fcr + Eltern<br>Sofie Amberger f\u00fcr + Angeh\u00f6rige<br>Josef Gschl\u00f6\u00dfl sen. f\u00fcr + Eltern, Gro\u00dfeltern undBruder<br><br>Appersdorf&nbsp;&nbsp;&nbsp;&nbsp;&nbsp;&nbsp; <br>10.00Uhr&nbsp;&nbsp;&nbsp;&nbsp;&nbsp;&nbsp; Reinholdund Rosi Singerl f\u00fcr + Vater Georg Singerl<br>Gerlinde Hartl f\u00fcr + Ehemann und Vater<br>Kriegerverein f\u00fcr + Mitglied Engelbert Hartl<br>Familie Lorenz Gabelsberger f\u00fcr + Anna Pendelin<br>KDFB f\u00fcr + Katharina Gr\u00fcnberger<\/p>\n\n\n\n<p><strong>Montag, 24.12.&nbsp;&nbsp;&nbsp;&nbsp;&nbsp;&nbsp;&nbsp;&nbsp;&nbsp;&nbsp;&nbsp;&nbsp;&nbsp;&nbsp;&nbsp;&nbsp;&nbsp;&nbsp;&nbsp;&nbsp;&nbsp; HEILIGERABEND&nbsp;&nbsp;&nbsp;&nbsp;&nbsp;&nbsp;&nbsp; Adveniat Kollekte<\/strong><br>Elsendorf&nbsp;&nbsp;&nbsp;&nbsp;&nbsp;&nbsp;&nbsp;&nbsp; <br>15.00Uhr&nbsp;&nbsp;&nbsp;&nbsp;&nbsp;&nbsp; <strong>Krippenspiel<br><em>der Elsendorfer Kirchenspatzenmit Abgabe der Opferk\u00e4stchen<\/em><\/strong><br><br>Appersdorf&nbsp;&nbsp;&nbsp;&nbsp;&nbsp;&nbsp; <br>17.00Uhr&nbsp;&nbsp;&nbsp;&nbsp;&nbsp;&nbsp; WallyHobelsberger f\u00fcr + Pfarrer Otto Baumgartner <br>Brigitte und Georg Dettenhofer f\u00fcr + Eltern bds.<br>Familie Martha Frank f\u00fcr + G\u00fcnther Frank<br>Rudi Brachtel f\u00fcr Vater z. Sttg.<br>Familie Evelyne Brachtel f\u00fcr + Eltern<br>Familie Ginzinger f\u00fcr + Jakob Kellerer<br>Br\u00fcnnlberg-Musikanten f\u00fcr + Rupert Kr\u00f6pfl<br><br>Elsendorf&nbsp;&nbsp;&nbsp;&nbsp;&nbsp;&nbsp;&nbsp;&nbsp; <br><strong>21.30 Uhr<\/strong>&nbsp;&nbsp;&nbsp;&nbsp;&nbsp; Familie Beate K\u00f6nig f\u00fcr + Vater undOpa zum Geb.<br>Maria Sch\u00f6ttl f\u00fcr + Maria Ziegler<\/p>\n\n\n\n<p><strong>Dienstag, 25.12.&nbsp;&nbsp; HOCHFESTDER GEBURT DES HERRN &#8211; WEIHNACHTEN<br>&nbsp;&nbsp;&nbsp;&nbsp;&nbsp;&nbsp;&nbsp;&nbsp;&nbsp;&nbsp;&nbsp;&nbsp;&nbsp;&nbsp;&nbsp;&nbsp;&nbsp;&nbsp;&nbsp;&nbsp;&nbsp;&nbsp;&nbsp;&nbsp;&nbsp;&nbsp;&nbsp;&nbsp;&nbsp;&nbsp;&nbsp;&nbsp;&nbsp;&nbsp;&nbsp;&nbsp;&nbsp;&nbsp;&nbsp;&nbsp;&nbsp;&nbsp;&nbsp;&nbsp;&nbsp;&nbsp;&nbsp;&nbsp;&nbsp;&nbsp;&nbsp;&nbsp;&nbsp;&nbsp;&nbsp;&nbsp;&nbsp;&nbsp;&nbsp;&nbsp;&nbsp;&nbsp;&nbsp;&nbsp;&nbsp;&nbsp;&nbsp;&nbsp;&nbsp;&nbsp; &nbsp;&nbsp;&nbsp;&nbsp;&nbsp;&nbsp; Adveniat Kollekte<\/strong><br>Berghausen&nbsp;&nbsp;&nbsp;&nbsp;&nbsp; <br><strong>10.00 Uhr<\/strong>&nbsp;&nbsp;&nbsp;&nbsp;&nbsp; Familie Ludwig und Maria Gschl\u00f6\u00dfl f\u00fcr + Josef und Leni Amberger<br>Familie Liedl f\u00fcr + Ehemann und Vater<br>Maria Gschl\u00f6\u00dfl f\u00fcr + Mutter Maria Brunner<br>Familie Holzner f\u00fcr + Angeh\u00f6rige<br>Familie Konrad Gschl\u00f6\u00dfl zur gnadenreichen GeburtJesu<br><br>Appersdorf&nbsp;&nbsp;&nbsp;&nbsp;&nbsp;&nbsp; <br><strong>18.00 Uhr<\/strong>&nbsp;&nbsp;&nbsp;&nbsp;&nbsp; Leonhard Br\u00fccklmaier f\u00fcr + Ehefrau<br>Anna Bachmaier f\u00fcr + Eltern und + Bruder<br>Harald Wagner f\u00fcr + Mutter<br>Josef Wagner f\u00fcr + Ehefrau<\/p>\n\n\n\n<p><strong>Mittwoch, 26.12.&nbsp;&nbsp;&nbsp;&nbsp;&nbsp;&nbsp;&nbsp;&nbsp;&nbsp;&nbsp;&nbsp;&nbsp;&nbsp;&nbsp;&nbsp;&nbsp;&nbsp;&nbsp;&nbsp; HL.STEPHANUS, Erster M\u00e4rtyrer<\/strong><br>Elsendorf&nbsp;&nbsp;&nbsp;&nbsp;&nbsp;&nbsp;&nbsp;&nbsp; <br><strong>10.00 Uhr<\/strong>&nbsp;&nbsp;&nbsp;&nbsp;&nbsp; Familie Juliane Daser f\u00fcr + Vater und + Schwager<br>Alfons Gallmaier f\u00fcr + Ehefrau Helene<br>Reinhold und Rosi Singerl f\u00fcr + Kaspar Spornraft<br><em>musik. Gestaltung: Kirchenchor<\/em><\/p>\n\n\n\n<div class=\"wp-block-image\"><figure class=\"aligncenter\"><img loading=\"lazy\" decoding=\"async\" width=\"640\" height=\"734\" src=\"http:\/\/www.pfarrei-elsendorf.de\/content\/wp-content\/uploads\/2018\/12\/hellerscheinkl.jpg\" alt=\"\" class=\"wp-image-484\" srcset=\"https:\/\/www.pfarrei-elsendorf.de\/content\/wp-content\/uploads\/2018\/12\/hellerscheinkl.jpg 640w, https:\/\/www.pfarrei-elsendorf.de\/content\/wp-content\/uploads\/2018\/12\/hellerscheinkl-262x300.jpg 262w\" sizes=\"auto, (max-width: 640px) 100vw, 640px\" \/><\/figure><\/div>\n\n\n\n<p><strong>Samstag, 29.12.&nbsp;&nbsp;&nbsp;&nbsp;&nbsp;&nbsp;&nbsp;&nbsp;&nbsp;&nbsp;&nbsp;&nbsp;&nbsp;&nbsp;&nbsp;&nbsp;&nbsp;&nbsp;&nbsp; V o r a b e n d g o t t e s d i e n s t<\/strong><br>Elsendorf&nbsp;&nbsp;&nbsp;&nbsp;&nbsp;&nbsp;&nbsp;&nbsp; <br>18.00Uhr&nbsp;&nbsp;&nbsp;&nbsp;&nbsp;&nbsp; Familie Reithmair f\u00fcr + ErnstReithmair<br>Anita und Markus Saule f\u00fcr + Ehemann und Vater<br>Rita Wagner f\u00fcr + Vater Andreas und +Schwiegereltern<br>Renate Holmayerf\u00fcr + Maria und Josef Flaxl<\/p>\n\n\n\n<p><strong>Sonntag, 30.12.&nbsp;&nbsp;&nbsp;&nbsp;&nbsp;&nbsp;&nbsp;&nbsp;&nbsp;&nbsp;&nbsp;&nbsp;&nbsp;&nbsp;&nbsp;&nbsp;&nbsp;&nbsp;&nbsp;<\/strong>&nbsp;<strong> FEST DER HEILIGEN FAMILIE<\/strong><br>Berghausen&nbsp;&nbsp;&nbsp;&nbsp;&nbsp; &nbsp; <br>9.00 Uhr&nbsp;&nbsp;&nbsp;&nbsp;&nbsp;&nbsp; FamilieAmberger f\u00fcr + Georg Burger<br>Josef Gschl\u00f6\u00dfl sen. f\u00fcr + Georg Burger<br>Barbara Langwieser f\u00fcr + Norbert Niesl<br>Viktoria Niesl f\u00fcr + Eltern und Geschwister<br>Georg Sirl f\u00fcr + Schwester Maria Senger<br>Familie Georg Sirl jun. f\u00fcr + Tante Maria Senger<br><br>Appersdorf&nbsp;&nbsp;&nbsp;&nbsp;&nbsp;&nbsp; <br>10.00Uhr&nbsp;&nbsp;&nbsp;&nbsp;&nbsp;&nbsp; Stiftsmesse f\u00fcr + MagdalenaWeingartner Marlene Senger f\u00fcr + Eltern und Gro\u00dfeltern<br><br>Elsendorf&nbsp;&nbsp;&nbsp;&nbsp;&nbsp;&nbsp;&nbsp;&nbsp; <br>11.30Uhr&nbsp;&nbsp;&nbsp;&nbsp;&nbsp;&nbsp; T a u f e &nbsp;Jakob Wendl<\/p>\n\n\n\n<p><strong>Montag, 31.12.&nbsp;&nbsp;&nbsp;&nbsp;&nbsp;&nbsp;&nbsp;&nbsp;&nbsp;&nbsp;&nbsp;&nbsp;&nbsp;&nbsp;&nbsp;&nbsp;&nbsp;&nbsp;&nbsp;&nbsp;&nbsp; Hl.Silvester I., Papst<\/strong><br>Elsendorf&nbsp;&nbsp;&nbsp;&nbsp;&nbsp;&nbsp;&nbsp;&nbsp; <br><strong>17.00 Uhr<\/strong>&nbsp;&nbsp;&nbsp;&nbsp;&nbsp; <strong>Dankgottesdienst zumJahresschluss <\/strong><br>Stiftsmesse Josefa Bauer f\u00fcr + Familie Holzapfel<br>Maria Enzmann f\u00fcr + Geschwister<\/p>\n\n\n\n<p><strong>Dienstag, 01.01.&nbsp;&nbsp;&nbsp;&nbsp;&nbsp;&nbsp;&nbsp;&nbsp;NEUJAHR &#8211; HOCHFEST DER GOTTESMUTTER MARIA<\/strong><br>Appersdorf&nbsp;&nbsp;&nbsp;&nbsp;&nbsp;&nbsp; <br>10.00Uhr&nbsp;&nbsp;&nbsp;&nbsp;&nbsp;&nbsp; Lorenz Gabelsberger f\u00fcr + Elternund + Bruder<br>Krieger- und Soldatenkameradschaft f\u00fcr + ErwinThomas<br>ThereseGabelsberger f\u00fcr +Eltern und + Bruder<br>Familie Sebastian Gabelsberger f\u00fcr + Alois Bauer<br>Rosi Singerl f\u00fcr + Eltern Maria und Paul Kapser<br><br>Elsendorf&nbsp;&nbsp;&nbsp;&nbsp;&nbsp;&nbsp;&nbsp;&nbsp; <br><strong>18.00 Uhr<\/strong>&nbsp;&nbsp;&nbsp;&nbsp;&nbsp; Lorenz Hofbauer f\u00fcr + Ehefrau Maria Hofbauer und + SchwesterMaria Ziegler<br>Krieger- und Soldatenverein f\u00fcr + MitgliedSebastian Kr\u00f6pfl<\/p>\n\n\n\n<p><strong>Samstag, 05.01.&nbsp;&nbsp;&nbsp;&nbsp;&nbsp;&nbsp;&nbsp;&nbsp;&nbsp;&nbsp;&nbsp;&nbsp;&nbsp;&nbsp;&nbsp;&nbsp;&nbsp;&nbsp;&nbsp; V o r a b e n d g o t t e s d i e n s t&nbsp;&nbsp;&nbsp; Afrika Mission<\/strong><br>Berghausen&nbsp;&nbsp;&nbsp;&nbsp;&nbsp; <br><strong>18.00 Uhr<\/strong>&nbsp;&nbsp;&nbsp;&nbsp;&nbsp; Josef Schw\u00e4rzer f\u00fcr + Eltern und Gro\u00dfeltern<br>Centa Haltmaier f\u00fcr + Ehemann<br>Familie Holzner f\u00fcr + Georg Burger<br>Albert Schreiner f\u00fcr + Norbert Niesl<br>Familie Niesl f\u00fcr + Georg Burger<br><em>Entsendung der Sternsinger<\/em><\/p>\n\n\n\n<p><strong>Sonntag, 06.01.&nbsp;&nbsp;&nbsp;&nbsp;&nbsp;&nbsp; ERSCHEINUNG DES HERRN \u2013 EPIPHANIE&nbsp; Afrika Mission<\/strong><br>Elsendorf&nbsp;&nbsp;&nbsp;&nbsp;&nbsp;&nbsp;&nbsp;&nbsp; &nbsp; <br>9.00 Uhr&nbsp;&nbsp;&nbsp;&nbsp;&nbsp;&nbsp; Geschw.Mayer f\u00fcr + Bruder Josef und + Onkel BGR Pfarrer Theobald Mayer<br>Waltraud und Kinder f\u00fcr + Jakob Kellerer z. Geb.<br>Familien Schwertl \/ Haage \/ Wiltschko f\u00fcr + Ehefrau und Mama zum Geb.<br>Anton Gallmeier f\u00fcr + Onkeln und Tanten<br>Maria Neumaier f\u00fcr + Rosa und Fritz Hackl<br><em>Entsendung der Sternsinger<\/em><\/p>\n\n\n\n<p>Appersdorf&nbsp;&nbsp;&nbsp;&nbsp;&nbsp;&nbsp; 10.00Uhr&nbsp;&nbsp;&nbsp;&nbsp;&nbsp;&nbsp; Georg Singerl f\u00fcr + Vater<br>Rosa Singerl f\u00fcr Ehemann z. Sttg.<br>Enkelkinder f\u00fcr + Oma Inge Sommerer<br>Georg Sommerer f\u00fcr + Ehefrau Inge und + Eltern bds.<br><\/p>\n\n\n\n<h2 class=\"wp-block-heading\"><em><strong>Entsendung der Sternsinger<\/strong><\/em><\/h2>\n\n\n\n<p><strong>Dienstag, 08.01.&nbsp;&nbsp;&nbsp;&nbsp;&nbsp;&nbsp;&nbsp;&nbsp;&nbsp;&nbsp;&nbsp;&nbsp;&nbsp;&nbsp;&nbsp;&nbsp;&nbsp;&nbsp;&nbsp; Hl. Erhard, Bischof von Regensburg<\/strong><br>Horneck&nbsp;&nbsp;&nbsp;&nbsp;&nbsp;&nbsp;&nbsp;&nbsp;&nbsp;&nbsp; <br>18.00Uhr&nbsp;&nbsp;&nbsp;&nbsp;&nbsp;&nbsp; FamilieLeonhard Sachsenhauser f\u00fcr + Mutter und Oma<br>Gertrud Haltmeier f\u00fcr + Eltern und Bruder Michael<br>Franz Brunner f\u00fcr+ Ehefrau Maria<br>Rita Inderst f\u00fcr + Verwandte<br>Leni Neubauer f\u00fcr + Eltern und Verwandte<\/p>\n\n\n\n<p><strong>Donnerstag, 10.01<\/strong>.&nbsp;&nbsp;&nbsp;&nbsp;&nbsp;&nbsp;&nbsp;&nbsp;&nbsp;&nbsp;&nbsp;&nbsp;&nbsp;&nbsp;&nbsp; <br>Meilenhofen&nbsp;&nbsp;&nbsp;&nbsp;&nbsp; <br>19.00Uhr&nbsp;&nbsp;&nbsp;&nbsp;&nbsp;&nbsp; Regina Necker f\u00fcr Vater z. Sttg.<br>Maria Sigl f\u00fcr + Geschwister<br>Sebastian Oberst\u00f6tter f\u00fcr + Vater<\/p>\n\n\n\n<p><strong>Samstag, 12.01.&nbsp;&nbsp;&nbsp;&nbsp;&nbsp;&nbsp;&nbsp;&nbsp;&nbsp;&nbsp;&nbsp;&nbsp;&nbsp;&nbsp;&nbsp;&nbsp;&nbsp;&nbsp;&nbsp; Vo r a b e n d g o t t e s d i e n s t<\/strong><br>Berghausen&nbsp;&nbsp;&nbsp;&nbsp;&nbsp; <br>17.30Uhr&nbsp;&nbsp;&nbsp;&nbsp;&nbsp;&nbsp; Kathrin,Bettina und Stefanie f\u00fcr + Oma Maria Brunner<br>Albert Hofbauer f\u00fcr + Georg Burger<br>Walburga Weiher f\u00fcr + Ehemann und + Sohn Anton<br>Helga Gschl\u00f6\u00dfl f\u00fcr+ Eltern<br><br>Elsendorf&nbsp;&nbsp;&nbsp;&nbsp;&nbsp;&nbsp;&nbsp;&nbsp; <br>18.00Uhr&nbsp;&nbsp;&nbsp;&nbsp;&nbsp;&nbsp; ThomasNeubauer f\u00fcr + Mutter und + Schwester Paula<br>Familien Helga Frank und B\u00e4rbl Albrecht f\u00fcr + Mutter<br>+ Kr\u00f6pfl f\u00fcr +beide S\u00f6hne, + Tochter und + Schwiegersohn<br>Rosa Radspieler f\u00fcr + Ehemann<\/p>\n\n\n\n<p><strong>Sonntag, 13.01.&nbsp;&nbsp;&nbsp;&nbsp;&nbsp;&nbsp;&nbsp;&nbsp;&nbsp;&nbsp;&nbsp;&nbsp;&nbsp;&nbsp;&nbsp;&nbsp;&nbsp;&nbsp;&nbsp;&nbsp; TAUFEDES HERRN<\/strong><br>Elsendorf&nbsp;&nbsp;&nbsp;&nbsp;&nbsp;&nbsp;&nbsp;&nbsp; &nbsp; <br>9.00 Uhr&nbsp;&nbsp;&nbsp;&nbsp;&nbsp;&nbsp; FamilieKarl K\u00f6nig f\u00fcr Mutter und Oma z. Sttg.<br>Familie Jungbauer f\u00fcr + Ehemann und Vater Franz Jungbauer<br>Resi Spornraft f\u00fcr Ehemann und Vater z. Sttg.<br>Familie Alfons Kirzinger f\u00fcr + Hermann Rainer<br>Reinhold Singerl f\u00fcr + Hermann Rainer<br><br>Appersdorf&nbsp;&nbsp;&nbsp;&nbsp;&nbsp;&nbsp; <br>10.00Uhr&nbsp;&nbsp;&nbsp;&nbsp;&nbsp;&nbsp; Familie G\u00fcnther Stehr f\u00fcr +Vater Rudolf z. Geb.<br>Harald Wagner f\u00fcr + Onkeln Sepp und Toni und + Gro\u00dfmutter Centa<br>Familie Sebastian Gabelsberger f\u00fcr + Helmut Prix<br>Anton Hilz f\u00fcr + Geschwister Elsa, Rosa, Hans und Schw\u00e4gerin Gertraud<\/p>\n","protected":false},"excerpt":{"rendered":"<p>Wir feiern Gottesdienst: Dienstag, 11.12.&nbsp;&nbsp;&nbsp;&nbsp;&nbsp;&nbsp;&nbsp;&nbsp;&nbsp;&nbsp;&nbsp;&nbsp;&nbsp;&nbsp;&nbsp;&nbsp;&nbsp;&nbsp;&nbsp; Hl.Damasus I., PapstElsendorf&nbsp;&nbsp;&nbsp;&nbsp;&nbsp;&nbsp;&nbsp;&nbsp; 18.00Uhr&nbsp;&nbsp;&nbsp;&nbsp;&nbsp;&nbsp; Maria Sch\u00f6ttl f\u00fcr + HermannRainerFamilien Niederhammer f\u00fcr&nbsp; + Maria Haage Mittwoch, 12.12.&nbsp;&nbsp;&nbsp;&nbsp;&nbsp;&nbsp;&nbsp;&nbsp;&nbsp;&nbsp;&nbsp;&nbsp;&nbsp;&nbsp;&nbsp;&nbsp;&nbsp;&nbsp;&nbsp; Hl. Johanna Franziska v.Chantal, Ordensgr\u00fcnderinPfarrheim&nbsp;&nbsp;&nbsp;&nbsp;&nbsp;&nbsp;&nbsp;&nbsp; 16.30Uhr&nbsp;&nbsp;&nbsp;&nbsp;&nbsp;&nbsp; K l e i n k i n d e r g o t t es d i e n s t Schlo\u00dfkapelle&nbsp; 18.00Uhr&nbsp;&nbsp;&nbsp;&nbsp;&nbsp;&nbsp; HanneloreHausler f\u00fcr die verstorbenen &hellip; <a href=\"https:\/\/www.pfarrei-elsendorf.de\/content\/gottesdienstordnung-vom-11-12-2018-12-01-2019\/\" class=\"more-link\"><span class=\"screen-reader-text\">Gottesdienstordnung vom 11.12.2018 \u2013 12.01.2019<\/span> weiterlesen <span class=\"meta-nav\">&rarr;<\/span><\/a><\/p>\n","protected":false},"author":1,"featured_media":0,"comment_status":"closed","ping_status":"closed","sticky":false,"template":"","format":"standard","meta":{"footnotes":""},"categories":[9],"tags":[],"class_list":["post-481","post","type-post","status-publish","format-standard","hentry","category-archiv"],"_links":{"self":[{"href":"https:\/\/www.pfarrei-elsendorf.de\/content\/wp-json\/wp\/v2\/posts\/481","targetHints":{"allow":["GET"]}}],"collection":[{"href":"https:\/\/www.pfarrei-elsendorf.de\/content\/wp-json\/wp\/v2\/posts"}],"about":[{"href":"https:\/\/www.pfarrei-elsendorf.de\/content\/wp-json\/wp\/v2\/types\/post"}],"author":[{"embeddable":true,"href":"https:\/\/www.pfarrei-elsendorf.de\/content\/wp-json\/wp\/v2\/users\/1"}],"replies":[{"embeddable":true,"href":"https:\/\/www.pfarrei-elsendorf.de\/content\/wp-json\/wp\/v2\/comments?post=481"}],"version-history":[{"count":4,"href":"https:\/\/www.pfarrei-elsendorf.de\/content\/wp-json\/wp\/v2\/posts\/481\/revisions"}],"predecessor-version":[{"id":486,"href":"https:\/\/www.pfarrei-elsendorf.de\/content\/wp-json\/wp\/v2\/posts\/481\/revisions\/486"}],"wp:attachment":[{"href":"https:\/\/www.pfarrei-elsendorf.de\/content\/wp-json\/wp\/v2\/media?parent=481"}],"wp:term":[{"taxonomy":"category","embeddable":true,"href":"https:\/\/www.pfarrei-elsendorf.de\/content\/wp-json\/wp\/v2\/categories?post=481"},{"taxonomy":"post_tag","embeddable":true,"href":"https:\/\/www.pfarrei-elsendorf.de\/content\/wp-json\/wp\/v2\/tags?post=481"}],"curies":[{"name":"wp","href":"https:\/\/api.w.org\/{rel}","templated":true}]}}