{"id":501,"date":"2019-01-13T07:47:52","date_gmt":"2019-01-13T06:47:52","guid":{"rendered":"http:\/\/www.pfarrei-elsendorf.de\/content\/?p=501"},"modified":"2019-03-19T12:53:35","modified_gmt":"2019-03-19T11:53:35","slug":"gottesdienstordnung-vom-14-01-2019-27-01-2019","status":"publish","type":"post","link":"https:\/\/www.pfarrei-elsendorf.de\/content\/gottesdienstordnung-vom-14-01-2019-27-01-2019\/","title":{"rendered":"Gottesdienstordnung vom 14.01.2019 \u2013 27.01.2019"},"content":{"rendered":"\n<p><em>Wir feiern Gottesdienst:<\/em><\/p>\n\n\n\n<p><strong>Dienstag, 15.01.\u00a0\u00a0\u00a0\u00a0\u00a0<\/strong>\u00a0\u00a0\u00a0\u00a0\u00a0\u00a0\u00a0\u00a0\u00a0\u00a0 <br>Elsendorf\u00a0\u00a0\u00a0\u00a0\u00a0\u00a0 <br>18.00 Uhr\u00a0\u00a0\u00a0\u00a0 Familie Jutta Dichtl \u00a0f\u00fcr + Eltern und Schwiegereltern<br> Johanna Rainer f\u00fcr + Onkeln und Tanten<br> Erich Kelbel f\u00fcr Mutter z. Sttg.<br> Frieda Weiher f\u00fcr + Schwager Alfons<br><br><strong>Mittwoch, 16.01.\u00a0\u00a0\u00a0\u00a0<\/strong>\u00a0\u00a0\u00a0\u00a0\u00a0\u00a0\u00a0\u00a0\u00a0\u00a0\u00a0\u00a0 <br>Pfarrheim Elsendorf<br>16.30 Uhr\u00a0\u00a0\u00a0\u00a0 K l e i n k i n d e r g o t t e s d i e n s t<br><br>Haunsbach\u00a0\u00a0\u00a0 <br>18.00 Uhr\u00a0\u00a0\u00a0\u00a0 Anna Bachmaier f\u00fcr + Maria und Andreas Krojer<br> Rosa Stanglmair f\u00fcr + Eltern und + Bruder<br> Berta und Erhard Baumeister f\u00fcr + Johann Saule<br><br><strong>Samstag, 19.01.\u00a0\u00a0\u00a0\u00a0\u00a0\u00a0\u00a0\u00a0\u00a0\u00a0\u00a0\u00a0\u00a0\u00a0\u00a0\u00a0 V o r a b e n d g o t t e s d i e n s t<\/strong><br>Elsendorf\u00a0\u00a0\u00a0\u00a0\u00a0\u00a0 <br>18.00 Uhr\u00a0\u00a0\u00a0\u00a0 Familie Mehrl f\u00fcr + Eltern<br> Familie Josef Maier f\u00fcr + Cousin Hans Maier<br> Familie Sebastian Gebendorfer f\u00fcr + Eltern und + Schwiegervater<br> Irmgard Greis f\u00fcr + Lore und Wolfgang Gratzke und + Betty Wendl<\/p>\n\n\n\n<p><strong>Sonntag, 20.01.\u00a0\u00a0\u00a0\u00a0\u00a0\u00a0\u00a0\u00a0\u00a0\u00a0\u00a0\u00a0\u00a0\u00a0\u00a0\u00a0\u00a0 2. SONNTAG IM JAHRESKREIS<\/strong><br>Berghausen\u00a0\u00a0 \u00a0 <br>09.00 Uhr\u00a0\u00a0\u00a0\u00a0 Ludwig Gschl\u00f6\u00dfl f\u00fcr\u00a0 Vater z. Sttg.<br> Albert Hofbauer f\u00fcr + Mutter<br> Anna Liedl f\u00fcr + Berta Sedlmeier<br> Georg und Anna Sirl f\u00fcr + Georg Burger<br> Walburga Weiher f\u00fcr + Schw\u00e4gerin und + Schwager<br> Hans Schinagl f\u00fcr + Eltern und + Brude<br><br>Appersdorf\u00a0\u00a0\u00a0\u00a0 <br>10.00 Uhr\u00a0\u00a0\u00a0\u00a0 Familie Siegfried Hunglinger f\u00fcr Vater z. Sttg.<br> FFW Appersdorf f\u00fcr + Mitglied Engelbert Hartl<br> Leonhard Br\u00fccklmaier f\u00fcr + Ehefrau<br><br><strong>Mittwoch, 23.01.\u00a0\u00a0\u00a0\u00a0\u00a0\u00a0\u00a0\u00a0\u00a0\u00a0\u00a0\u00a0\u00a0\u00a0\u00a0\u00a0  <\/strong><br>Schlo\u00dfkapelle Ratzenhofen\u00a0 <br>18.00 Uhr\u00a0\u00a0\u00a0\u00a0 Anna Lanzl f\u00fcr + Schwiegereltern und Angeh\u00f6rige<br> Hannelore Hausler f\u00fcr die + Ratzenhofener<br> Familie Zierer f\u00fcr + Anton Wagner und Anton Haindl<br> Familie Mirlach f\u00fcr Tante z. Sttg.<br><br><strong>Donnerstag, 24.01.\u00a0<\/strong>\u00a0\u00a0\u00a0\u00a0\u00a0\u00a0\u00a0\u00a0\u00a0\u00a0\u00a0  <br>Meilenhofen\u00a0\u00a0\u00a0 <br>19.00 Uhr\u00a0\u00a0\u00a0\u00a0 Renate Holmayer f\u00fcr + Barbara Kellerer<br> Magdalena Amberger f\u00fcr + Sebastian Fertl<br> Maria K\u00f6gl und Magdalena Braun f\u00fcr + Sebastian Fertl<br> Anna Frank f\u00fcr + Ehemann und Angeh\u00f6rige<br><br><strong>Freitag, 25.01.\u00a0\u00a0\u00a0\u00a0\u00a0\u00a0\u00a0\u00a0\u00a0\u00a0\u00a0\u00a0\u00a0\u00a0\u00a0 BEKEHRUNG DES HL. APOSTELS PAULUS<\/strong><br>Elsendorf\u00a0\u00a0\u00a0\u00a0\u00a0\u00a0 <br>15.30 Uhr\u00a0\u00a0\u00a0\u00a0 S c h \u00fc l e r g o t t e s d i e n s t <br>Jakob W\u00fcrfl, Taufpate f\u00fcr + Jakob Kellerer<br><br><strong>Samstag, 26.01.\u00a0\u00a0\u00a0\u00a0\u00a0\u00a0\u00a0\u00a0\u00a0\u00a0\u00a0\u00a0\u00a0\u00a0\u00a0\u00a0 <\/strong><br>Elsendorf\u00a0\u00a0\u00a0\u00a0\u00a0\u00a0 <br><strong>10.30 Uhr<\/strong>\u00a0\u00a0\u00a0 <strong>Isidori-Bruderschaftsfest<\/strong> <br> Isidori Bruderschaft f\u00fcr Mitglieder und + Mitglieder<br> Maria Sch\u00f6ttl f\u00fcr + Jakob Kellerer<br> Magdalena Kranzfelder f\u00fcr + Eltern und\u00a0 Geschwister<br><br><strong>Sonntag, 27.01.\u00a0\u00a0\u00a0\u00a0\u00a0\u00a0\u00a0\u00a0\u00a0\u00a0\u00a0\u00a0\u00a0\u00a0\u00a0\u00a0\u00a0 3. SONNTAG IM JAHRESKREIS<\/strong><br>Elsendorf\u00a0\u00a0\u00a0\u00a0\u00a0\u00a0 \u00a0 <br>9.00 Uhr\u00a0\u00a0\u00a0\u00a0 Walburga Greis f\u00fcr + Ehemann und + Sohn<br> Christine Kelbel f\u00fcr + Maria Fiedzuik<br> Maria Sch\u00f6ttl f\u00fcr + Schw\u00e4gerin Emilie und Angeh\u00f6rige<br> Familie Georg Zeilbeck f\u00fcr + Eltern bds.<br> Familie Christa Brummer f\u00fcr + Mutter Berta Senninger<br> Familie Rosi Niederhammer f\u00fcr + Ehemann und Vater<br><br>Appersdorf\u00a0\u00a0\u00a0\u00a0 <br>10.00 Uhr\u00a0\u00a0\u00a0\u00a0 Geschwister f\u00fcr + Mutter Franziska Oberhofer<br> Therese Gabelsberger f\u00fcr + Pfarrer Franz Stanglmaier<br> Anton Hilz f\u00fcr + Eltern<\/p>\n","protected":false},"excerpt":{"rendered":"<p>Wir feiern Gottesdienst: Dienstag, 15.01.\u00a0\u00a0\u00a0\u00a0\u00a0\u00a0\u00a0\u00a0\u00a0\u00a0\u00a0\u00a0\u00a0\u00a0\u00a0 Elsendorf\u00a0\u00a0\u00a0\u00a0\u00a0\u00a0 18.00 Uhr\u00a0\u00a0\u00a0\u00a0 Familie Jutta Dichtl \u00a0f\u00fcr + Eltern und Schwiegereltern Johanna Rainer f\u00fcr + Onkeln und Tanten Erich Kelbel f\u00fcr Mutter z. Sttg. Frieda Weiher f\u00fcr + Schwager Alfons Mittwoch, 16.01.\u00a0\u00a0\u00a0\u00a0\u00a0\u00a0\u00a0\u00a0\u00a0\u00a0\u00a0\u00a0\u00a0\u00a0\u00a0\u00a0 Pfarrheim Elsendorf16.30 Uhr\u00a0\u00a0\u00a0\u00a0 K l e i n k i n d e r g o t t &hellip; <a href=\"https:\/\/www.pfarrei-elsendorf.de\/content\/gottesdienstordnung-vom-14-01-2019-27-01-2019\/\" class=\"more-link\"><span class=\"screen-reader-text\">Gottesdienstordnung vom 14.01.2019 \u2013 27.01.2019<\/span> weiterlesen <span class=\"meta-nav\">&rarr;<\/span><\/a><\/p>\n","protected":false},"author":1,"featured_media":0,"comment_status":"closed","ping_status":"closed","sticky":false,"template":"","format":"standard","meta":{"footnotes":""},"categories":[9],"tags":[],"class_list":["post-501","post","type-post","status-publish","format-standard","hentry","category-archiv"],"_links":{"self":[{"href":"https:\/\/www.pfarrei-elsendorf.de\/content\/wp-json\/wp\/v2\/posts\/501","targetHints":{"allow":["GET"]}}],"collection":[{"href":"https:\/\/www.pfarrei-elsendorf.de\/content\/wp-json\/wp\/v2\/posts"}],"about":[{"href":"https:\/\/www.pfarrei-elsendorf.de\/content\/wp-json\/wp\/v2\/types\/post"}],"author":[{"embeddable":true,"href":"https:\/\/www.pfarrei-elsendorf.de\/content\/wp-json\/wp\/v2\/users\/1"}],"replies":[{"embeddable":true,"href":"https:\/\/www.pfarrei-elsendorf.de\/content\/wp-json\/wp\/v2\/comments?post=501"}],"version-history":[{"count":3,"href":"https:\/\/www.pfarrei-elsendorf.de\/content\/wp-json\/wp\/v2\/posts\/501\/revisions"}],"predecessor-version":[{"id":505,"href":"https:\/\/www.pfarrei-elsendorf.de\/content\/wp-json\/wp\/v2\/posts\/501\/revisions\/505"}],"wp:attachment":[{"href":"https:\/\/www.pfarrei-elsendorf.de\/content\/wp-json\/wp\/v2\/media?parent=501"}],"wp:term":[{"taxonomy":"category","embeddable":true,"href":"https:\/\/www.pfarrei-elsendorf.de\/content\/wp-json\/wp\/v2\/categories?post=501"},{"taxonomy":"post_tag","embeddable":true,"href":"https:\/\/www.pfarrei-elsendorf.de\/content\/wp-json\/wp\/v2\/tags?post=501"}],"curies":[{"name":"wp","href":"https:\/\/api.w.org\/{rel}","templated":true}]}}