{"id":506,"date":"2019-01-13T08:12:38","date_gmt":"2019-01-13T07:12:38","guid":{"rendered":"http:\/\/www.pfarrei-elsendorf.de\/content\/?p=506"},"modified":"2019-03-19T13:06:33","modified_gmt":"2019-03-19T12:06:33","slug":"messintentionen-und-mitteilungsblatt-bis-27-01-2019","status":"publish","type":"post","link":"https:\/\/www.pfarrei-elsendorf.de\/content\/messintentionen-und-mitteilungsblatt-bis-27-01-2019\/","title":{"rendered":"Messintentionen und Mitteilungsblatt bis 27.01.2019"},"content":{"rendered":"\n<p><strong><em>Elsendorfer Kirchenspatzen<\/em><\/strong><br>Freitag, 25.01.:\u00a0\u00a0\u00a0\u00a0\u00a0\u00a0\u00a0\u00a0\u00a0\u00a0\u00a0\u00a0\u00a0 <br>ca. 16 Uhr Singstunde nach dem Sch\u00fclergottesdienst\u00a0 im Pfarrheim; Ende: 17.15 Uhr<br><br><strong>Pfarrgemeinderat<br> <\/strong>Am Donnerstag, den 17.1. sind die Mitglieder zur Sitzung im Pfarrheim geladen. Beginn 19.30 Uhr<br><br><strong>KDFB <\/strong><br>Am Freitag, den 18.1. beginnt um 19.30 Uhr der Frauenbundfasching im Gasthaus B\u00f6sl. Einlass ab 19 Uhr. Spenden f\u00fcr die Tombola bitte bei den Ortsbeir\u00e4tinnen abgeben.<br><br><strong>\u00dc-60<br><\/strong>Die Senioren treffen sich am Donnerstag, 24.1. im Pfarrheim zu einer Faschingsveranstaltung, zu der die Mainburger Kindergarde erwartet wird.<br><br><strong>Erstkommunion 2019<\/strong><br>Am Freitag, den 25.1. erwartet\u00a0 Pfarrer Albert Vogl die Eltern der Kommunionkinder um 19 Uhr im Pfarrheim zu einer Besprechung.<br>Die Kommunionkinder sind immer zur Mitfeier des Sonntagsgottesdienstes eingeladen und vor allem auch zur Teilnahme am Sch\u00fclergottesdienst, bei dem manches besprochen und ge\u00fcbt werden kann.<br><br><strong>Isidori Bruderschaft<\/strong><br>Zum gemeinsamen Gottesdienst am Samstag, den 26.1. sind auch Nichtmitglieder willkommen. Die Einschreibung ist ab 9.30 Uhr im Pfarrb\u00fcro m\u00f6glich.<br><br><strong>Ergebnis der Sammlungen:<\/strong><br>Diaspora (18.11.) in Elsendorf: 226,15 \u20ac<br>Adveniat (Weihnachten) in Elsendorf:\u00a0 965 \u20ac<br>Weihnachtsopfer der Kinder 123,05 \u20ac<br>Afrika-Mission (6.1.) in Elsendorf 358,91 \u20ac<br>Sternsinger in Appersdorf : 2.039,52 \u20ac; in Berghausen\u00a0 485 \u20ac;<br>in Ratzenhofen wird erst diese Woche gesammelt.<br><br><em><strong>Die Organisationen, die Ihre Spenden erhalten, danken<\/strong><\/em><strong>.<\/strong><\/p>\n\n\n\n<p>________________________________________________________________<br>Katholisches Pfarramt ElsendorfKatholisches Pfarramt Elsendorf<br> Mainburger Stra\u00dfe 1<br> 84094 Elsendorf<br> Telefon: 08753\/245<br> Fax: 08753\/910498<br> e-mail: pfarramt&#8220;at&#8220;elsendorf.de<br> www.pfarrei-elsendorf.de<br> B\u00fcrozeiten:<br> Dienstag 8 Uhr \u2013 12 Uhr<br> Freitag 15 Uhr \u2013 17 Uhr <\/p>\n\n\n\n<p><\/p>\n","protected":false},"excerpt":{"rendered":"<p>Elsendorfer KirchenspatzenFreitag, 25.01.:\u00a0\u00a0\u00a0\u00a0\u00a0\u00a0\u00a0\u00a0\u00a0\u00a0\u00a0\u00a0\u00a0 ca. 16 Uhr Singstunde nach dem Sch\u00fclergottesdienst\u00a0 im Pfarrheim; Ende: 17.15 Uhr Pfarrgemeinderat Am Donnerstag, den 17.1. sind die Mitglieder zur Sitzung im Pfarrheim geladen. Beginn 19.30 Uhr KDFB Am Freitag, den 18.1. beginnt um 19.30 Uhr der Frauenbundfasching im Gasthaus B\u00f6sl. Einlass ab 19 Uhr. Spenden f\u00fcr die Tombola bitte bei &hellip; <a href=\"https:\/\/www.pfarrei-elsendorf.de\/content\/messintentionen-und-mitteilungsblatt-bis-27-01-2019\/\" class=\"more-link\"><span class=\"screen-reader-text\">Messintentionen und Mitteilungsblatt bis 27.01.2019<\/span> weiterlesen <span class=\"meta-nav\">&rarr;<\/span><\/a><\/p>\n","protected":false},"author":1,"featured_media":0,"comment_status":"closed","ping_status":"closed","sticky":false,"template":"","format":"standard","meta":{"footnotes":""},"categories":[9],"tags":[],"class_list":["post-506","post","type-post","status-publish","format-standard","hentry","category-archiv"],"_links":{"self":[{"href":"https:\/\/www.pfarrei-elsendorf.de\/content\/wp-json\/wp\/v2\/posts\/506","targetHints":{"allow":["GET"]}}],"collection":[{"href":"https:\/\/www.pfarrei-elsendorf.de\/content\/wp-json\/wp\/v2\/posts"}],"about":[{"href":"https:\/\/www.pfarrei-elsendorf.de\/content\/wp-json\/wp\/v2\/types\/post"}],"author":[{"embeddable":true,"href":"https:\/\/www.pfarrei-elsendorf.de\/content\/wp-json\/wp\/v2\/users\/1"}],"replies":[{"embeddable":true,"href":"https:\/\/www.pfarrei-elsendorf.de\/content\/wp-json\/wp\/v2\/comments?post=506"}],"version-history":[{"count":1,"href":"https:\/\/www.pfarrei-elsendorf.de\/content\/wp-json\/wp\/v2\/posts\/506\/revisions"}],"predecessor-version":[{"id":507,"href":"https:\/\/www.pfarrei-elsendorf.de\/content\/wp-json\/wp\/v2\/posts\/506\/revisions\/507"}],"wp:attachment":[{"href":"https:\/\/www.pfarrei-elsendorf.de\/content\/wp-json\/wp\/v2\/media?parent=506"}],"wp:term":[{"taxonomy":"category","embeddable":true,"href":"https:\/\/www.pfarrei-elsendorf.de\/content\/wp-json\/wp\/v2\/categories?post=506"},{"taxonomy":"post_tag","embeddable":true,"href":"https:\/\/www.pfarrei-elsendorf.de\/content\/wp-json\/wp\/v2\/tags?post=506"}],"curies":[{"name":"wp","href":"https:\/\/api.w.org\/{rel}","templated":true}]}}