{"id":510,"date":"2019-03-16T05:33:43","date_gmt":"2019-03-16T04:33:43","guid":{"rendered":"http:\/\/www.pfarrei-elsendorf.de\/content\/?p=510"},"modified":"2019-06-01T14:55:15","modified_gmt":"2019-06-01T12:55:15","slug":"gottesdienstordnung-vom-19-03-2019-31-03-2019","status":"publish","type":"post","link":"https:\/\/www.pfarrei-elsendorf.de\/content\/gottesdienstordnung-vom-19-03-2019-31-03-2019\/","title":{"rendered":"Gottesdienstordnung vom 19.03.2019 \u2013 31.03.2019"},"content":{"rendered":"\n<p><em><strong>Wir feiern Gottesdienst:<\/strong><\/em><\/p>\n\n\n\n<p><strong>Dienstag, 19.03.\u00a0\u00a0\u00a0\u00a0\u00a0\u00a0\u00a0\u00a0\u00a0\u00a0\u00a0\u00a0\u00a0\u00a0\u00a0\u00a0 HOCHFEST DES HL. JOSEF<\/strong><br>Elsendorf\u00a0\u00a0\u00a0\u00a0\u00a0\u00a0 <br>18.00 Uhr\u00a0\u00a0\u00a0\u00a0 Familie Lisbeth Reith f\u00fcr + Cousine Maria Ziegler<br> Leni Jofer f\u00fcr + Josef Maier<br> Frieda Weiher f\u00fcr + Bruder Erwin K\u00fcfner<br><br><strong>Mittwoch, 20.03.\u00a0\u00a0\u00a0\u00a0\u00a0\u00a0\u00a0\u00a0\u00a0\u00a0\u00a0\u00a0\u00a0\u00a0\u00a0\u00a0 <\/strong><br>Schlo\u00dfkapelle\u00a0 <br>18.00 Uhr\u00a0\u00a0\u00a0\u00a0 Gaby Lehner f\u00fcr + Gro\u00dfeltern und + Onkeln und Tanten<br> Familie Bock f\u00fcr + Schwester Resi und Eltern bds.<br><br><strong>Samstag, 23.03.\u00a0\u00a0\u00a0\u00a0\u00a0\u00a0\u00a0\u00a0\u00a0\u00a0\u00a0\u00a0\u00a0\u00a0\u00a0\u00a0 V o r a b e n d g o t t e s d i e n s t <\/strong><br><strong>B<\/strong>erghausen\u00a0\u00a0 <br><strong>17.30 Uhr<\/strong>\u00a0\u00a0\u00a0 Franziska Dasch f\u00fcr + Schwiegervater und Schw\u00e4gerinnen<br> Familie Haas f\u00fcr + Georg Burger<br> Bernadette Kramschuster f\u00fcr + Vater und + Tante<br> Familie Georg Sirl\u00a0 jun. f\u00fcr + Tante Berta Senninger<br> Josef Neppl f\u00fcr Vater z. Sttg.<br> Hans und Sieglinde Ertlmeier f\u00fcr + Ludwig Dasch<br> <strong>E w i g e\u00a0\u00a0\u00a0 A n b e t u n g<\/strong><br><br><strong>E<\/strong>lsendorf\u00a0\u00a0\u00a0\u00a0\u00a0\u00a0 <br>18.00 Uhr\u00a0\u00a0\u00a0\u00a0 L\u00f6wenfreunde Elsendorf f\u00fcr + Mitglieder<br> Maria Sch\u00f6ttl f\u00fcr + Ehemann Josef<br> Geschwister Hofbauer f\u00fcr + Eltern Anna und Theodor<br><br><br><strong>Sonntag, 24.03.\u00a0\u00a0\u00a0\u00a0\u00a0\u00a0\u00a0\u00a0\u00a0\u00a0\u00a0\u00a0\u00a0\u00a0\u00a0\u00a0\u00a0 3. FASTENSONNTAG<\/strong><br><strong>A<\/strong>ppersdorf\u00a0\u00a0\u00a0\u00a0 <br>10.00 Uhr\u00a0\u00a0\u00a0\u00a0 P f a r r g o t t e s d i e n s t<br> Familie Georg Karber f\u00fcr + Eltern<br> Familie Webinger f\u00fcr + Tochter<br> Berta Baumeister f\u00fcr + Ehemann Erhard<br> Geschwister Hilz f\u00fcr + Johann Hilz<br><br><br><strong>Mittwoch, 27.03.\u00a0\u00a0\u00a0\u00a0\u00a0\u00a0\u00a0\u00a0\u00a0\u00a0\u00a0\u00a0\u00a0\u00a0\u00a0\u00a0 <\/strong><br><strong>E<\/strong>lsendorf<br><strong>9.00 Uhr<\/strong> \u00a0\u00a0\u00a0  <strong>P<\/strong>farrheim\u00a0\u00a0\u00a0\u00a0\u00a0\u00a0  <strong>KDFB Einkehrtag<\/strong> <br> Pater Dr. Seitz, Windberg: <em>&#8222;Vom Segen der Zerbrechlichkeit&#8220;<\/em><br> Beichtgelegenheit<br><strong>15.00 Uh<\/strong>r\u00a0\u00a0\u00a0\u00a0 in den Anliegen der Frauen<br><strong>16.30 Uhr<\/strong>\u00a0\u00a0 Pfarrheim\u00a0\u00a0 K l e i n k i n d e r g o t t e s d i e n s t<br><br><br><strong>Donnerstag, 28.03.\u00a0\u00a0\u00a0\u00a0\u00a0\u00a0\u00a0\u00a0\u00a0\u00a0\u00a0\u00a0 <\/strong><br><strong>M<\/strong>eilenhofen\u00a0\u00a0\u00a0 <br><strong>19.00 Uh<\/strong>r\u00a0\u00a0\u00a0\u00a0 Familie Martha Frank f\u00fcr + G\u00fcnther Frank<br> Marianne Frank f\u00fcr + Onkeln und Tanten<br> Monika und Inge Bachmeier f\u00fcr Elisabeth Fertl<br> Rosa Weiher f\u00fcr + Cousine Barbara Kellere<br><br><br><strong>Freitag, 29.03.\u00a0\u00a0\u00a0\u00a0\u00a0\u00a0\u00a0\u00a0\u00a0\u00a0\u00a0\u00a0\u00a0\u00a0\u00a0\u00a0\u00a0\u00a0\u00a0 <\/strong><br><strong>E<\/strong>lsendorf\u00a0\u00a0\u00a0\u00a0\u00a0\u00a0 <br><strong>17.00 Uhr<\/strong>\u00a0\u00a0\u00a0 <strong>Kreuzwegandacht<br> <\/strong><em>gestaltet von den Erstkommunionkindern und ihren Betreuerinnen, zu der alle Gl\u00e4ubigen eingeladen sind.<\/em><br><br><br><strong>Samstag, 30.03.\u00a0\u00a0\u00a0\u00a0\u00a0\u00a0\u00a0\u00a0\u00a0\u00a0\u00a0\u00a0\u00a0\u00a0\u00a0\u00a0 V o r a b e n d g o t t e s d i e n s t<\/strong><br><strong>E<\/strong>lsendorf\u00a0\u00a0\u00a0\u00a0\u00a0\u00a0 <br><strong>19.00 Uhr<\/strong>\u00a0\u00a0\u00a0 Familie Reiter f\u00fcr + Eltern und Geschwister<br> Leni Jofer f\u00fcr + Eltern und + Bruder Hans<br> Familien Albrecht und Frank f\u00fcr + Vater<br> Helmut Prummer f\u00fcr + Ehefrau<br> Anneliese Prummer f\u00fcr + Eltern<br> Elfriede Faltermeier f\u00fcr + Ehemann<br><br><em><strong>Beginn der Sommerzeit<\/strong><\/em><br><br><strong>Sonntag, 31.03.\u00a0\u00a0\u00a0\u00a0\u00a0\u00a0\u00a0\u00a0\u00a0\u00a0\u00a0\u00a0\u00a0\u00a0\u00a0\u00a0\u00a0 4. FASTENSONNTAG (Laetare)<\/strong><br><strong>A<\/strong>ppersdorf\u00a0\u00a0\u00a0\u00a0 <br><strong>9.00 Uhr<\/strong>\u00a0\u00a0\u00a0 Gaby Thomas f\u00fcr + Eltern Maria und Erwin Thomas<br> Familie W\u00fcrfl f\u00fcr + Gertraud und Johann Hilz<br><br><strong>E<\/strong>lsendorf\u00a0\u00a0\u00a0\u00a0\u00a0\u00a0\u00a0 <br><strong>10.00 Uhr<\/strong>\u00a0\u00a0\u00a0\u00a0\u00a0\u00a0 P f a r r g o t t e s d i e n s t<br> Gartenbauverein f\u00fcr + Mitglieder<br> Berta Baumeister f\u00fcr + Eltern<br> Familie Leonhard Inderst f\u00fcr + Eltern<br> Dr. Dietmar M\u00fcller f\u00fcr + Gro\u00dfeltern Johann und Emilie M\u00fclle <\/p>\n","protected":false},"excerpt":{"rendered":"<p>Wir feiern Gottesdienst: Dienstag, 19.03.\u00a0\u00a0\u00a0\u00a0\u00a0\u00a0\u00a0\u00a0\u00a0\u00a0\u00a0\u00a0\u00a0\u00a0\u00a0\u00a0 HOCHFEST DES HL. JOSEFElsendorf\u00a0\u00a0\u00a0\u00a0\u00a0\u00a0 18.00 Uhr\u00a0\u00a0\u00a0\u00a0 Familie Lisbeth Reith f\u00fcr + Cousine Maria Ziegler Leni Jofer f\u00fcr + Josef Maier Frieda Weiher f\u00fcr + Bruder Erwin K\u00fcfner Mittwoch, 20.03.\u00a0\u00a0\u00a0\u00a0\u00a0\u00a0\u00a0\u00a0\u00a0\u00a0\u00a0\u00a0\u00a0\u00a0\u00a0\u00a0 Schlo\u00dfkapelle\u00a0 18.00 Uhr\u00a0\u00a0\u00a0\u00a0 Gaby Lehner f\u00fcr + Gro\u00dfeltern und + Onkeln und Tanten Familie Bock f\u00fcr + Schwester Resi und Eltern &hellip; <a href=\"https:\/\/www.pfarrei-elsendorf.de\/content\/gottesdienstordnung-vom-19-03-2019-31-03-2019\/\" class=\"more-link\"><span class=\"screen-reader-text\">Gottesdienstordnung vom 19.03.2019 \u2013 31.03.2019<\/span> weiterlesen <span class=\"meta-nav\">&rarr;<\/span><\/a><\/p>\n","protected":false},"author":1,"featured_media":0,"comment_status":"closed","ping_status":"closed","sticky":false,"template":"","format":"standard","meta":{"footnotes":""},"categories":[1,9],"tags":[],"class_list":["post-510","post","type-post","status-publish","format-standard","hentry","category-allgemein","category-archiv"],"_links":{"self":[{"href":"https:\/\/www.pfarrei-elsendorf.de\/content\/wp-json\/wp\/v2\/posts\/510","targetHints":{"allow":["GET"]}}],"collection":[{"href":"https:\/\/www.pfarrei-elsendorf.de\/content\/wp-json\/wp\/v2\/posts"}],"about":[{"href":"https:\/\/www.pfarrei-elsendorf.de\/content\/wp-json\/wp\/v2\/types\/post"}],"author":[{"embeddable":true,"href":"https:\/\/www.pfarrei-elsendorf.de\/content\/wp-json\/wp\/v2\/users\/1"}],"replies":[{"embeddable":true,"href":"https:\/\/www.pfarrei-elsendorf.de\/content\/wp-json\/wp\/v2\/comments?post=510"}],"version-history":[{"count":1,"href":"https:\/\/www.pfarrei-elsendorf.de\/content\/wp-json\/wp\/v2\/posts\/510\/revisions"}],"predecessor-version":[{"id":511,"href":"https:\/\/www.pfarrei-elsendorf.de\/content\/wp-json\/wp\/v2\/posts\/510\/revisions\/511"}],"wp:attachment":[{"href":"https:\/\/www.pfarrei-elsendorf.de\/content\/wp-json\/wp\/v2\/media?parent=510"}],"wp:term":[{"taxonomy":"category","embeddable":true,"href":"https:\/\/www.pfarrei-elsendorf.de\/content\/wp-json\/wp\/v2\/categories?post=510"},{"taxonomy":"post_tag","embeddable":true,"href":"https:\/\/www.pfarrei-elsendorf.de\/content\/wp-json\/wp\/v2\/tags?post=510"}],"curies":[{"name":"wp","href":"https:\/\/api.w.org\/{rel}","templated":true}]}}