{"id":512,"date":"2019-03-16T05:45:31","date_gmt":"2019-03-16T04:45:31","guid":{"rendered":"http:\/\/www.pfarrei-elsendorf.de\/content\/?p=512"},"modified":"2019-06-01T14:56:12","modified_gmt":"2019-06-01T12:56:12","slug":"messintentionen-und-mitteilungsblatt-bis-31-03-2019","status":"publish","type":"post","link":"https:\/\/www.pfarrei-elsendorf.de\/content\/messintentionen-und-mitteilungsblatt-bis-31-03-2019\/","title":{"rendered":"Messintentionen und Mitteilungsblatt bis 31.03.2019"},"content":{"rendered":"\n<p><strong><em>Elsendorfer Kirchenspatzen<\/em><\/strong><br>Freitag, 29.03.\u00a0\u00a0\u00a0\u00a0\u00a0\u00a0\u00a0\u00a0\u00a0\u00a0\u00a0\u00a0\u00a0\u00a0\u00a0 <br>16.00\u2013 17.00 Uhr Singstunde im Pfarrheim.<br> Anschlie\u00dfend musikalische Gestaltung der Kreuzwegandacht. Ende ca. 17.45 Uhr<br><br><strong><em>Kirchenchor<\/em><\/strong><br>Montag, 25.03.:\u00a0\u00a0\u00a0\u00a0\u00a0\u00a0\u00a0\u00a0\u00a0\u00a0\u00a0\u00a0 19.30 Uhr Singstunde im Pfarrheim<br><br><strong>Erstkommunion<br> <\/strong>An den Samstagen am 23.3. und 30.3. \u00a0finden die n\u00e4chsten Gruppenstunden zur Vorbereitung auf die Erstkommunion statt.<br><br>Im <strong>Spendenk\u00f6rbchen in der Krippe Elsendorf<\/strong> sind dieses Jahr <br> knapp 100 \u20ac zusammengekommen. Dieser Betrag wurde in der Zwischenzeit an die neu gegr\u00fcndete Bastelguppe \u00fcbergeben.<br><br><strong>KDFB Elsendorf &#8211;\u00a0 Appersdorf\u00a0 &#8211; Mallmersdorf<\/strong><br>Der Einkehrtag beginnt am Mittwoch, den 27.M\u00e4rz um 9 Uhr im Pfarrheim. Pater Seitz aus dem Kloster Windberg spricht zum Thema &#8222;<em>Vom Segen der Zerbrechlichkeit&#8220;.<\/em><br><br>Es besteht mittags die Gelegenheit im Gasthof B\u00f6sl zu essen. Nach dem Mittagessen besteht die M\u00f6glichkeit zur Beichte. Nach Kaffee und Kuchen im Pfarrheim beginnt um 15 Uhr der Abschlussgottesdienst in der Pfarrkirche.<br><br><strong>Kreuzwegandachten in Elsendorf<\/strong><br>Da die Beteiligung der Gl\u00e4ubigen an den Kreuzwegandachten in Elsendorf so gering ist, wird in Zukunft der regelm\u00e4\u00dfige Termin daf\u00fcr am Freitag entfallen.<br> Pfarrer Albert Vogl freut sich, dass die Erstkommunionkinder mit Ihren Betreuerinnen eine Kreuzwegandacht f\u00fcr Freitag, den 29. M\u00e4rz vorbereitet haben, und w\u00fcnscht, dass viele Pfarrangeh\u00f6rige an diesem Kreuzweg teilnehmen.<br><br><strong>Bauverein St. Anton<\/strong><br>Die Jahreshauptversammlung beginnt am Sonntag, den 31. M\u00e4rz <br> um 17 Uhr im Gasthaus Steiger.<br><br><strong>Pfarrheim St. Isidor<\/strong> Alle Nutzer des Pfarrheims m\u00f6chten wir daran erinnern, vor dem Abschlie\u00dfen zu kontrollieren, ob das Licht und damit die L\u00fcftungseinrichtungen (Stromverbrauch!) in den Toilettenr\u00e4umen gel\u00f6scht ist. <br><br>___________________________________________________________________<\/p>\n\n\n\n<p>Katholisches Pfarramt Elsendorf<br> Mainburger Stra\u00dfe 1<br> 84094 Elsendorf<br> Telefon: 08753\/245<br> Fax: 08753\/910498<br> e-mail: pfarramt\u201cat\u201celsendorf.de<br> www.pfarrei-elsendorf.de<br> B\u00fcrozeiten:<br> Dienstag 8 Uhr \u2013 12 Uhr<br> Freitag 15 Uhr \u2013 17 Uhr <\/p>\n","protected":false},"excerpt":{"rendered":"<p>Elsendorfer KirchenspatzenFreitag, 29.03.\u00a0\u00a0\u00a0\u00a0\u00a0\u00a0\u00a0\u00a0\u00a0\u00a0\u00a0\u00a0\u00a0\u00a0\u00a0 16.00\u2013 17.00 Uhr Singstunde im Pfarrheim. Anschlie\u00dfend musikalische Gestaltung der Kreuzwegandacht. Ende ca. 17.45 Uhr KirchenchorMontag, 25.03.:\u00a0\u00a0\u00a0\u00a0\u00a0\u00a0\u00a0\u00a0\u00a0\u00a0\u00a0\u00a0 19.30 Uhr Singstunde im Pfarrheim Erstkommunion An den Samstagen am 23.3. und 30.3. \u00a0finden die n\u00e4chsten Gruppenstunden zur Vorbereitung auf die Erstkommunion statt. Im Spendenk\u00f6rbchen in der Krippe Elsendorf sind dieses Jahr knapp 100 \u20ac &hellip; <a href=\"https:\/\/www.pfarrei-elsendorf.de\/content\/messintentionen-und-mitteilungsblatt-bis-31-03-2019\/\" class=\"more-link\"><span class=\"screen-reader-text\">Messintentionen und Mitteilungsblatt bis 31.03.2019<\/span> weiterlesen <span class=\"meta-nav\">&rarr;<\/span><\/a><\/p>\n","protected":false},"author":1,"featured_media":0,"comment_status":"closed","ping_status":"closed","sticky":false,"template":"","format":"standard","meta":{"footnotes":""},"categories":[1,9],"tags":[],"class_list":["post-512","post","type-post","status-publish","format-standard","hentry","category-allgemein","category-archiv"],"_links":{"self":[{"href":"https:\/\/www.pfarrei-elsendorf.de\/content\/wp-json\/wp\/v2\/posts\/512","targetHints":{"allow":["GET"]}}],"collection":[{"href":"https:\/\/www.pfarrei-elsendorf.de\/content\/wp-json\/wp\/v2\/posts"}],"about":[{"href":"https:\/\/www.pfarrei-elsendorf.de\/content\/wp-json\/wp\/v2\/types\/post"}],"author":[{"embeddable":true,"href":"https:\/\/www.pfarrei-elsendorf.de\/content\/wp-json\/wp\/v2\/users\/1"}],"replies":[{"embeddable":true,"href":"https:\/\/www.pfarrei-elsendorf.de\/content\/wp-json\/wp\/v2\/comments?post=512"}],"version-history":[{"count":2,"href":"https:\/\/www.pfarrei-elsendorf.de\/content\/wp-json\/wp\/v2\/posts\/512\/revisions"}],"predecessor-version":[{"id":514,"href":"https:\/\/www.pfarrei-elsendorf.de\/content\/wp-json\/wp\/v2\/posts\/512\/revisions\/514"}],"wp:attachment":[{"href":"https:\/\/www.pfarrei-elsendorf.de\/content\/wp-json\/wp\/v2\/media?parent=512"}],"wp:term":[{"taxonomy":"category","embeddable":true,"href":"https:\/\/www.pfarrei-elsendorf.de\/content\/wp-json\/wp\/v2\/categories?post=512"},{"taxonomy":"post_tag","embeddable":true,"href":"https:\/\/www.pfarrei-elsendorf.de\/content\/wp-json\/wp\/v2\/tags?post=512"}],"curies":[{"name":"wp","href":"https:\/\/api.w.org\/{rel}","templated":true}]}}