{"id":517,"date":"2019-03-30T05:14:39","date_gmt":"2019-03-30T04:14:39","guid":{"rendered":"http:\/\/www.pfarrei-elsendorf.de\/content\/?p=517"},"modified":"2019-06-01T14:55:25","modified_gmt":"2019-06-01T12:55:25","slug":"gottesdienstordnung-vom-03-04-2019-14-04-2019","status":"publish","type":"post","link":"https:\/\/www.pfarrei-elsendorf.de\/content\/gottesdienstordnung-vom-03-04-2019-14-04-2019\/","title":{"rendered":"Gottesdienstordnung vom 03.04.2019 \u2013 14.04.2019"},"content":{"rendered":"\n<p><strong>Mittwoch, 03.04.\u00a0<\/strong>\u00a0\u00a0\u00a0\u00a0\u00a0\u00a0\u00a0\u00a0\u00a0\u00a0\u00a0\u00a0\u00a0\u00a0\u00a0\u00a0\u00a0\u00a0 <br>Haunsbach\u00a0\u00a0\u00a0\u00a0\u00a0\u00a0 <br>19.00 Uhr\u00a0\u00a0\u00a0\u00a0\u00a0\u00a0 Adolf Lindner f\u00fcr + Eltern und Geschwister<br> Familie Zenta Haltmeier f\u00fcr + Alois Haltmeier z. St.zeit<br> Franz Spitzauer, B\u00f6ham f\u00fcr + Cousin Erhard Baumeister<br> Maria Rottm\u00fcller f\u00fcr + Cousin Erhard Baumeister<br>\u00a0\u00a0\u00a0\u00a0\u00a0\u00a0\u00a0\u00a0\u00a0\u00a0\u00a0\u00a0\u00a0\u00a0\u00a0\u00a0\u00a0\u00a0\u00a0\u00a0\u00a0\u00a0<em><strong> 16.00 Uhr\u00a0\u00a0\u00a0\u00a0\u00a0\u00a0 Ausgabe der Kommunionkleidung<\/strong><\/em><br><br><strong>Samstag, 06.04.\u00a0\u00a0\u00a0\u00a0\u00a0\u00a0\u00a0\u00a0\u00a0\u00a0\u00a0\u00a0\u00a0\u00a0\u00a0\u00a0\u00a0\u00a0\u00a0 V o r a b e n d g o t t e s d i e n s t\u00a0 <\/strong><em><strong>Misereorkollekte<\/strong><\/em><br>Elsendorf\u00a0\u00a0\u00a0\u00a0\u00a0\u00a0\u00a0\u00a0 <br>19.00 Uhr\u00a0\u00a0\u00a0\u00a0\u00a0\u00a0 Hans und Sieglinde Ertlmeier f\u00fcr + Kaspar Spornraft<br> Familie Willi Brunner f\u00fcr + Eltern bds. und Verwandte<br> Geschwister M\u00fcller f\u00fcr + Vater Johann<br> Familie Sebastian Gebendorfer f\u00fcr + Herbert Thamm<br> <em>FB Verkauf von Palmbuschen<\/em><br><br><strong>Sonntag, 07.04.\u00a0\u00a0\u00a0\u00a0\u00a0\u00a0\u00a0\u00a0\u00a0\u00a0\u00a0\u00a0\u00a0\u00a0\u00a0\u00a0\u00a0\u00a0\u00a0\u00a0 5. FASTENSONNTAG\u00a0\u00a0\u00a0\u00a0\u00a0\u00a0\u00a0\u00a0\u00a0\u00a0\u00a0\u00a0\u00a0\u00a0\u00a0\u00a0\u00a0  <\/strong><em><strong>Misereorkollekte<\/strong><\/em><br>Appersdorf\u00a0\u00a0\u00a0\u00a0\u00a0\u00a0 \u00a0 <br><strong>9.00 Uhr<\/strong>\u00a0\u00a0\u00a0\u00a0\u00a0 P f a r r g o t t e s d i e n s t<br> Anna Hilz f\u00fcr + Vater<br> Leonhard Br\u00fccklmaier f\u00fcr + Ehefrau z. Geb.<br> Marlene Senger f\u00fcr Vater zum Sterbetag<br> Familie Erwin Bachmaier f\u00fcr + Vater und Opa<br> <em>FB Verkauf von Palmbuschen<\/em><br><br>Elsendorf\u00a0\u00a0\u00a0\u00a0\u00a0\u00a0\u00a0\u00a0 <br><strong>10.00 Uhr<\/strong>\u00a0\u00a0\u00a0\u00a0\u00a0 F a m i l i e n g o t t e s d i e n s t<br> Familie Karl Kiesl f\u00fcr + Kaspar Spornraft und alle Verstorbenen aus Landersdorf<br> Familie Karl K\u00f6nig f\u00fcr + Cousine Magdalena Kirzinger<br> Familie Weichenrieder f\u00fcr + Schwiegervater und Opa<br> Peter Kufer f\u00fcr + Vater Wilhelm<br> <em>musik. Gestaltung Kirchenspatzen<br> FB Verkauf von Palmbuschen<\/em><br><br><em><strong>++++++++   Fastensuppenessen im Pfarrheim ++++++++++<\/strong><\/em><br><br>Elsendorf\u00a0\u00a0\u00a0\u00a0\u00a0\u00a0\u00a0\u00a0 <br><strong>13.30 Uhr<\/strong>\u00a0\u00a0\u00a0\u00a0\u00a0 <strong>Kreuzwegandacht<\/strong> <br> <em>gestaltet vom kath. Frauenbund<\/em><br><br><strong>Dienstag, 09.04.\u00a0\u00a0\u00a0\u00a0\u00a0\u00a0\u00a0\u00a0\u00a0\u00a0\u00a0\u00a0\u00a0\u00a0\u00a0\u00a0\u00a0\u00a0\u00a0 <\/strong><br>Horneck\u00a0\u00a0\u00a0\u00a0\u00a0\u00a0\u00a0\u00a0\u00a0\u00a0 <br>19.00 Uhr\u00a0\u00a0\u00a0\u00a0\u00a0\u00a0 Hans Ecker f\u00fcr + Ignaz Ecker<br><br><strong>Donnerstag, 11.04.\u00a0\u00a0\u00a0\u00a0\u00a0\u00a0\u00a0\u00a0\u00a0\u00a0\u00a0\u00a0\u00a0\u00a0\u00a0 Hl. Stanislaus, Bischof, M\u00e4rtyrer<\/strong><br>Meilenhofen\u00a0\u00a0\u00a0\u00a0\u00a0 <br>19.00 Uhr\u00a0\u00a0\u00a0\u00a0\u00a0\u00a0 Irmgard Hutter f\u00fcr + Vater<br> Familie Br\u00fccklmaier f\u00fcr + Nachbarin Katharina Gr\u00fcnberger<br> Familie Josef Weinberger f\u00fcr + Barbara Kellerer<br> Familie Hutter f\u00fcr + Elisabeth Fertl<br><br><strong>Freitag, 12.04.\u00a0\u00a0\u00a0\u00a0\u00a0\u00a0\u00a0\u00a0\u00a0\u00a0\u00a0\u00a0\u00a0\u00a0\u00a0\u00a0\u00a0\u00a0\u00a0\u00a0\u00a0\u00a0  <\/strong><br>Elsendorf\u00a0\u00a0\u00a0\u00a0\u00a0\u00a0\u00a0\u00a0 <br>19<strong>.<\/strong>00 Uhr\u00a0\u00a0\u00a0\u00a0\u00a0 <em><strong>Bu\u00dfandacht<\/strong><\/em><br><br><strong>Samstag, 13.04.\u00a0\u00a0\u00a0\u00a0\u00a0\u00a0\u00a0\u00a0\u00a0\u00a0\u00a0\u00a0\u00a0\u00a0\u00a0\u00a0\u00a0\u00a0\u00a0 V o r a b e n d g o t t e s d i e n s t <\/strong><br>Elsendorf\u00a0\u00a0\u00a0\u00a0\u00a0\u00a0\u00a0\u00a0 <br><strong>16.00 Uhr\u00a0\u00a0\u00a0\u00a0\u00a0 Beichtgelegenheit <\/strong>vor Ostern<br><br>Elsendorf\u00a0\u00a0\u00a0\u00a0\u00a0\u00a0\u00a0\u00a0 <br>19.00 Uhr\u00a0\u00a0\u00a0\u00a0\u00a0\u00a0 Familie Gigl f\u00fcr + Eltern bds.<br> Marlene Hofbauer f\u00fcr + Betty Wendl<br> Isidori Bruderschaft f\u00fcr + Anton Wagner<br> Lorenz Enzmann f\u00fcr + Buder Nik<br><br>Berghausen\u00a0\u00a0\u00a0\u00a0\u00a0 <br>17.00 Uhr\u00a0\u00a0\u00a0\u00a0\u00a0 Beichtgelegenheit vor Ostern<br>17.30 Uhr\u00a0\u00a0\u00a0\u00a0\u00a0 <em>Palmweihe <\/em><br> Erwin Weiher f\u00fcr + Bruder Anton Weiher<br> Gertraud Burger f\u00fcr + Schwester Katharina<br> Familie Prummer f\u00fcr + Georg Burger<br> Walburga Weiher f\u00fcr + Ehemann, Vater und Opa<br><br><strong>Sonntag, 14.04.\u00a0\u00a0\u00a0\u00a0\u00a0\u00a0\u00a0\u00a0\u00a0\u00a0\u00a0\u00a0\u00a0\u00a0\u00a0\u00a0\u00a0\u00a0\u00a0\u00a0 PALMSONNTAG<\/strong><br><strong>++++  Pfarrgarten\u00a0\u00a0\u00a0\u00a0\u00a0\u00a0 8.45 Uhr\u00a0\u00a0\u00a0\u00a0\u00a0\u00a0\u00a0 <\/strong><em><strong>Palmweihe<\/strong><\/em><strong> Elsendorf\u00a0 \u00a0\u00a0\u00a0\u00a0\u00a0   ++++<\/strong><br><br>Elsendorf \u00a0\u00a0\u00a0\u00a0\u00a0\u00a0\u00a0 <br>9.00 Uhr\u00a0\u00a0\u00a0\u00a0\u00a0\u00a0\u00a0\u00a0 P f a r r g o t t e s d i e n s t <br> Stiftsmesse Elisabeth Gerzer f\u00fcr + Angeh\u00f6rige<br> Familie Leonhard Inderst f\u00fcr + Bruder Wolfgang<br> Maria Enzmann f\u00fcr + Schwester Elisabeth und Neffen Sebastian<br> Anton Brunner f\u00fcr + Nachbarn Christof Brenner<br><br>Appersdorf\u00a0\u00a0\u00a0\u00a0\u00a0\u00a0 <br>10.00 Uhr\u00a0\u00a0\u00a0\u00a0\u00a0\u00a0 <em>Palmweihe am Brunnen<\/em><br> Geschwister Hilz f\u00fcr\u00a0 Maria und Matthias Neuhauser<br> Familie Erwin Bachmaier f\u00fcr + Erhard Baumeister<br> Familie Ginzinger f\u00fcr + Angela Webinger<br> Krieger- und Reservistenverein f\u00fcr + Erhard Baumeister<br><br>Br\u00fcnnlberg\u00a0\u00a0\u00a0\u00a0\u00a0\u00a0\u00a0 <br><strong>14.00 Uhr\u00a0\u00a0\u00a0\u00a0\u00a0\u00a0\u00a0\u00a0 Jugendkreuzweg<\/strong><\/p>\n","protected":false},"excerpt":{"rendered":"<p>Mittwoch, 03.04.\u00a0\u00a0\u00a0\u00a0\u00a0\u00a0\u00a0\u00a0\u00a0\u00a0\u00a0\u00a0\u00a0\u00a0\u00a0\u00a0\u00a0\u00a0\u00a0 Haunsbach\u00a0\u00a0\u00a0\u00a0\u00a0\u00a0 19.00 Uhr\u00a0\u00a0\u00a0\u00a0\u00a0\u00a0 Adolf Lindner f\u00fcr + Eltern und Geschwister Familie Zenta Haltmeier f\u00fcr + Alois Haltmeier z. St.zeit Franz Spitzauer, B\u00f6ham f\u00fcr + Cousin Erhard Baumeister Maria Rottm\u00fcller f\u00fcr + Cousin Erhard Baumeister\u00a0\u00a0\u00a0\u00a0\u00a0\u00a0\u00a0\u00a0\u00a0\u00a0\u00a0\u00a0\u00a0\u00a0\u00a0\u00a0\u00a0\u00a0\u00a0\u00a0\u00a0\u00a0 16.00 Uhr\u00a0\u00a0\u00a0\u00a0\u00a0\u00a0 Ausgabe der Kommunionkleidung Samstag, 06.04.\u00a0\u00a0\u00a0\u00a0\u00a0\u00a0\u00a0\u00a0\u00a0\u00a0\u00a0\u00a0\u00a0\u00a0\u00a0\u00a0\u00a0\u00a0\u00a0 V o r a b e n d g o t t &hellip; <a href=\"https:\/\/www.pfarrei-elsendorf.de\/content\/gottesdienstordnung-vom-03-04-2019-14-04-2019\/\" class=\"more-link\"><span class=\"screen-reader-text\">Gottesdienstordnung vom 03.04.2019 \u2013 14.04.2019<\/span> weiterlesen <span class=\"meta-nav\">&rarr;<\/span><\/a><\/p>\n","protected":false},"author":1,"featured_media":0,"comment_status":"closed","ping_status":"closed","sticky":false,"template":"","format":"standard","meta":{"footnotes":""},"categories":[1,9],"tags":[],"class_list":["post-517","post","type-post","status-publish","format-standard","hentry","category-allgemein","category-archiv"],"_links":{"self":[{"href":"https:\/\/www.pfarrei-elsendorf.de\/content\/wp-json\/wp\/v2\/posts\/517","targetHints":{"allow":["GET"]}}],"collection":[{"href":"https:\/\/www.pfarrei-elsendorf.de\/content\/wp-json\/wp\/v2\/posts"}],"about":[{"href":"https:\/\/www.pfarrei-elsendorf.de\/content\/wp-json\/wp\/v2\/types\/post"}],"author":[{"embeddable":true,"href":"https:\/\/www.pfarrei-elsendorf.de\/content\/wp-json\/wp\/v2\/users\/1"}],"replies":[{"embeddable":true,"href":"https:\/\/www.pfarrei-elsendorf.de\/content\/wp-json\/wp\/v2\/comments?post=517"}],"version-history":[{"count":1,"href":"https:\/\/www.pfarrei-elsendorf.de\/content\/wp-json\/wp\/v2\/posts\/517\/revisions"}],"predecessor-version":[{"id":518,"href":"https:\/\/www.pfarrei-elsendorf.de\/content\/wp-json\/wp\/v2\/posts\/517\/revisions\/518"}],"wp:attachment":[{"href":"https:\/\/www.pfarrei-elsendorf.de\/content\/wp-json\/wp\/v2\/media?parent=517"}],"wp:term":[{"taxonomy":"category","embeddable":true,"href":"https:\/\/www.pfarrei-elsendorf.de\/content\/wp-json\/wp\/v2\/categories?post=517"},{"taxonomy":"post_tag","embeddable":true,"href":"https:\/\/www.pfarrei-elsendorf.de\/content\/wp-json\/wp\/v2\/tags?post=517"}],"curies":[{"name":"wp","href":"https:\/\/api.w.org\/{rel}","templated":true}]}}