{"id":521,"date":"2019-04-12T20:54:25","date_gmt":"2019-04-12T18:54:25","guid":{"rendered":"http:\/\/www.pfarrei-elsendorf.de\/content\/?p=521"},"modified":"2019-06-01T14:55:34","modified_gmt":"2019-06-01T12:55:34","slug":"gottesdienstordnung-vom-15-04-2019-05-05-2019","status":"publish","type":"post","link":"https:\/\/www.pfarrei-elsendorf.de\/content\/gottesdienstordnung-vom-15-04-2019-05-05-2019\/","title":{"rendered":"Gottesdienstordnung vom 15.04.2019 \u2013 05.05.2019"},"content":{"rendered":"\n<p><em><strong>Wir feiern Gottesdienst:<\/strong><\/em><\/p>\n\n\n\n<p><strong>Donnerstag, 18.04.\u00a0\u00a0\u00a0\u00a0\u00a0\u00a0\u00a0\u00a0\u00a0\u00a0\u00a0\u00a0\u00a0\u00a0\u00a0 Gr\u00fcndonnerstag<\/strong><br>Elsendorf\u00a0\u00a0\u00a0\u00a0\u00a0\u00a0\u00a0\u00a0 <br><strong>19.00 Uhr<\/strong>\u00a0\u00a0\u00a0\u00a0\u00a0 f\u00fcr die Priester und Ordensangeh\u00f6rigen aus den Pfarreien Appersdorf, Elsendorf und der Expositur Berghausen<br> Brigitte Singerl f\u00fcr + Vater<br> Andreas W\u00fcrfl f\u00fcr + Jakob Kellerer<br> Alfons Kirzinger f\u00fcr + Ehefrau Magdalena<br><em>anschlie\u00dfend ist die Kirche f\u00fcr die Teilnahme an der <strong>&#8222;Osterwache&#8220;<\/strong> ge\u00f6ffnet<\/em><br><em>Bitte die Teilnahme in die aufliegende Liste eintragen.<\/em><br><br><strong>Freitag, 19.04.\u00a0\u00a0\u00a0\u00a0\u00a0\u00a0\u00a0\u00a0\u00a0\u00a0\u00a0\u00a0\u00a0\u00a0\u00a0\u00a0\u00a0\u00a0\u00a0\u00a0\u00a0\u00a0 KARFREITAG<\/strong><br>Elsendorf\u00a0\u00a0\u00a0\u00a0\u00a0\u00a0\u00a0\u00a0 \u00a0 <br>9.00 Uhr\u00a0\u00a0\u00a0\u00a0\u00a0\u00a0 Kreuzwegandacht <br>15.00 Uhr\u00a0\u00a0\u00a0\u00a0\u00a0\u00a0 Die Feier vom Leiden und Sterben Christi<br><br>Appersdorf\u00a0\u00a0\u00a0\u00a0\u00a0\u00a0 <br>16.00 Uhr\u00a0\u00a0\u00a0\u00a0\u00a0\u00a0 Die Feier vom Leiden und Sterben Christi<br><br><strong>Samstag, 20.04.\u00a0\u00a0\u00a0\u00a0\u00a0\u00a0\u00a0\u00a0\u00a0\u00a0\u00a0\u00a0\u00a0\u00a0\u00a0\u00a0\u00a0\u00a0\u00a0 Karsamstag<\/strong><br>Elsendorf\u00a0\u00a0\u00a0\u00a0\u00a0\u00a0\u00a0\u00a0 <br><strong>20.30 Uhr<\/strong>\u00a0\u00a0\u00a0\u00a0\u00a0 <strong>O s t e r n a c h t f e i e r <\/strong>\u00a0<em>mit Speisenweihe<\/em> Familie Sebastian Gebendorfer f\u00fcr + Georg und Gertraud Greis<br> Familie Georg Brunner f\u00fcr + Eltern<br> <em>musik. Gestaltung: Kirchenchor<\/em><br><br><strong>Sonntag, 21.04.\u00a0\u00a0\u00a0\u00a0\u00a0\u00a0\u00a0 HOCHFEST DER AUFERSTEHUNG DES HERRN<\/strong><br>Appersdorf\u00a0\u00a0\u00a0\u00a0\u00a0\u00a0 \u00a0 <br>6.00 Uhr\u00a0\u00a0\u00a0\u00a0\u00a0\u00a0 <strong>O s t e r n a c h t f e i e r <\/strong>\u00a0<em>mit Speisenweihe<\/em> <br> Leonhard Br\u00fccklmaier f\u00fcr Mutter z. Sttg.<br> Adolf Lindner f\u00fcr + Wenzel Prix<br><br>Berghausen\u00a0\u00a0\u00a0\u00a0\u00a0 <br><strong>10.00 Uhr<\/strong>\u00a0\u00a0\u00a0\u00a0\u00a0 <em>mit Speisenweihe<\/em> <br> Familie Liedl f\u00fcr + Ehemann und Vater<br> Familie Schinagl f\u00fcr + Angeh\u00f6rige<br> Irmgard Gschl\u00f6\u00dfl f\u00fcr + Gro\u00dfeltern und + Paten<br> Erwin Weiher f\u00fcr + Vater Anton Weiher<br> Irmgard Gschl\u00f6\u00dfl f\u00fcr + Eltern und Schwester K\u00e4thi<br> Helmut Kramschuster f\u00fcr + Eltern<br><br><strong>Montag, 22.04.\u00a0\u00a0\u00a0\u00a0\u00a0\u00a0\u00a0\u00a0\u00a0\u00a0\u00a0\u00a0\u00a0\u00a0\u00a0\u00a0\u00a0\u00a0\u00a0\u00a0\u00a0 OSTERMONTAG<\/strong><br>Elsendorf\u00a0\u00a0\u00a0\u00a0\u00a0\u00a0\u00a0\u00a0 <br><strong>10.00 Uhr<\/strong>\u00a0\u00a0\u00a0\u00a0\u00a0 F a m i l i e n g o t t e s d i e n s t<br> Rosi Niederhammer f\u00fcr + Vater<br> Maria Brunner f\u00fcr + Ehemann und Vater<br> Isidori Bruderschaft f\u00fcr + Betty Wendl<br> Familie Kellerer f\u00fcr + Georg Schretzlmeier<br> <em>musik. Gestaltung. Elsendorfer Kirchenspatzen<\/em><br><br>Appersdorf\u00a0\u00a0\u00a0\u00a0\u00a0\u00a0 <br>10.00 Uhr\u00a0\u00a0\u00a0\u00a0\u00a0\u00a0 Melanie Bauer f\u00fcr + Angela Webinger<br><br><strong>Mittwoch, 24.04.\u00a0\u00a0\u00a0\u00a0\u00a0\u00a0\u00a0\u00a0\u00a0\u00a0\u00a0\u00a0\u00a0\u00a0\u00a0\u00a0\u00a0\u00a0\u00a0 Mittwoch der Osteroktav<\/strong><br>Schlo\u00dfkapelle\u00a0 <br>19.00 Uhr\u00a0\u00a0\u00a0\u00a0\u00a0\u00a0 <strong>Patrozinium<\/strong> <br> Familie Zierer f\u00fcr die + Schlo\u00dfbewohner<br> Enkelkinder f\u00fcr + Oma und Opa\u00a0 Dettenhofer<br> Dietmar M\u00fcller f\u00fcr + Tante Emi<br> Familie Hausler f\u00fcr + Regina Weiher<br> Familie Ingrid H\u00f6lzl f\u00fcr Vater Georg Dettenhofer z. Sttg.<br><br><strong>Donnerstag, 25.04.\u00a0\u00a0\u00a0\u00a0\u00a0\u00a0\u00a0\u00a0\u00a0\u00a0\u00a0\u00a0\u00a0\u00a0\u00a0 Donnerstag der Osteroktav<\/strong><br>Appersdorf \/ Meilenhofen\u00a0\u00a0\u00a0\u00a0\u00a0\u00a0\u00a0 <br><strong>Markusprozession <\/strong>Abgang 19 Uhr<br><br>Haunsbach\u00a0\u00a0\u00a0\u00a0\u00a0\u00a0 <br><strong>19.40 Uhr<\/strong>\u00a0\u00a0\u00a0\u00a0\u00a0 Familie Brunner, Au f\u00fcr + Andreas und Maria Krojer<br> Irmgard Landgraf f\u00fcr + Vater<br> Agnes Schlemmer f\u00fcr + Ehemann<br> Familie Bernhard Maier f\u00fcr + Eltern<br> Fam. Bernhard Maier f\u00fcr + Schwester und Neffen Alfred<br><br><strong>Samstag, 27.04.\u00a0\u00a0\u00a0\u00a0\u00a0\u00a0\u00a0\u00a0\u00a0\u00a0\u00a0\u00a0\u00a0\u00a0\u00a0\u00a0\u00a0\u00a0\u00a0  V o r a b e n d g o t t e s d i e n s t<\/strong><br>Elsendorf\u00a0\u00a0\u00a0\u00a0\u00a0\u00a0\u00a0\u00a0 <br>19.00 Uhr\u00a0\u00a0\u00a0\u00a0\u00a0\u00a0 Familie Reiter f\u00fcr + Eltern und Geschwister<br> Familie Franziska Maurer f\u00fcr + Ehemann und Vater<br> Elfriede Faltermeier f\u00fcr + Tante Anni<br> Martha Forster f\u00fcr + Ehemann und + Bruder<br> Kinder f\u00fcr + Mutter Magdalena Kirzinger<br> Familie Neubauer f\u00fcr + Thomas Neubauer<br> Familie Inzenhofer f\u00fcr + Betty Wendl<br> Marianne Wagner, R f\u00fcr + Ehemann<br><br><strong>Sonntag, 28.04.\u00a0\u00a0 2. SONNTAG DER OSTERZEIT &#8211; Wei\u00dfer Sonntag<\/strong><br>Appersdorf\u00a0\u00a0\u00a0\u00a0\u00a0\u00a0 <br>10.00 Uhr\u00a0\u00a0\u00a0\u00a0\u00a0\u00a0 Kinder f\u00fcr Josef Rienm\u00fcller z. Sttg<br> Geschwister Hilz f\u00fcr + Gertraud Hilz<br> Melanie Bauer f\u00fcr + Ehemann Herbert, Eltern und 2 Schwestern<br> Geschwister Gr\u00fcnberger f\u00fcr Vater z. Sttg.<br><br><strong>Dienstag, 30.04.\u00a0\u00a0\u00a0\u00a0\u00a0\u00a0\u00a0\u00a0\u00a0\u00a0\u00a0\u00a0\u00a0\u00a0\u00a0\u00a0\u00a0\u00a0\u00a0 Hl. Pius V., Papst<\/strong><br>Elsendorf\u00a0\u00a0\u00a0\u00a0\u00a0\u00a0\u00a0\u00a0 <br>19.00 Uhr\u00a0\u00a0\u00a0\u00a0\u00a0\u00a0 Anna Sp\u00f6ckner f\u00fcr + Betty Wendl<br> Hermine Fellner f\u00fcr + Jakob Kellerer<br> Marika Amesreiter f\u00fcr + Angeh\u00f6rige<br> Familie Juliane Daser f\u00fcr + Maria Ziegler<br><br><strong>Mittwoch, 01.05.\u00a0\u00a0\u00a0\u00a0\u00a0\u00a0\u00a0\u00a0\u00a0\u00a0\u00a0\u00a0\u00a0\u00a0\u00a0\u00a0\u00a0\u00a0\u00a0 MARIA, PATRONIN DES LANDES BAYERN<\/strong><br>Maria Br\u00fcnnl\u00a0\u00a0\u00a0\u00a0 <br>19.00 Uhr\u00a0\u00a0\u00a0\u00a0\u00a0\u00a0 <strong>Maiandacht<\/strong> <br> <em>gestaltet vom KDFB<br> musik. Gestaltung Kirchenchor<\/em><br><br><strong>Donnerstag, 02.05.         Hl. Athanasius, Bischof u. hl. Sigismund, &#8211;<\/strong><br><strong>    &#8211;                                                   &#8211; M\u00e4rtyrer<\/strong><br>Meilenhofen\u00a0\u00a0\u00a0\u00a0\u00a0 <br>19.00 Uhr\u00a0\u00a0\u00a0\u00a0\u00a0\u00a0 Corinna, Andrea und Daniela f\u00fcr + Oma Elisabeth Fertl und Onkel Wast<br> Brigitte Amberger f\u00fcr + Johanna und Benno K\u00f6nig<br> Familie Gabelsberger f\u00fcr + Erwin K\u00fcfner<br> Theresia Langwieser f\u00fcr + Vater Josef Stuiber<br> Wally Oberst\u00f6tter f\u00fcr + Elisabeth Fertl<br><br><strong>Samstag, 04.05.\u00a0\u00a0\u00a0\u00a0\u00a0\u00a0\u00a0\u00a0\u00a0\u00a0\u00a0\u00a0\u00a0\u00a0\u00a0\u00a0\u00a0\u00a0\u00a0 V o r a b e n d g o t t e s d i e n s t <\/strong><br>Elsendorf\u00a0\u00a0\u00a0\u00a0\u00a0\u00a0\u00a0\u00a0 <br>11.00 Uhr\u00a0\u00a0\u00a0\u00a0\u00a0\u00a0 T a u f e Klara Bachler<br><br>Appersdorf\u00a0\u00a0\u00a0\u00a0\u00a0 <br>19.00 Uhr\u00a0\u00a0\u00a0\u00a0\u00a0\u00a0 Familie Faltermeier f\u00fcr + Simon und Maria Siegschwert<br> Geschwister Wegscheider f\u00fcr Mutter z. 25. Sttg.<br> Familie G\u00fcnther Stehr f\u00fcr + Vater Rudolf<br><br><strong>Sonntag, 05.05.\u00a0\u00a0\u00a0\u00a0\u00a0\u00a0\u00a0\u00a0\u00a0\u00a0\u00a0\u00a0\u00a0\u00a0\u00a0\u00a0\u00a0\u00a0\u00a0\u00a0 3. SONNTAG DER OSTERZEIT<\/strong><br>Elsendorf\u00a0\u00a0\u00a0\u00a0\u00a0\u00a0\u00a0\u00a0 <br>10.00 Uhr\u00a0\u00a0\u00a0\u00a0\u00a0\u00a0 <strong>Erstkommunion<br> <\/strong>Lena Baumeister f\u00fcr + Opa Hans Saule<br> Familie Helga Brunner f\u00fcr + Vater und Opa<br> Geschwister Baumeister f\u00fcr + Vater und Opa<br> Adelheid, Raimund und Fabian f\u00fcr + Schwager und Onkel Ignatz Ecker<br> <em>musik. Gestaltung Elsendorfer Kirchenspatzen<\/em><br><br><strong>Elsendorf\u00a0\u00a0\u00a0\u00a0\u00a0\u00a0\u00a0\u00a0 18.00 Uhr\u00a0\u00a0\u00a0\u00a0\u00a0\u00a0 Maiandacht<\/strong><\/p>\n","protected":false},"excerpt":{"rendered":"<p>Wir feiern Gottesdienst: Donnerstag, 18.04.\u00a0\u00a0\u00a0\u00a0\u00a0\u00a0\u00a0\u00a0\u00a0\u00a0\u00a0\u00a0\u00a0\u00a0\u00a0 Gr\u00fcndonnerstagElsendorf\u00a0\u00a0\u00a0\u00a0\u00a0\u00a0\u00a0\u00a0 19.00 Uhr\u00a0\u00a0\u00a0\u00a0\u00a0 f\u00fcr die Priester und Ordensangeh\u00f6rigen aus den Pfarreien Appersdorf, Elsendorf und der Expositur Berghausen Brigitte Singerl f\u00fcr + Vater Andreas W\u00fcrfl f\u00fcr + Jakob Kellerer Alfons Kirzinger f\u00fcr + Ehefrau Magdalenaanschlie\u00dfend ist die Kirche f\u00fcr die Teilnahme an der &#8222;Osterwache&#8220; ge\u00f6ffnetBitte die Teilnahme in die aufliegende Liste &hellip; <a href=\"https:\/\/www.pfarrei-elsendorf.de\/content\/gottesdienstordnung-vom-15-04-2019-05-05-2019\/\" class=\"more-link\"><span class=\"screen-reader-text\">Gottesdienstordnung vom 15.04.2019 \u2013 05.05.2019<\/span> weiterlesen <span class=\"meta-nav\">&rarr;<\/span><\/a><\/p>\n","protected":false},"author":1,"featured_media":0,"comment_status":"closed","ping_status":"closed","sticky":false,"template":"","format":"standard","meta":{"footnotes":""},"categories":[1,9],"tags":[],"class_list":["post-521","post","type-post","status-publish","format-standard","hentry","category-allgemein","category-archiv"],"_links":{"self":[{"href":"https:\/\/www.pfarrei-elsendorf.de\/content\/wp-json\/wp\/v2\/posts\/521","targetHints":{"allow":["GET"]}}],"collection":[{"href":"https:\/\/www.pfarrei-elsendorf.de\/content\/wp-json\/wp\/v2\/posts"}],"about":[{"href":"https:\/\/www.pfarrei-elsendorf.de\/content\/wp-json\/wp\/v2\/types\/post"}],"author":[{"embeddable":true,"href":"https:\/\/www.pfarrei-elsendorf.de\/content\/wp-json\/wp\/v2\/users\/1"}],"replies":[{"embeddable":true,"href":"https:\/\/www.pfarrei-elsendorf.de\/content\/wp-json\/wp\/v2\/comments?post=521"}],"version-history":[{"count":3,"href":"https:\/\/www.pfarrei-elsendorf.de\/content\/wp-json\/wp\/v2\/posts\/521\/revisions"}],"predecessor-version":[{"id":524,"href":"https:\/\/www.pfarrei-elsendorf.de\/content\/wp-json\/wp\/v2\/posts\/521\/revisions\/524"}],"wp:attachment":[{"href":"https:\/\/www.pfarrei-elsendorf.de\/content\/wp-json\/wp\/v2\/media?parent=521"}],"wp:term":[{"taxonomy":"category","embeddable":true,"href":"https:\/\/www.pfarrei-elsendorf.de\/content\/wp-json\/wp\/v2\/categories?post=521"},{"taxonomy":"post_tag","embeddable":true,"href":"https:\/\/www.pfarrei-elsendorf.de\/content\/wp-json\/wp\/v2\/tags?post=521"}],"curies":[{"name":"wp","href":"https:\/\/api.w.org\/{rel}","templated":true}]}}