{"id":542,"date":"2019-06-01T14:10:26","date_gmt":"2019-06-01T12:10:26","guid":{"rendered":"http:\/\/www.pfarrei-elsendorf.de\/content\/?p=542"},"modified":"2019-09-29T14:46:46","modified_gmt":"2019-09-29T12:46:46","slug":"gottesdienstordnung-vom-04-06-2019-30-06-2019","status":"publish","type":"post","link":"https:\/\/www.pfarrei-elsendorf.de\/content\/gottesdienstordnung-vom-04-06-2019-30-06-2019\/","title":{"rendered":"Gottesdienstordnung vom 04.06.2019 \u2013 30.06.2019"},"content":{"rendered":"\n<p><em>Wir feiern Gottesdienst:<\/em><\/p>\n\n\n\n<p><strong>Dienstag, 04.06<\/strong>.\u00a0\u00a0\u00a0\u00a0\u00a0\u00a0\u00a0\u00a0\u00a0\u00a0\u00a0\u00a0\u00a0\u00a0\u00a0\u00a0 <br>Horneck\u00a0\u00a0\u00a0\u00a0\u00a0\u00a0\u00a0\u00a0 <br>19.00 Uhr\u00a0\u00a0\u00a0\u00a0 Familie Stempfhuber f\u00fcr + Ignatz Ecker<br> Franz Brunner f\u00fcr + Ignatz Ecker<br> Maria Moser f\u00fcr + Eltern und + Bruder<br><br><strong>Mittwoch, 05.06.\u00a0\u00a0\u00a0\u00a0\u00a0 Hl. Bonifatius (Apostel Deutschlands)<\/strong><br>Haunsbach\u00a0\u00a0\u00a0 <br>19.00 Uhr\u00a0\u00a0\u00a0\u00a0 Familie Bachmaier f\u00fcr + Ehemann und Vater z. Sttg.<br> Migga-Stammtisch f\u00fcr + Erhard Baumeister<br> Hildegard Deml f\u00fcr + Erhard Baumeister<br> Familie Hans Baumeister f\u00fcr + Erhard Baumeister<br> Leonhard Limmer f\u00fcr + Erhard Baumeister<br><br><strong>Donnerstag, 06.06.\u00a0\u00a0\u00a0\u00a0\u00a0\u00a0\u00a0\u00a0\u00a0\u00a0\u00a0\u00a0 Hl. Norbert v. Xanten <\/strong><br>Meilenhofen\u00a0\u00a0\u00a0 <br>19.00 Uhr\u00a0\u00a0\u00a0\u00a0 Edi Br\u00fccklmaier f\u00fcr + Gro\u00dfeltern<br> Familie Langwieser f\u00fcr + Nachbarin ElisabethFertl<br> Sebastian Oberst\u00f6tter f\u00fcr + Wast Hollmayer<br> Theresia Stuiber f\u00fcr + Ehemann<br> Johann Fertl f\u00fcr + Eltern und Schwiegereltern<br><br>Samstag, 08.06.\u00a0\u00a0\u00a0\u00a0\u00a0\u00a0\u00a0\u00a0\u00a0\u00a0\u00a0\u00a0\u00a0\u00a0\u00a0\u00a0 <br>St. Anton\u00a0\u00a0\u00a0\u00a0\u00a0\u00a0\u00a0 <br>12.00 Uhr\u00a0\u00a0\u00a0\u00a0 T r a u u n g\u00a0 Matthias und Julia Kr\u00f6pfl <br><br><em><strong>Elsendorf\u00a0\u00a0\u00a0\u00a0\u00a0\u00a0\u00a0\u00a0\u00a0\u00a0\u00a0\u00a0\u00a0\u00a0\u00a0\u00a0\u00a0\u00a0\u00a0\u00a0\u00a0\u00a0\u00a0\u00a0\u00a0\u00a0\u00a0 k e i n\u00a0 \u00a0V o r a b e n d g o t t e s d i e n s t<\/strong><\/em><br><br><strong>Sonntag, 09.06.\u00a0\u00a0 \u00a0\u00a0\u00a0\u00a0\u00a0\u00a0\u00a0\u00a0\u00a0\u00a0\u00a0\u00a0\u00a0 <\/strong><br> ###     <strong>PFINGSTEN \u00a0 HOCHFEST DES HEILIGEN GEISTES<\/strong>    ###<br> <em>\u00a0\u00a0\u00a0\u00a0\u00a0\u00a0\u00a0\u00a0\u00a0\u00a0\u00a0\u00a0\u00a0\u00a0\u00a0\u00a0\u00a0\u00a0\u00a0\u00a0\u00a0\u00a0\u00a0\u00a0\u00a0\u00a0\u00a0\u00a0\u00a0\u00a0\u00a0\u00a0\u00a0\u00a0\u00a0\u00a0\u00a0\u00a0\u00a0\u00a0\u00a0\u00a0\u00a0\u00a0\u00a0\u00a0\u00a0\u00a0\u00a0\u00a0\u00a0\u00a0\u00a0\u00a0\u00a0\u00a0\u00a0\u00a0\u00a0\u00a0\u00a0\u00a0\u00a0\u00a0\u00a0\u00a0\u00a0\u00a0\u00a0\u00a0\u00a0\u00a0\u00a0\u00a0\u00a0\u00a0\u00a0\u00a0\u00a0\u00a0\u00a0<strong> Kollekte Renovabis<\/strong><\/em><br>Elsendorf\u00a0\u00a0\u00a0\u00a0\u00a0\u00a0 \u00a0 <br>9.00 Uhr\u00a0\u00a0\u00a0\u00a0 Familie Hohmann f\u00fcr + Vater Alfons Kirmaier z. Geb.<br> Familie Leonhard Inderst f\u00fcr + Franz Brunner, Mit.<br> Anton Brunner f\u00fcr + Tochter Alexandra<br> Marika Amesreiter f\u00fcr + Onkel und Oma<br><br>Appersdorf\u00a0\u00a0\u00a0\u00a0 <br>10.00 Uhr\u00a0\u00a0\u00a0\u00a0 Stiftsmesse Magdalena Weingartner f\u00fcr + Stifterin<br> Leonhard Br\u00fccklmaier f\u00fcr + Ehefrau<br><br><strong>Montag, 10.06.\u00a0\u00a0\u00a0\u00a0\u00a0\u00a0\u00a0\u00a0\u00a0\u00a0\u00a0\u00a0\u00a0\u00a0\u00a0\u00a0\u00a0\u00a0\u00a0 \u00a0\u00a0\u00a0 PFINGSTMONTAG<\/strong><br>St. Anton\u00a0\u00a0\u00a0\u00a0\u00a0\u00a0\u00a0 <strong> <\/strong><br><strong>9.00 Uhr<\/strong>\u00a0\u00a0\u00a0\u00a0 <em>Aufstellung zum Festzu<\/em>g<br><strong>9.30 Uhr\u00a0\u00a0\u00a0\u00a0 Kreiskriegerged\u00e4chtnisfeier<\/strong> <br>             <strong>  <\/strong><em><strong>mit Festprediger Pr\u00e4lat Josef Grabmeier,\u00a0 Domkapitular<\/strong><br><\/em>Kreiskriegerverband f\u00fcr die Gefallenen und Verstorbenen beider Weltkriege<br> Bauverein St. Anton f\u00fcr + Mitglieder <br> Familie Anna Lanzl f\u00fcr + Ehemann und Vater<br><br>14.00 Uhr\u00a0\u00a0\u00a0\u00a0 T a u f e<br><br>Berghausen\u00a0\u00a0 <br><strong>10.00 Uhr<\/strong>\u00a0\u00a0\u00a0 Katharina Schinagl f\u00fcr + Eltern und + Bruder<br> Gertraud Burger f\u00fcr Ehemann zum Sterbetag<br> Viktoria Niesl f\u00fcr Ehemann Norbert z. Sttg.<br> Walburga Weiher f\u00fcr + Ehemann und + Sohn Anton <br> Familie H.elmut Kramschuster f\u00fcr + Lorenz, Berta und Rudi Sedlmeier<br> Centa Haltmaier f\u00fcr + Ehemann<br><br><strong>Samstag, 15.06.\u00a0\u00a0\u00a0\u00a0\u00a0\u00a0\u00a0\u00a0\u00a0\u00a0\u00a0\u00a0\u00a0\u00a0\u00a0\u00a0 V o r a b e n d g o t t e s d i e n s t <\/strong><br>St. Anton\u00a0\u00a0\u00a0\u00a0\u00a0\u00a0\u00a0 <br>13.00 Uhr\u00a0\u00a0\u00a0\u00a0 T r a u u n g<br><br>Elsendorf\u00a0\u00a0\u00a0\u00a0\u00a0\u00a0 <br>19.00 Uhr\u00a0\u00a0\u00a0\u00a0 Familie Franziska Maurer f\u00fcr + Ehemann und Vater<br> Erika Rainer f\u00fcr + Schwiegereltern<br> Familie Georg Brunner f\u00fcr + Hermann Rainer<br><br><strong>Sonntag, 16.06.\u00a0\u00a0\u00a0\u00a0\u00a0\u00a0\u00a0\u00a0\u00a0\u00a0\u00a0\u00a0\u00a0\u00a0\u00a0\u00a0 <br>                   HOCHFEST DER HEILIGSTEN DREIFALTIGKEIT<\/strong><br>Elsendorf\u00a0\u00a0\u00a0\u00a0\u00a0\u00a0  <br>9.00 Uhr\u00a0\u00a0\u00a0\u00a0\u00a0 Familien Raab und Hohmann f\u00fcr Vater z. Sttg.<br> Christa Brummer f\u00fcr + Mutter Berta Senninger<br> Familie Anna Lanzl f\u00fcr + Nachbarin Berta Senninger<br> Familie Elfriede Haindl f\u00fcr + Ehemann und Vater<br> Elfriede Haindl f\u00fcr + Geschwister und Eltern<br> Familie Christian M\u00fcller f\u00fcr + Eltern<br><br>Appersdorf\u00a0\u00a0\u00a0\u00a0 <br>10.00 Uhr\u00a0\u00a0\u00a0\u00a0 Geschwister Hilz f\u00fcr + Eltern und Gro\u00dfeltern<br> Familie Haltmeier f\u00fcr + Alois Haltmeier z. 90. Geb.<br> Familie Josef Bauer f\u00fcr + Ehefrau und Mutti<br><br><strong>Dienstag, 18.06.\u00a0\u00a0\u00a0\u00a0\u00a0\u00a0\u00a0\u00a0\u00a0\u00a0\u00a0\u00a0\u00a0\u00a0\u00a0\u00a0 <\/strong><br>St. Anton\u00a0\u00a0\u00a0\u00a0\u00a0\u00a0\u00a0 <br>19.00 Uhr\u00a0\u00a0\u00a0\u00a0 <strong>P a t r o z i n i u m <br> <\/strong>Geschwister Dettenhofer f\u00fcr + Anton Wagner<br> Gerlinde Mehrl zu Ehren des hl. Antonius<br> Familie Thea Steiger f\u00fcr + Vater und Opa z. Nam.<br> Renate Hollmayer f\u00fcr + Anton Haindl<br> Lidwina Amesreiter zu Ehren des hl. Antonius<br><br><strong>Mittwoch, 19.06.\u00a0\u00a0\u00a0\u00a0\u00a0\u00a0\u00a0\u00a0\u00a0\u00a0\u00a0\u00a0\u00a0\u00a0\u00a0\u00a0  <\/strong><br>Haunsbach\u00a0\u00a0\u00a0 <br>19.00 Uhr\u00a0\u00a0\u00a0\u00a0 Ida Wagner f\u00fcr + Ehemann und Vater<br> Leonhard Limmer f\u00fcr + Eltern und Stiefvater<br> Reinhilde Huber, Owb. f\u00fcr + Genoveva Ruf<br> Familie Haltmeier f\u00fcr Andreas und Maria Krojer<br> Agnes und Josef Thalmair f\u00fcr + Gro\u00dfeltern und Verwandte bds.<br><br><strong>Donnerstag, 20.06. <\/strong><br>       &#8211;  <strong>HOCHFEST DES LEIBES UND BLUTES CHRISTI \u00a0\u00a0 Fronleichnam<\/strong><br>Elsendorf\u00a0\u00a0\u00a0\u00a0\u00a0\u00a0 \u00a0 <br>9.00 Uhr\u00a0\u00a0\u00a0\u00a0 Leni Jofer f\u00fcr + Bruder Thomas und Schw\u00e4gerin Kathi<br> Gundi Weingartner f\u00fcr + Ehemann Leonhard<br> Familie W\u00fcrfl f\u00fcr + Anna und Johann Loibl<br> anschl. <strong><em>F r o n l e i c h n a m s p r o z e s s i o n <\/em><\/strong><br> <em>musik. Gestaltung:\u00a0 Kirchenchor<\/em><br><br><strong>Samstag, 22.06.\u00a0\u00a0\u00a0\u00a0\u00a0\u00a0\u00a0\u00a0\u00a0\u00a0\u00a0\u00a0\u00a0\u00a0\u00a0\u00a0 V o r a b e n d g o t t e s d i e n s t<\/strong><br>Berghausen\u00a0\u00a0 <br><strong>18.00 Uhr<\/strong>\u00a0\u00a0\u00a0 Fam. Haas f\u00fcr Eltern z. Sttg.<br> Anna Liedl f\u00fcr + Schwester Klara<br> Marlene Prummer f\u00fcr + Vater Florian Langwieser<br> Familie Ludwig Gschl\u00f6\u00dfl f\u00fcr + Josef und Leni Amberger <br> Erwin Weiher f\u00fcr Hermann Hainzlmaier<br> Gertraud Burger f\u00fcr + Eltern und Geschwister<br> anschl. F r o n l e i c h n a m s p r o z e s s i o n<br><br>Pandurenberg\u00a0 <br>19.00 Uhr\u00a0\u00a0 CSU f\u00fcr + Mitglieder<br> Marianne Ecker f\u00fcr + Eltern bds. und + Schwager<br> Familie Schwanner f\u00fcr + Erich Lindner<br> Alfred Hofbauer f\u00fcr + Mutter und + Gro\u00dfeltern<br> <em>Segnung des Johannisfeuers<\/em><br><br><strong>Sonntag, 23.06.\u00a0\u00a0\u00a0\u00a0\u00a0\u00a0\u00a0 12. SONNTAG IM JAHRESKREIS<\/strong><br>Appersdorf\u00a0\u00a0\u00a0\u00a0 \u00a0 <br><strong>9.00 Uhr<\/strong>\u00a0\u00a0\u00a0 Leonhard Br\u00fccklmaier f\u00fcr + Erhard Baumeister<br> Therese Gabelsberger f\u00fcr + Bruder<br> Geschwister Oberhofer f\u00fcr Bruder Georg z. Sttg<br> Familie Hilz f\u00fcr + Johann Mirlach<br> anschl. F r o n l e i c h n a m s p r o z e s s i o n<br><br>Elsendorf\u00a0\u00a0\u00a0\u00a0\u00a0\u00a0 <br><strong>14.00 Uhr<\/strong>\u00a0\u00a0\u00a0 Magda und Marco Lindner f\u00fcr + Erich Lindner, Adolf Gerzer und Verwandte<br> Familie Inderst f\u00fcr Wolfgang z. Sttg.<br> Rita Huber f\u00fcr Ehemann und Vater<br> Familie J. Kallm\u00fcnzer f\u00fcr + Erich Lindner<br><br><strong>Pfarrgarten\u00a0\u00a0\u00a0<\/strong>\u00a0 <strong>P f a r r f e s t<\/strong> <br><br><strong>Dienstag, 25.06.\u00a0\u00a0\u00a0<\/strong>\u00a0\u00a0\u00a0\u00a0\u00a0\u00a0\u00a0\u00a0\u00a0\u00a0\u00a0\u00a0\u00a0 <br>Johanneskapelle <br>19.00 Uhr\u00a0\u00a0 <strong>P a t r o z i n i u m <\/strong><br> Silvia Fischer f\u00fcr + Vater und + Schwiegereltern<br> Otto Wendl f\u00fcr + Tante Betty Wendl<br> Veronika Wendl f\u00fcr + Oma und Opa Katharina und Alfons Knogler<br> Familie Wendl f\u00fcr + Jakob Kellerer<br><br><strong>Donnerstag, 27.06.\u00a0\u00a0\u00a0\u00a0\u00a0\u00a0\u00a0\u00a0\u00a0\u00a0\u00a0\u00a0  <\/strong><br>Meilenhofen\u00a0\u00a0\u00a0 <br>19.00 Uhr\u00a0\u00a0\u00a0\u00a0 Familie Oberst\u00f6tter f\u00fcr + Elisabeth Fertl, Johanna und Wast<br> Johann Fertl f\u00fcr + Sebastian Oberst\u00f6tter<br> Anna Frank f\u00fcr + Ehemann<br> Franz Stuiber f\u00fcr + Vater<br><br><strong>Freitag, 28.06.\u00a0\u00a0\u00a0\u00a0\u00a0\u00a0\u00a0\u00a0\u00a0\u00a0\u00a0\u00a0\u00a0\u00a0\u00a0\u00a0\u00a0\u00a0\u00a0 HERZ-JESU-FEST<\/strong><br>Elsendorf\u00a0\u00a0\u00a0\u00a0\u00a0\u00a0 <br>15.30 Uhr\u00a0\u00a0\u00a0\u00a0 <strong>Sch\u00fclergottesdienst <\/strong><em>mit der Bastelgruppe<br> <\/em>Stiftsmesse Josefa Bauer f\u00fcr Amalie Bauer<br><br><strong>Samstag, 29.06.\u00a0\u00a0  \u00a0 V o r a b e n d g o t t e s d i e n s t \u00a0\u00a0<\/strong><em><strong>Koll.\u00a0 Pfarrbrief<\/strong><\/em><br>Elsendorf\u00a0\u00a0\u00a0\u00a0\u00a0\u00a0 <br>19.00 Uhr\u00a0\u00a0\u00a0\u00a0 Stiftsmesse Josef Stempfhuber f\u00fcr + Ludwig Donaubauer<br> Franz und Maria f\u00fcr + Vater Sebastian Ziegler<br> Adalbert und Hermine Gallmaier zum Dank<br> Familie Monika M\u00fcller f\u00fcr + Vater<br> Rita Wagner f\u00fcr + Ehemann Franz<br><br><strong>Sonntag, 30.06.\u00a0\u00a0\u00a0\u00a0\u00a0\u00a0\u00a0\u00a0\u00a0\u00a0\u00a0\u00a0\u00a0\u00a0\u00a0\u00a0\u00a0 13. SONNTAG IM JAHRESKREIS\u00a0\u00a0 <\/strong><br>                           &#8212;    <em><strong>Koll.<\/strong> Pfarrbrief<\/em><br>Berghausen\u00a0\u00a0 \u00a0 <br>9.00 Uhr\u00a0\u00a0\u00a0\u00a0 Hans und Sieglinde Ertlmeier f\u00fcr + Ludwig Dasch<br> Sophie Amberger f\u00fcr + Angeh\u00f6rige<br> Centa Haltmaier f\u00fcr + Eltern<br> Georg Sirl f\u00fcr + Schwestern<br> Familie Ludwig Niesl f\u00fcr + Norbert Niesl<br> Josef Gschl\u00f6\u00dfl sen. f\u00fcr + Eltern und Bruder Anton<br><br>Appersdorf\u00a0\u00a0\u00a0\u00a0 <br>10.00 Uhr\u00a0\u00a0\u00a0\u00a0 <strong>P a t r o z i n i u m <\/strong>\u00a0<br> FFW Appersdorf f\u00fcr + Mitglieder \u00a0\u00a0\u00a0\u00a0\u00a0\u00a0\u00a0\u00a0\u00a0\u00a0\u00a0\u00a0\u00a0\u00a0\u00a0\u00a0\u00a0\u00a0\u00a0\u00a0\u00a0\u00a0\u00a0 <br>Rosa Stanglmair f\u00fcr + Schwester und + 2 Schw\u00e4ger<br> Inge und Monika Bachmeier f\u00fcr + Eltern<br> Gabi und Familie Erwin Thomas f\u00fcr + Eltern <\/p>\n","protected":false},"excerpt":{"rendered":"<p>Wir feiern Gottesdienst: Dienstag, 04.06.\u00a0\u00a0\u00a0\u00a0\u00a0\u00a0\u00a0\u00a0\u00a0\u00a0\u00a0\u00a0\u00a0\u00a0\u00a0\u00a0 Horneck\u00a0\u00a0\u00a0\u00a0\u00a0\u00a0\u00a0\u00a0 19.00 Uhr\u00a0\u00a0\u00a0\u00a0 Familie Stempfhuber f\u00fcr + Ignatz Ecker Franz Brunner f\u00fcr + Ignatz Ecker Maria Moser f\u00fcr + Eltern und + Bruder Mittwoch, 05.06.\u00a0\u00a0\u00a0\u00a0\u00a0 Hl. Bonifatius (Apostel Deutschlands)Haunsbach\u00a0\u00a0\u00a0 19.00 Uhr\u00a0\u00a0\u00a0\u00a0 Familie Bachmaier f\u00fcr + Ehemann und Vater z. Sttg. Migga-Stammtisch f\u00fcr + Erhard Baumeister Hildegard Deml f\u00fcr + Erhard &hellip; <a href=\"https:\/\/www.pfarrei-elsendorf.de\/content\/gottesdienstordnung-vom-04-06-2019-30-06-2019\/\" class=\"more-link\"><span class=\"screen-reader-text\">Gottesdienstordnung vom 04.06.2019 \u2013 30.06.2019<\/span> weiterlesen <span class=\"meta-nav\">&rarr;<\/span><\/a><\/p>\n","protected":false},"author":1,"featured_media":0,"comment_status":"closed","ping_status":"closed","sticky":false,"template":"","format":"standard","meta":{"footnotes":""},"categories":[1,9],"tags":[],"class_list":["post-542","post","type-post","status-publish","format-standard","hentry","category-allgemein","category-archiv"],"_links":{"self":[{"href":"https:\/\/www.pfarrei-elsendorf.de\/content\/wp-json\/wp\/v2\/posts\/542","targetHints":{"allow":["GET"]}}],"collection":[{"href":"https:\/\/www.pfarrei-elsendorf.de\/content\/wp-json\/wp\/v2\/posts"}],"about":[{"href":"https:\/\/www.pfarrei-elsendorf.de\/content\/wp-json\/wp\/v2\/types\/post"}],"author":[{"embeddable":true,"href":"https:\/\/www.pfarrei-elsendorf.de\/content\/wp-json\/wp\/v2\/users\/1"}],"replies":[{"embeddable":true,"href":"https:\/\/www.pfarrei-elsendorf.de\/content\/wp-json\/wp\/v2\/comments?post=542"}],"version-history":[{"count":2,"href":"https:\/\/www.pfarrei-elsendorf.de\/content\/wp-json\/wp\/v2\/posts\/542\/revisions"}],"predecessor-version":[{"id":544,"href":"https:\/\/www.pfarrei-elsendorf.de\/content\/wp-json\/wp\/v2\/posts\/542\/revisions\/544"}],"wp:attachment":[{"href":"https:\/\/www.pfarrei-elsendorf.de\/content\/wp-json\/wp\/v2\/media?parent=542"}],"wp:term":[{"taxonomy":"category","embeddable":true,"href":"https:\/\/www.pfarrei-elsendorf.de\/content\/wp-json\/wp\/v2\/categories?post=542"},{"taxonomy":"post_tag","embeddable":true,"href":"https:\/\/www.pfarrei-elsendorf.de\/content\/wp-json\/wp\/v2\/tags?post=542"}],"curies":[{"name":"wp","href":"https:\/\/api.w.org\/{rel}","templated":true}]}}