{"id":545,"date":"2019-06-01T14:14:15","date_gmt":"2019-06-01T12:14:15","guid":{"rendered":"http:\/\/www.pfarrei-elsendorf.de\/content\/?p=545"},"modified":"2019-09-29T14:47:46","modified_gmt":"2019-09-29T12:47:46","slug":"messintentionen-und-mitteilungsblatt-bis-30-06-2019","status":"publish","type":"post","link":"https:\/\/www.pfarrei-elsendorf.de\/content\/messintentionen-und-mitteilungsblatt-bis-30-06-2019\/","title":{"rendered":"Messintentionen und Mitteilungsblatt bis 30.06.2019"},"content":{"rendered":"\n<p><strong>Elsendorfer Kirchenspatzen<\/strong><br><strong> F<\/strong>reitag, 7.6.       <br>16.15\u2013 17.15 Uhr   Singstunde im Pfarrheim<br><strong>S<\/strong>onntag, 23.6.     <br>Verkauf alkoholfreier Cocktails beim Pfarrfest lt. dem verteilten  Arbeitsplan<br><br><strong>Kirchenchor<\/strong><br><strong>M<\/strong>ontag, 17.6.        <br>19.30 Uhr Singstunde in der Pfarrkirche<br><strong>D<\/strong>onnerstag, 20.6.    <br>Beteiligung an der Fronleichnamsprozession<br><br><strong>Die Krankenkommunion <\/strong>bringt Pfarrer Albert Vogl <br> am <strong>6. Juni <\/strong>zu den angemeldeten Pfarrangeh\u00f6rigen.<br><br><strong>Erstkommunionkinder 2019<\/strong><br><strong>B<\/strong>ei den Fronleichnamsprozessionen begleiten die Kinder das Allerheiligste in der Kommunionkleidung, gerne mit Blumen, jedoch ohne Kerze, in der Regel in der Wohnsitzpfarrei.<br><strong><em>Abgabe der Kommunionkleid<\/em>ung<\/strong><br><strong>A<\/strong>m Mittwoch, den 26.6. um 16 Uhr bitten wir die Kommunionkleidung im Pfarrheim abzugeben. Brigitte Amberger und ihren Helferinnen danken wir, dass sie sich auch heuer um die Kommunionkleidung gek\u00fcmmert haben.<br><br><strong>Kinderbastelgruppe<\/strong><br><strong>A<\/strong>m Freitag, 28.6. sind um 14.15 Uhr Kinder zur Bastelstunde im Pfarrheim willkommen. Anschlie\u00dfend nehmen sie gemeinsam mit den Betreuerinnen am Sch\u00fclergottesdienst teil.<br><br><strong>Pfarrbrief<\/strong><br> <strong>F<\/strong>\u00fcr die Herstellung des Gottesdienstanzeigers ist auch ein gewisser finanzieller Aufwand n\u00f6tig. Wir bitten Sie deshalb, dazu bei den Kollekten am 29. und 30. Juni beizutragen, bzw. wenn Sie an den Gottesdiensten nicht teilnehmen k\u00f6nnen, uns eine kleine Spende zukommen zu lassen. Bei dieser Gelegenheit danken wir all unseren flei\u00dfigen und zuverl\u00e4ssigen ehrenamtlichen Pfarrbriefaustr\u00e4gern, die Ihnen jeden Pfarrbrief bis nach Hause bringen. Falls dies einmal nicht m\u00f6glich w\u00e4re, k\u00f6nnen Sie einen Gottesdienstanzeiger in der Pfarrkirche Elsendorf am Schriftenstand abholen.<br><br><strong>D<\/strong>ie <strong>Kirchenrechnung Elsendorf 2018<\/strong> liegt von 1.6. bis 15.6. im Pfarramt zur Einsicht aus.<br><br><strong>Fronleichnamsprozessionen<\/strong><br> <strong>D<\/strong>ie Prozessionswege sind unver\u00e4ndert. Bei sch\u00f6nem Wetter bitten wir die Anlieger die Prozessionswege zu schm\u00fccken. Pfarrer Albert Vogl l\u00e4dt alle Gl\u00e4ubigen  und die Vereine mit ihren Fahnenabordnungen zur Teilnahme ein.  Die Prozessionen enden in den Pfarrkirchen.  Die Feuerwehren werden wieder die Absicherung der Z\u00fcge \u00fcbernehmen.<br><br><strong>Pfarrfest<\/strong><br><strong> A<\/strong>m Sonntag, den 23. Juni sind Jedermann und Jedefrau, <br> Alt und Jung, ab 15 Uhr zum Pfarrfest im Pfarrgarten <br> herzlich willkommen. <br> Der Pfarrgemeinderat hat alles organisiert, auch eine H\u00fcpfburg f\u00fcr die Kinder, der Frauenbund k\u00fcmmert sich um ein Kuchenbuffet, die Kirchenspatzen bieten ihre alkoholfreien Cocktails an und die &#8222;nah und gut Lonati&#8220; \u2013 Tombola ist sicher wieder ein Highlight.  Freuen wir uns also auf einen geselligen Nachmittag unter den alten B\u00e4umen im Pfarrgarten.<br><br><strong>Pfarrb\u00fcro<\/strong><br> <strong>D<\/strong>as Pfarrb\u00fcro  ist w\u00e4hrend der 1. Ferienwoche nach Pfingsten  nicht besetzt.           ___________________________________________________________________<\/p>\n\n\n\n<p>Katholisches Pfarramt Elsendorf<br>Mainburger Stra\u00dfe 1<br>84094 Elsendorf<br>Telefon: 08753\/245<br>Fax: 08753\/910498<br>e-mail: pfarramt\u201cat\u201celsendorf.de<br>www.pfarrei-elsendorf.de<br>B\u00fcrozeiten:<br>Dienstag 8 Uhr \u2013 12 Uhr<br>Freitag 15 Uhr \u2013 17 Uhr<\/p>\n\n\n\n<p>                                                                                                                <\/p>\n","protected":false},"excerpt":{"rendered":"<p>Elsendorfer Kirchenspatzen Freitag, 7.6. 16.15\u2013 17.15 Uhr Singstunde im PfarrheimSonntag, 23.6. Verkauf alkoholfreier Cocktails beim Pfarrfest lt. dem verteilten Arbeitsplan KirchenchorMontag, 17.6. 19.30 Uhr Singstunde in der PfarrkircheDonnerstag, 20.6. Beteiligung an der Fronleichnamsprozession Die Krankenkommunion bringt Pfarrer Albert Vogl am 6. Juni zu den angemeldeten Pfarrangeh\u00f6rigen. Erstkommunionkinder 2019Bei den Fronleichnamsprozessionen begleiten die Kinder das Allerheiligste &hellip; <a href=\"https:\/\/www.pfarrei-elsendorf.de\/content\/messintentionen-und-mitteilungsblatt-bis-30-06-2019\/\" class=\"more-link\"><span class=\"screen-reader-text\">Messintentionen und Mitteilungsblatt bis 30.06.2019<\/span> weiterlesen <span class=\"meta-nav\">&rarr;<\/span><\/a><\/p>\n","protected":false},"author":1,"featured_media":0,"comment_status":"closed","ping_status":"closed","sticky":false,"template":"","format":"standard","meta":{"footnotes":""},"categories":[1,9],"tags":[],"class_list":["post-545","post","type-post","status-publish","format-standard","hentry","category-allgemein","category-archiv"],"_links":{"self":[{"href":"https:\/\/www.pfarrei-elsendorf.de\/content\/wp-json\/wp\/v2\/posts\/545","targetHints":{"allow":["GET"]}}],"collection":[{"href":"https:\/\/www.pfarrei-elsendorf.de\/content\/wp-json\/wp\/v2\/posts"}],"about":[{"href":"https:\/\/www.pfarrei-elsendorf.de\/content\/wp-json\/wp\/v2\/types\/post"}],"author":[{"embeddable":true,"href":"https:\/\/www.pfarrei-elsendorf.de\/content\/wp-json\/wp\/v2\/users\/1"}],"replies":[{"embeddable":true,"href":"https:\/\/www.pfarrei-elsendorf.de\/content\/wp-json\/wp\/v2\/comments?post=545"}],"version-history":[{"count":3,"href":"https:\/\/www.pfarrei-elsendorf.de\/content\/wp-json\/wp\/v2\/posts\/545\/revisions"}],"predecessor-version":[{"id":548,"href":"https:\/\/www.pfarrei-elsendorf.de\/content\/wp-json\/wp\/v2\/posts\/545\/revisions\/548"}],"wp:attachment":[{"href":"https:\/\/www.pfarrei-elsendorf.de\/content\/wp-json\/wp\/v2\/media?parent=545"}],"wp:term":[{"taxonomy":"category","embeddable":true,"href":"https:\/\/www.pfarrei-elsendorf.de\/content\/wp-json\/wp\/v2\/categories?post=545"},{"taxonomy":"post_tag","embeddable":true,"href":"https:\/\/www.pfarrei-elsendorf.de\/content\/wp-json\/wp\/v2\/tags?post=545"}],"curies":[{"name":"wp","href":"https:\/\/api.w.org\/{rel}","templated":true}]}}