{"id":550,"date":"2019-06-30T06:34:56","date_gmt":"2019-06-30T04:34:56","guid":{"rendered":"http:\/\/www.pfarrei-elsendorf.de\/content\/?p=550"},"modified":"2019-09-29T14:46:53","modified_gmt":"2019-09-29T12:46:53","slug":"gottesdienstordnung-vom-02-07-2019-21-07-2019","status":"publish","type":"post","link":"https:\/\/www.pfarrei-elsendorf.de\/content\/gottesdienstordnung-vom-02-07-2019-21-07-2019\/","title":{"rendered":"Gottesdienstordnung vom 02.07.2019 \u2013 21.07.2019"},"content":{"rendered":"\n<p>wir feiern Gottesdiensts<br><br><strong>Dienstag, 02.07.\u00a0\u00a0\u00a0\u00a0\u00a0\u00a0\u00a0\u00a0\u00a0\u00a0\u00a0\u00a0\u00a0\u00a0\u00a0\u00a0\u00a0\u00a0\u00a0\u00a0\u00a0\u00a0\u00a0\u00a0\u00a0\u00a0\u00a0 Mari\u00e4 Heimsuchung<\/strong><br>Horneck\u00a0\u00a0\u00a0\u00a0\u00a0\u00a0\u00a0\u00a0\u00a0\u00a0\u00a0\u00a0\u00a0\u00a0 <br>19.00 Uhr\u00a0\u00a0\u00a0\u00a0\u00a0\u00a0\u00a0\u00a0\u00a0 Leni und Thomas Neubauer f\u00fcr + Verwandte bds.<br> Familie Josef Moser f\u00fcr Eltern, Geschwister und Schw\u00e4ger<br> Franz Brunner f\u00fcr + Ehefrau<br><br><strong>Mittwoch, 03.07.\u00a0\u00a0\u00a0\u00a0\u00a0\u00a0\u00a0\u00a0\u00a0\u00a0\u00a0\u00a0\u00a0\u00a0\u00a0\u00a0\u00a0\u00a0\u00a0\u00a0\u00a0\u00a0\u00a0\u00a0\u00a0\u00a0\u00a0\u00a0 Hl. Thomas, Apostel<\/strong><br>Elsendorf\u00a0\u00a0\u00a0\u00a0\u00a0\u00a0\u00a0\u00a0\u00a0\u00a0\u00a0\u00a0 <br>18.00 Uhr\u00a0\u00a0\u00a0\u00a0\u00a0\u00a0\u00a0\u00a0\u00a0 Aussegnung Alfons Kirzinger<br><br>St. Anton\u00a0\u00a0\u00a0\u00a0\u00a0\u00a0\u00a0\u00a0\u00a0\u00a0\u00a0\u00a0\u00a0 <br>19.00 Uhr\u00a0\u00a0\u00a0\u00a0\u00a0\u00a0\u00a0\u00a0\u00a0 Agnes Gabelsberger f\u00fcr + Vater Josef Huber<br> L. Amesreiter f\u00fcr +\u00a0 Eltern, Schwiegereltern und Verwandte<br> Familie Mirlach f\u00fcr + Angeh\u00f6rige<br> Renate H\u00e4ckl f\u00fcr + Vater<br><br><strong>Donnerstag, 04.07.\u00a0\u00a0 Hl. Ulrich, Bischof v. Augsburg und Hl. Elisabeth<\/strong><br>Elsendorf \u00a0\u00a0\u00a0\u00a0\u00a0\u00a0\u00a0\u00a0\u00a0\u00a0\u00a0 <br>14.30 Uhr\u00a0\u00a0\u00a0\u00a0\u00a0\u00a0\u00a0\u00a0\u00a0 Requiem f\u00fcr Alfons Kirzinger<br> anschl. Urnenbeisetzung<br><br><strong>Samstag, 06.07.\u00a0\u00a0\u00a0\u00a0\u00a0\u00a0\u00a0\u00a0\u00a0\u00a0\u00a0\u00a0\u00a0\u00a0\u00a0\u00a0\u00a0\u00a0\u00a0\u00a0\u00a0\u00a0\u00a0\u00a0\u00a0\u00a0\u00a0  <\/strong><br>Maria Br\u00fcnnl\u00a0\u00a0\u00a0\u00a0\u00a0\u00a0 \u00a0 <br>8.00 Uhr\u00a0\u00a0\u00a0\u00a0\u00a0\u00a0\u00a0\u00a0\u00a0 Gottesdienst in den Anliegen der Wallfahrer<br>18.00 Uhr\u00a0\u00a0\u00a0\u00a0\u00a0\u00a0 Marienandacht zum Beginn des Br\u00fcnnlfestes<br><br>Elsendorf\u00a0\u00a0\u00a0\u00a0\u00a0\u00a0\u00a0\u00a0\u00a0\u00a0\u00a0\u00a0 <br>19.00 Uhr\u00a0\u00a0\u00a0\u00a0\u00a0\u00a0\u00a0\u00a0\u00a0 V o r a b e n d g o t t e s d i e n s t<br> Familie Weber f\u00fcr + Johann Bachberger<br> Rita Wagner f\u00fcr die Verstorbenen der Siedlung West<br><br><strong>Sonntag, 07.07.\u00a0\u00a0\u00a0\u00a0\u00a0\u00a0\u00a0\u00a0\u00a0\u00a0\u00a0\u00a0\u00a0\u00a0\u00a0\u00a0\u00a0\u00a0\u00a0\u00a0\u00a0\u00a0\u00a0\u00a0\u00a0\u00a0\u00a0\u00a0 14. SONNTAG IM JAHRESKREIS &#8211; <\/strong><br>             <strong>#####  Br\u00fcnnlfest  #####<\/strong><br>Maria Br\u00fcnnl\u00a0\u00a0\u00a0\u00a0\u00a0\u00a0  <br>7.30 Uhr\u00a0\u00a0\u00a0\u00a0\u00a0\u00a0\u00a0\u00a0\u00a0\u00a0 Beichtgelegenheit<br>8.00 Uhr\u00a0\u00a0\u00a0\u00a0\u00a0\u00a0\u00a0\u00a0\u00a0\u00a0 Familie G\u00fcnther Stehr f\u00fcr + Mutter Elisabeth<br> Familie Br\u00fccklmaier f\u00fcr + Erhard Baumeister<br> Marianne Frank f\u00fcr + Eltern<br><br>Appersdorf\u00a0\u00a0\u00a0\u00a0\u00a0\u00a0\u00a0\u00a0\u00a0 <br>10.00 Uhr\u00a0\u00a0\u00a0\u00a0\u00a0\u00a0\u00a0\u00a0\u00a0 <strong>Festgottesdienst <\/strong><br> mit Festprediger Milit\u00e4rpfarrer Georg B\u00e4uml <br> Anna Hilz f\u00fcr + Mutter<br> Maria Knott f\u00fcr + Vater Ludwig Polz<br> Familie Erhard Baumeister f\u00fcr + Onkel Andreas<br> Familie Marion B\u00f6sl f\u00fcr + Eltern, Bruder Manfred, Schw\u00e4gerin Tanja und + Angeh\u00f6rige<br> Gundi f\u00fcr + Schwiegereltern Leonhard und Mathilde Weingartner<br> Harald Wagner f\u00fcr + Mutter<br> Josef Wagner f\u00fcr + Ehefrau<br> f\u00fcr die Muttergottes zum Dank<br> f\u00fcr die lebenden und + Wohlt\u00e4ter der Br\u00fcnnlkirche<br><br>Maria Br\u00fcnnl\u00a0\u00a0\u00a0\u00a0\u00a0\u00a0 <br>14.00 Uhr\u00a0\u00a0\u00a0\u00a0\u00a0\u00a0\u00a0\u00a0\u00a0 Mariendacht zum Abschlu\u00df des Br\u00fcnnlfestes<br><br><strong>Dienstag, 09.07.\u00a0\u00a0\u00a0\u00a0\u00a0\u00a0\u00a0\u00a0\u00a0\u00a0\u00a0\u00a0\u00a0\u00a0\u00a0\u00a0\u00a0\u00a0\u00a0 <\/strong><br>Elsendorf\u00a0\u00a0\u00a0\u00a0\u00a0\u00a0\u00a0\u00a0 <br>19.00 Uhr\u00a0\u00a0\u00a0\u00a0\u00a0\u00a0 Maria Neumaier f\u00fcr + Betty Wendl<br> Familie Enzmann f\u00fcr + Geschwister<br><br><strong>Donnerstag, 11.07.<\/strong><br>Meilenhofen\u00a0\u00a0\u00a0\u00a0\u00a0\u00a0\u00a0 <br>19.00 Uhr\u00a0\u00a0\u00a0\u00a0\u00a0\u00a0\u00a0\u00a0\u00a0 Wally Kellner f\u00fcr + Enkel Markus und + Enkelin Corinna<br> Sophie Weinberger f\u00fcr + Eltern und Bruder<br> Brigitte Amberger f\u00fcr Mutter Elisabeth Fertl z. Sttg.<br> Familie Simb\u00fcrger f\u00fcr + Ehefrau und Mutter<br> Erwin und Sylvia Frank f\u00fcr + Josepha Frank<br><br><strong>Samstag, 13.07.\u00a0\u00a0\u00a0\u00a0\u00a0\u00a0\u00a0\u00a0\u00a0\u00a0\u00a0\u00a0\u00a0\u00a0\u00a0\u00a0\u00a0\u00a0\u00a0  <\/strong><br>Haunsbach\u00a0\u00a0\u00a0\u00a0\u00a0\u00a0 <br>13.00 Uhr\u00a0\u00a0\u00a0\u00a0\u00a0\u00a0 T r a u u n g\u00a0 Andreas und Anna Hufnagl<br><br>St. Anton\u00a0\u00a0\u00a0\u00a0\u00a0\u00a0\u00a0\u00a0 <br>14.00 Uhr\u00a0\u00a0\u00a0\u00a0\u00a0\u00a0 T r a u u n g <br><br>Berghausen\u00a0\u00a0\u00a0\u00a0\u00a0 <br>18.00 Uhr\u00a0\u00a0\u00a0\u00a0\u00a0\u00a0 Familie Schw\u00e4rzer f\u00fcr + Mutter und Schwester<br> Ludwig und Maria Gschl\u00f6\u00dfl f\u00fcr + Eltern<br> Anna Sirl f\u00fcr + Eltern z. Sterbezeit<br> Walburga Weiher f\u00fcr Mutter z. Sttg.<br> Josefine Kramschuster f\u00fcr + Schwester Klara<br> Alfred Kramschuster f\u00fcr + Eltern<br><br>Elsendorf\u00a0\u00a0\u00a0\u00a0\u00a0\u00a0\u00a0\u00a0 <br>19.00 Uhr\u00a0\u00a0\u00a0\u00a0\u00a0\u00a0 Elfriede Faltermeier f\u00fcr + Schwester und Schwager<br><br><strong>Sonntag, 14.07.\u00a0\u00a0\u00a0\u00a0\u00a0\u00a0\u00a0\u00a0\u00a0\u00a0\u00a0\u00a0\u00a0\u00a0\u00a0\u00a0\u00a0\u00a0\u00a0\u00a0 15. SONNTAG IM JAHRESKREIS<\/strong><br>Elsendorf\u00a0\u00a0\u00a0\u00a0\u00a0\u00a0\u00a0\u00a0 \u00a0 <br>9.00 Uhr\u00a0\u00a0\u00a0\u00a0\u00a0\u00a0 Pfarrgottesdienst<br> Traudl Maierhofer f\u00fcr + Gro\u00dfeltern<br> Familie Thamm f\u00fcr + Sebastian und C\u00e4cilia Gebendorfer<br><br>Maria Br\u00fcnnl\u00a0\u00a0\u00a0\u00a0 <br>10.00 Uhr\u00a0\u00a0\u00a0\u00a0\u00a0\u00a0 Leonhard Br\u00fccklmaier f\u00fcr + Ehefrau<br><br><strong>Dienstag, 16.07.\u00a0\u00a0\u00a0\u00a0\u00a0\u00a0\u00a0\u00a0\u00a0\u00a0\u00a0\u00a0\u00a0\u00a0\u00a0\u00a0\u00a0\u00a0\u00a0 <\/strong><br>Elsendorf\u00a0\u00a0\u00a0\u00a0\u00a0\u00a0\u00a0\u00a0 <br>19.00 Uhr\u00a0\u00a0\u00a0\u00a0\u00a0\u00a0 Christa Saule f\u00fcr + Eltern<br><br><strong>Mittwoch, 17.07.\u00a0\u00a0\u00a0\u00a0\u00a0\u00a0\u00a0\u00a0\u00a0\u00a0\u00a0\u00a0\u00a0\u00a0\u00a0\u00a0\u00a0\u00a0\u00a0 <\/strong><br>Pfarrheim\u00a0\u00a0\u00a0\u00a0\u00a0\u00a0\u00a0\u00a0 <br>16.30 Uhr\u00a0\u00a0\u00a0\u00a0\u00a0\u00a0 K l e i n k i n d e r g o t t e s d i e n s t<br><br>Haunsbach\u00a0\u00a0\u00a0\u00a0\u00a0\u00a0 <br>19.00 Uhr\u00a0\u00a0\u00a0\u00a0\u00a0\u00a0 Familie Haltmeier f\u00fcr + Erhard Baumeister<br> Annemarie Weiher f\u00fcr Mutter Anna Sedlmeier z. Sttg.<br> Anna Hufnagl f\u00fcr + Gro\u00dfeltern<br> Ida Wagner f\u00fcr + Eltern und 3 Schwestern<br> Anna Bachmaier f\u00fcr + Erhard Baumeister<br><br><strong>Donnerstag, 18.07.\u00a0\u00a0\u00a0\u00a0\u00a0\u00a0\u00a0\u00a0\u00a0\u00a0\u00a0\u00a0\u00a0\u00a0\u00a0 <\/strong><br>Meilenhofen\u00a0\u00a0\u00a0\u00a0\u00a0 <br><strong>18.30 Uhr<\/strong>\u00a0\u00a0\u00a0\u00a0\u00a0 Hans Hutter f\u00fcr + Mutter<br><br><strong>Sportplatz<\/strong>\u00a0\u00a0\u00a0\u00a0\u00a0\u00a0\u00a0\u00a0\u00a0\u00a0\u00a0\u00a0\u00a0\u00a0\u00a0\u00a0\u00a0\u00a0\u00a0\u00a0\u00a0\u00a0\u00a0\u00a0\u00a0\u00a0 Familie Br\u00fccklmaier f\u00fcr + Resi Raab<br> Familie Wally Oberst\u00f6tter f\u00fcr + Wast Hollmayer<br> Eduard Br\u00fccklmaier f\u00fcr + Eltern<br><br><strong>Samstag, 20.07.\u00a0\u00a0\u00a0\u00a0\u00a0\u00a0\u00a0\u00a0\u00a0\u00a0\u00a0\u00a0\u00a0\u00a0\u00a0\u00a0\u00a0\u00a0\u00a0 V o r a b e n d g o t t e s d i e n s t <\/strong><br>Elsendorf\u00a0\u00a0\u00a0\u00a0\u00a0\u00a0\u00a0\u00a0 <br>11.00 Uhr\u00a0\u00a0\u00a0\u00a0\u00a0\u00a0 T a u f e Maximilian Dettenhofer<br><br>St. Anton\u00a0\u00a0\u00a0\u00a0\u00a0\u00a0\u00a0\u00a0 <br>12.00 Uhr\u00a0\u00a0\u00a0\u00a0\u00a0\u00a0 T r a u u n g \u00a0\u00a0\u00a0\u00a0\u00a0\u00a0\u00a0\u00a0 <br><br>Elsendorf\u00a0\u00a0\u00a0\u00a0\u00a0\u00a0\u00a0\u00a0 <br>19.00 Uhr\u00a0\u00a0\u00a0\u00a0\u00a0\u00a0 Familie Franz und Gerda Meister f\u00fcr + M\u00fctter bds.<br> Maria Schwertl f\u00fcr + Eltern, Bruder und Verwandte<br> Helga Inzenhofer f\u00fcr Maria Haage z. Sttg.<br> Familie Erika Rainer f\u00fcr + Hermann Rainer<br> Brigitte Mirlach f\u00fcr Mutter z. Sttg.<br> Familie Rainer f\u00fcr + Ehemann und Vater<br><br><strong>Sonntag, 21.07.\u00a0\u00a0\u00a0\u00a0\u00a0\u00a0\u00a0\u00a0\u00a0\u00a0\u00a0\u00a0\u00a0\u00a0\u00a0\u00a0\u00a0\u00a0\u00a0\u00a0 16. SONNTAG IM JAHRESKREIS<\/strong><br>Elsendorf\u00a0\u00a0\u00a0\u00a0\u00a0\u00a0\u00a0\u00a0 <br>11.00 Uhr\u00a0\u00a0\u00a0\u00a0\u00a0\u00a0 T a u f e Hanna Katharina Becker <br><br><strong>Haunsbach\u00a0\u00a0\u00a0\u00a0\u00a0\u00a0 <br>14.00 Uhr\u00a0\u00a0\u00a0\u00a0\u00a0\u00a0 Annafest <br> <\/strong>f\u00fcr + Andreas und Maria Krojer<br> f\u00fcr alle Verstorbenen des Hl.- Anna-Vereins<br> Veve Rauscher und Lene Holzmann f\u00fcr + Andreas und Maria Krojer<br> Hl.-Anna-Verein f\u00fcr + Vereinswirt Erhard Baumeister<br> Familie Agnes Schlemmer f\u00fcr Ehemann und Vater z. Sttg.<br> Josef Thalmair f\u00fcr Mutter z. Sttg. und + Vater<br> Ida Wagner f\u00fcr + Ehemann<br> Berta Baumeister f\u00fcr + Ehemann, Vater und Opa<\/p>\n","protected":false},"excerpt":{"rendered":"<p>wir feiern Gottesdiensts Dienstag, 02.07.\u00a0\u00a0\u00a0\u00a0\u00a0\u00a0\u00a0\u00a0\u00a0\u00a0\u00a0\u00a0\u00a0\u00a0\u00a0\u00a0\u00a0\u00a0\u00a0\u00a0\u00a0\u00a0\u00a0\u00a0\u00a0\u00a0\u00a0 Mari\u00e4 HeimsuchungHorneck\u00a0\u00a0\u00a0\u00a0\u00a0\u00a0\u00a0\u00a0\u00a0\u00a0\u00a0\u00a0\u00a0\u00a0 19.00 Uhr\u00a0\u00a0\u00a0\u00a0\u00a0\u00a0\u00a0\u00a0\u00a0 Leni und Thomas Neubauer f\u00fcr + Verwandte bds. Familie Josef Moser f\u00fcr Eltern, Geschwister und Schw\u00e4ger Franz Brunner f\u00fcr + Ehefrau Mittwoch, 03.07.\u00a0\u00a0\u00a0\u00a0\u00a0\u00a0\u00a0\u00a0\u00a0\u00a0\u00a0\u00a0\u00a0\u00a0\u00a0\u00a0\u00a0\u00a0\u00a0\u00a0\u00a0\u00a0\u00a0\u00a0\u00a0\u00a0\u00a0\u00a0 Hl. Thomas, ApostelElsendorf\u00a0\u00a0\u00a0\u00a0\u00a0\u00a0\u00a0\u00a0\u00a0\u00a0\u00a0\u00a0 18.00 Uhr\u00a0\u00a0\u00a0\u00a0\u00a0\u00a0\u00a0\u00a0\u00a0 Aussegnung Alfons Kirzinger St. Anton\u00a0\u00a0\u00a0\u00a0\u00a0\u00a0\u00a0\u00a0\u00a0\u00a0\u00a0\u00a0\u00a0 19.00 Uhr\u00a0\u00a0\u00a0\u00a0\u00a0\u00a0\u00a0\u00a0\u00a0 Agnes Gabelsberger f\u00fcr + Vater Josef Huber L. Amesreiter f\u00fcr +\u00a0 &hellip; <a href=\"https:\/\/www.pfarrei-elsendorf.de\/content\/gottesdienstordnung-vom-02-07-2019-21-07-2019\/\" class=\"more-link\"><span class=\"screen-reader-text\">Gottesdienstordnung vom 02.07.2019 \u2013 21.07.2019<\/span> weiterlesen <span class=\"meta-nav\">&rarr;<\/span><\/a><\/p>\n","protected":false},"author":1,"featured_media":0,"comment_status":"closed","ping_status":"closed","sticky":false,"template":"","format":"standard","meta":{"footnotes":""},"categories":[1,9],"tags":[],"class_list":["post-550","post","type-post","status-publish","format-standard","hentry","category-allgemein","category-archiv"],"_links":{"self":[{"href":"https:\/\/www.pfarrei-elsendorf.de\/content\/wp-json\/wp\/v2\/posts\/550","targetHints":{"allow":["GET"]}}],"collection":[{"href":"https:\/\/www.pfarrei-elsendorf.de\/content\/wp-json\/wp\/v2\/posts"}],"about":[{"href":"https:\/\/www.pfarrei-elsendorf.de\/content\/wp-json\/wp\/v2\/types\/post"}],"author":[{"embeddable":true,"href":"https:\/\/www.pfarrei-elsendorf.de\/content\/wp-json\/wp\/v2\/users\/1"}],"replies":[{"embeddable":true,"href":"https:\/\/www.pfarrei-elsendorf.de\/content\/wp-json\/wp\/v2\/comments?post=550"}],"version-history":[{"count":1,"href":"https:\/\/www.pfarrei-elsendorf.de\/content\/wp-json\/wp\/v2\/posts\/550\/revisions"}],"predecessor-version":[{"id":551,"href":"https:\/\/www.pfarrei-elsendorf.de\/content\/wp-json\/wp\/v2\/posts\/550\/revisions\/551"}],"wp:attachment":[{"href":"https:\/\/www.pfarrei-elsendorf.de\/content\/wp-json\/wp\/v2\/media?parent=550"}],"wp:term":[{"taxonomy":"category","embeddable":true,"href":"https:\/\/www.pfarrei-elsendorf.de\/content\/wp-json\/wp\/v2\/categories?post=550"},{"taxonomy":"post_tag","embeddable":true,"href":"https:\/\/www.pfarrei-elsendorf.de\/content\/wp-json\/wp\/v2\/tags?post=550"}],"curies":[{"name":"wp","href":"https:\/\/api.w.org\/{rel}","templated":true}]}}